{"id":332732,"date":"2026-01-10T06:08:15","date_gmt":"2026-01-10T06:08:15","guid":{"rendered":"https:\/\/www.europesays.com\/es\/332732\/"},"modified":"2026-01-10T06:08:15","modified_gmt":"2026-01-10T06:08:15","slug":"brasil-donara-100-toneladas-de-medicamentos-a-venezuela","status":"publish","type":"post","link":"https:\/\/www.europesays.com\/es\/332732\/","title":{"rendered":"Brasil donar\u00e1 100 toneladas de medicamentos a Venezuela"},"content":{"rendered":"<p>El Ministerio de Salud de Brasil anunci\u00f3 el jueves (8) el env\u00edo de 100 toneladas de medicamentos y otros suministros de salud a Venezuela. La medida tiene como objetivo apoyar a los venezolanos afectados por la invasi\u00f3n militar de Estados Unidos el pasado s\u00e1bado (3), que result\u00f3 en el secuestro del presidente Nicol\u00e1s Maduro y de su esposa, Cilia Flores.<img decoding=\"async\" src=\"https:\/\/www.europesays.com\/es\/wp-content\/uploads\/2026\/01\/1768025295_195_ebc.png\" style=\"width:1px; height:1px; display:inline;\"\/><img decoding=\"async\" src=\"https:\/\/www.europesays.com\/es\/wp-content\/uploads\/2026\/01\/1768025295_510_ebc.gif\" style=\"width:1px; height:1px; display:inline;\"\/><\/p>\n<p>El ataque en Caracas destruy\u00f3 el principal centro de distribuci\u00f3n de medicamentos del pa\u00eds. Brasil proporcionar\u00e1 inicialmente 40 toneladas de medicamentos para atender prioritariamente a cerca de 16.000 pacientes que requieren tratamiento de hemodi\u00e1lisis y que, de otra forma, no recibir\u00edan atenci\u00f3n.<\/p>\n<p>\u00abEsta donaci\u00f3n no afecta la estructura ni la atenci\u00f3n de los cerca de 170.000 pacientes que actualmente reciben di\u00e1lisis a trav\u00e9s de nuestro sistema de salud p\u00fablica. Tenemos reservas seguras y podemos ser solidarios con el pa\u00eds vecino. No debemos olvidar que, durante la pandemia de covid-19, Venezuela nos proporcion\u00f3 130.000 metros c\u00fabicos de ox\u00edgeno para atender a nuestros ciudadanos, frente a una crisis provocada por la mala gesti\u00f3n del gobierno pasado\u00bb, declar\u00f3 el ministro de Salud, Alexandre Padilha.<\/p>\n<p>Los insumos que se enviar\u00e1n a Venezuela provienen de donaciones de hospitales universitarios y filantr\u00f3picos de todo el pa\u00eds. Son parte de un conjunto estrat\u00e9gico y esencial de materiales. El pa\u00eds vecino, con el que Brasil comparte una frontera de m\u00e1s de mil kil\u00f3metros, recibir\u00e1 medicamentos de uso continuo, filtros, v\u00edas arteriales y venosas, cat\u00e9teres y soluciones para el tratamiento de hemodi\u00e1lisis.<\/p>\n<p>Las 100 toneladas de donaciones se almacenar\u00e1n en el Centro de Distribuci\u00f3n de Suministros y Medicamentos del Ministerio de Salud, en Guarulhos (S\u00e3o Paulo), hasta que se distribuyan por completo.<\/p>\n","protected":false},"excerpt":{"rendered":"El Ministerio de Salud de Brasil anunci\u00f3 el jueves (8) el env\u00edo de 100 toneladas de medicamentos y&hellip;\n","protected":false},"author":2,"featured_media":332733,"comment_status":"","ping_status":"","sticky":false,"template":"","format":"standard","meta":{"footnotes":""},"categories":[42],"tags":[17,18,13,14,11,61,62,63,64,19,20,9,10,15,16,12,21,22,65,66,67],"class_list":{"0":"post-332732","1":"post","2":"type-post","3":"status-publish","4":"format-standard","5":"has-post-thumbnail","7":"category-internacional","8":"tag-breaking-news","9":"tag-breakingnews","10":"tag-featured-news","11":"tag-featurednews","12":"tag-headlines","13":"tag-internacional","14":"tag-international","15":"tag-international-news","16":"tag-internationalnews","17":"tag-latest-news","18":"tag-latestnews","19":"tag-news","20":"tag-noticias","21":"tag-noticias-destacadas","22":"tag-noticiasdestacadas","23":"tag-titulares","24":"tag-ultimas-noticias","25":"tag-ultimasnoticias","26":"tag-world","27":"tag-world-news","28":"tag-worldnews"},"share_on_mastodon":{"url":"https:\/\/pubeurope.com\/@es\/115869312866403361","error":""},"_links":{"self":[{"href":"https:\/\/www.europesays.com\/es\/wp-json\/wp\/v2\/posts\/332732","targetHints":{"allow":["GET"]}}],"collection":[{"href":"https:\/\/www.europesays.com\/es\/wp-json\/wp\/v2\/posts"}],"about":[{"href":"https:\/\/www.europesays.com\/es\/wp-json\/wp\/v2\/types\/post"}],"author":[{"embeddable":true,"href":"https:\/\/www.europesays.com\/es\/wp-json\/wp\/v2\/users\/2"}],"replies":[{"embeddable":true,"href":"https:\/\/www.europesays.com\/es\/wp-json\/wp\/v2\/comments?post=332732"}],"version-history":[{"count":0,"href":"https:\/\/www.europesays.com\/es\/wp-json\/wp\/v2\/posts\/332732\/revisions"}],"wp:featuredmedia":[{"embeddable":true,"href":"https:\/\/www.europesays.com\/es\/wp-json\/wp\/v2\/media\/332733"}],"wp:attachment":[{"href":"https:\/\/www.europesays.com\/es\/wp-json\/wp\/v2\/media?parent=332732"}],"wp:term":[{"taxonomy":"category","embeddable":true,"href":"https:\/\/www.europesays.com\/es\/wp-json\/wp\/v2\/categories?post=332732"},{"taxonomy":"post_tag","embeddable":true,"href":"https:\/\/www.europesays.com\/es\/wp-json\/wp\/v2\/tags?post=332732"}],"curies":[{"name":"wp","href":"https:\/\/api.w.org\/{rel}","templated":true}]}}