{"id":332746,"date":"2026-01-10T06:25:09","date_gmt":"2026-01-10T06:25:09","guid":{"rendered":"https:\/\/www.europesays.com\/es\/332746\/"},"modified":"2026-01-10T06:25:09","modified_gmt":"2026-01-10T06:25:09","slug":"la-pelicula-belica-de-la-ii-guerra-mundial-que-ya-arrasa","status":"publish","type":"post","link":"https:\/\/www.europesays.com\/es\/332746\/","title":{"rendered":"la pel\u00edcula b\u00e9lica de la II Guerra Mundial que ya arrasa"},"content":{"rendered":"\n<ul class=\"bodyList bodyList--unordered\">\n<li class=\"bodyList__item\"><a href=\"https:\/\/www.elconfidencial.com\/cultura\/cine\/2026-01-08\/pelicula-ciberpunk-ciencia-ficcion-movistar-plus-1qrt_4280030\/\" target=\"_self\" rel=\"nofollow noopener\">La pel\u00edcula &#8216;ciberpunk&#8217; de ciencia ficci\u00f3n que tienes que ver en Movistar Plus+: mezcla animaci\u00f3n digital con &#8216;live-action&#8217;<\/a><\/li>\n<li class=\"bodyList__item\"><a href=\"https:\/\/www.elconfidencial.com\/cultura\/2026-01-09\/quedan-3-dias-para-ver-movistar-plus-clasico-culto-ganador-dos-oscar-1qrt_4280593\" target=\"_self\" rel=\"nofollow noopener\">Solo quedan tres d\u00edas para verla: se marcha de Movistar Plus+ el cl\u00e1sico ganador de dos Oscar que no te puedes perder<\/a><\/li>\n<\/ul>\n<p> Las <strong>pel\u00edculas b\u00e9licas <\/strong>llevan a\u00f1os viviendo una segunda juventud gracias a las plataformas de streaming. Algunas como Prime Video han sabido detectar el inter\u00e9s constante del p\u00fablico por las <strong>historias ambientadas en la Segunda Guerra Mundial,<\/strong> combinando grandes producciones internacionales con t\u00edtulos europeos menos conocidos, pero igual de potentes. El resultado es un cat\u00e1logo cada vez <a href=\"https:\/\/www.elconfidencial.com\/cultura\/cine\/2026-01-09\/netflix-espana-pelicula-mas-vista-luis-callejo-1qrt_4279951\/\" target=\"_self\" rel=\"nofollow noopener\">m\u00e1s atractivo<\/a> para los amantes del cine hist\u00f3rico, con propuestas que van desde el espect\u00e1culo m\u00e1s cl\u00e1sico hasta relatos mucho m\u00e1s introspectivos. <\/p>\n<p> En ese contexto, Prime Video ha vuelto a acertar al incorporar a su oferta una pel\u00edcula que ya hab\u00eda despertado inter\u00e9s <strong>tras su paso por los cines en Alemania.<\/strong> No se trata de una superproducci\u00f3n al uso ni de un film centrado \u00fanicamente en las batallas, sino de una obra que apuesta por el drama psicol\u00f3gico. Una historia ambientada e<strong>n uno de los escenarios m\u00e1s duros de la contienda <\/strong>y que demuestra que el g\u00e9nero b\u00e9lico sigue teniendo mucho que decir cuando se aborda desde otros \u00e1ngulos. La pel\u00edcula en cuesti\u00f3n es Der Tiger, conocida en Espa\u00f1a como <strong>El tanque.<\/strong> <\/p>\n<p> Dirigida por Dennis Gansel, cineasta con experiencia en relatos inc\u00f3modos, la pel\u00edcula sit\u00faa la acci\u00f3n en el Frente Oriental en 1943. La trama sigue a<strong> cinco soldados alemanes encerrados en el interior de un tanque Tiger<\/strong> durante una misi\u00f3n secreta tras las l\u00edneas enemigas. Desde el primer momento queda claro que el verdadero conflicto no est\u00e1 solo fuera del blindado, sino dentro: el miedo, la presi\u00f3n constante y la p\u00e9rdida progresiva de referencias convierten el viaje en una aut\u00e9ntica pesadilla psicol\u00f3gica. <\/p>\n<p> Uno de los grandes aciertos de la pel\u00edcula es su puesta en escena. El espectador comparte el encierro con los protagonistas, <strong>atrapado en un espacio reducido, <\/strong>oscuro y asfixiante. La c\u00e1mara se mueve con nervio, pero sin recurrir al exceso, y refuerza esa sensaci\u00f3n de claustrofobia que termina siendo clave para entender el deterioro mental de los personajes.  <\/p>\n<p>              <img decoding=\"async\" class=\"inTextNews__img\" alt=\"Foto: el-tanque-cine-guerra-alemana-1hms\" src=\"https:\/\/www.europesays.com\/es\/wp-content\/uploads\/2026\/01\/f.elconfidencial.com\/original\/15f\/858\/dab\/15f858dab06136748aaac9cdfb7412bd.jpg\"  \/>     <\/p>\n<p>TE PUEDE INTERESAR<\/p>\n<p>      <a class=\"inTextNews__title\" href=\"https:\/\/www.elconfidencial.com\/cultura\/2026-01-09\/el-tanque-cine-guerra-alemana-1hms_4279500\/\" onclick=\"window.ECCO.emit(&#039;amplitude&#039;, { dataEventName: &#039;click_related_article_module&#039;, data: { related_article_url: &#039;https:\/\/www.elconfidencial.com\/cultura\/2026-01-09\/el-tanque-cine-guerra-alemana-1hms_4279500\/&#039;, related_article_author: &#039;Alberto Olmos&#039;, related_article_section: &#039;cultura&#039; } })\" rel=\"nofollow noopener\" target=\"_blank\"> &#8216;El tanque&#8217;: No hay balas para todos <\/a>   <\/p>\n<p>    Alberto Olmos   <\/p>\n<p> El reparto, encabezado por <strong>David Sch\u00fctter, Laurence Rupp y Leonard Kunz, <\/strong>sostiene con solvencia un guion que exige mucho m\u00e1s que acci\u00f3n. Sus personajes no son h\u00e9roes tradicionales, sino hombres j\u00f3venes enfrentados a decisiones que los superan. La pel\u00edcula <strong>no busca justificar ni glorificar, <\/strong>sino mostrar c\u00f3mo la maquinaria b\u00e9lica devora a quienes forman parte de ella, independientemente del bando. <\/p>\n<p> Otro elemento que a\u00f1ade capas al relato es<strong> la referencia al uso de drogas estimulantes entre los soldados alemanes, <\/strong>una pr\u00e1ctica hist\u00f3rica que aqu\u00ed se utiliza para subrayar la p\u00e9rdida de control y la confusi\u00f3n moral. Este detalle, tratado sin morbo, intensifica el tono inquietante de la historia y contribuye a ese descenso progresivo hacia el caos que marca el desarrollo de la pel\u00edcula. <\/p>\n<p> Con esta incorporaci\u00f3n, la plataforma <strong>refuerza su apuesta por el cine b\u00e9lico de calidad <\/strong>y ofrece a los espectadores una joya poco convencional que demuestra que todav\u00eda se pueden contar nuevas historias sobre la Segunda Guerra Mundial sin caer en lo de siempre. Una pel\u00edcula intensa, oscura y muy recomendable para quienes buscan algo m\u00e1s que simple acci\u00f3n. <\/p>\n","protected":false},"excerpt":{"rendered":"La pel\u00edcula &#8216;ciberpunk&#8217; de ciencia ficci\u00f3n que tienes que ver en Movistar Plus+: mezcla animaci\u00f3n digital con &#8216;live-action&#8217;&hellip;\n","protected":false},"author":2,"featured_media":332747,"comment_status":"","ping_status":"","sticky":false,"template":"","format":"standard","meta":{"footnotes":""},"categories":[169],"tags":[177,146,147,25,24,176,175,23],"class_list":{"0":"post-332746","1":"post","2":"type-post","3":"status-publish","4":"format-standard","5":"has-post-thumbnail","7":"category-cine","8":"tag-cine","9":"tag-entertainment","10":"tag-entretenimiento","11":"tag-es","12":"tag-espana","13":"tag-film","14":"tag-movies","15":"tag-spain"},"share_on_mastodon":{"url":"https:\/\/pubeurope.com\/@es\/115869379691589136","error":""},"_links":{"self":[{"href":"https:\/\/www.europesays.com\/es\/wp-json\/wp\/v2\/posts\/332746","targetHints":{"allow":["GET"]}}],"collection":[{"href":"https:\/\/www.europesays.com\/es\/wp-json\/wp\/v2\/posts"}],"about":[{"href":"https:\/\/www.europesays.com\/es\/wp-json\/wp\/v2\/types\/post"}],"author":[{"embeddable":true,"href":"https:\/\/www.europesays.com\/es\/wp-json\/wp\/v2\/users\/2"}],"replies":[{"embeddable":true,"href":"https:\/\/www.europesays.com\/es\/wp-json\/wp\/v2\/comments?post=332746"}],"version-history":[{"count":0,"href":"https:\/\/www.europesays.com\/es\/wp-json\/wp\/v2\/posts\/332746\/revisions"}],"wp:featuredmedia":[{"embeddable":true,"href":"https:\/\/www.europesays.com\/es\/wp-json\/wp\/v2\/media\/332747"}],"wp:attachment":[{"href":"https:\/\/www.europesays.com\/es\/wp-json\/wp\/v2\/media?parent=332746"}],"wp:term":[{"taxonomy":"category","embeddable":true,"href":"https:\/\/www.europesays.com\/es\/wp-json\/wp\/v2\/categories?post=332746"},{"taxonomy":"post_tag","embeddable":true,"href":"https:\/\/www.europesays.com\/es\/wp-json\/wp\/v2\/tags?post=332746"}],"curies":[{"name":"wp","href":"https:\/\/api.w.org\/{rel}","templated":true}]}}