{"id":332752,"date":"2026-01-10T06:28:32","date_gmt":"2026-01-10T06:28:32","guid":{"rendered":"https:\/\/www.europesays.com\/es\/332752\/"},"modified":"2026-01-10T06:28:32","modified_gmt":"2026-01-10T06:28:32","slug":"el-lakecia-benjamin-quartet-protagoniza-una-nueva-cita-de-campus-jazz-cadiz-en-el-gran-teatro-falla-portal-uca","status":"publish","type":"post","link":"https:\/\/www.europesays.com\/es\/332752\/","title":{"rendered":"El Lakecia Benjamin Quartet protagoniza una nueva cita de Campus Jazz C\u00e1diz en el Gran Teatro Falla \u2013 Portal UCA"},"content":{"rendered":"<p style=\"text-align: center;\"><strong>La reconocida saxofonista neoyorquina actuar\u00e1 el 28 de mayo en una nueva propuesta del ciclo impulsado por el Servicio de Extensi\u00f3n Universitaria de la Universidad de C\u00e1diz<\/strong><\/p>\n<p>La Universidad de C\u00e1diz contin\u00faa su compromiso con la difusi\u00f3n del jazz contempor\u00e1neo a trav\u00e9s de una nueva cita del ciclo Campus Jazz C\u00e1diz en la que el <strong>Lakecia Benjamin Quartet<\/strong> asumir\u00e1 el protagonismo sobre el escenario del <strong>Gran Teatro Falla<\/strong>. La saxofonista y compositora neoyorquina y su cuarteto ofrecer\u00e1n un concierto el <strong>jueves 28 de mayo de 2026 a las 20.00 horas<\/strong>, en un espect\u00e1culo que forma parte de la programaci\u00f3n cultural promovida desde el <strong>Servicio de Extensi\u00f3n Universitaria del Vicerrectorado de Sostenibilidad y Cultura de la UCA<\/strong>, en colaboraci\u00f3n con el Ayuntamiento de C\u00e1diz y otras instituciones vinculadas al impulso de actividades musicales en la ciudad.<\/p>\n<p>Lakecia Benjamin, reconocida internacionalmente por su energ\u00eda en el escenario y su capacidad para fusionar elementos del jazz con funk, rhythm and blues, hip hop y ritmos afrolatinos, se presenta en C\u00e1diz con un repertorio que promete conectar con p\u00fablicos diversos, tanto aficionados al jazz como con quienes buscan experiencias musicales innovadoras. Su trayectoria la ha situado como una de las figuras m\u00e1s vibrantes de la escena jazz\u00edstica actual, alabada por la cr\u00edtica y por las audiencias en festivales internacionales.<\/p>\n<p>El Lakecia Benjamin Quartet es una formaci\u00f3n que destaca por su versatilidad y dinamismo, y su concierto en el marco de Campus Jazz C\u00e1diz es una apuesta por ampliar los horizontes del programa hacia expresiones m\u00e1s contempor\u00e1neas y heterog\u00e9neas del g\u00e9nero.<\/p>\n<p>Las entradas para esta actuaci\u00f3n est\u00e1n disponibles a trav\u00e9s de los canales habituales de venta anticipada, permitiendo al p\u00fablico asegurar su asistencia a esta propuesta musical de alto nivel. La taquilla del Gran Teatro Falla abre de martes a viernes, en horario de 10.30 a 13.30 horas y de 17.30 a 20.00 horas, mientras que los s\u00e1bados, domingos, lunes y festivos permanece operativa desde una hora antes del inicio del espect\u00e1culo y hasta su comienzo. La taquilla permanecer\u00e1 cerrada durante la semana oficial de Carnaval y la Semana Santa. Por otro lado, las entradas pueden adquirirse de manera online a trav\u00e9s de la plataforma <a href=\"https:\/\/www.bacantix.com\/aytocadiz\" rel=\"nofollow noopener\" target=\"_blank\">Bacantix<\/a>, con pago mediante tarjeta de cr\u00e9dito, opci\u00f3n de impresi\u00f3n en casa o recogida en taquilla, y servicio disponible las 24 horas en la web.<\/p>\n<p>Con esta programaci\u00f3n, la Universidad de C\u00e1diz reafirma su papel como plataforma de creaci\u00f3n y difusi\u00f3n cultural, promoviendo actividades que fomentan el di\u00e1logo entre artistas de renombre internacional y la comunidad universitaria y ciudadana. El ciclo Campus Jazz se ha consolidado como uno de los referentes de la m\u00fasica en vivo en la provincia, combinando calidad art\u00edstica con un planteamiento accesible para distintos p\u00fablicos.<\/p>\n","protected":false},"excerpt":{"rendered":"La reconocida saxofonista neoyorquina actuar\u00e1 el 28 de mayo en una nueva propuesta del ciclo impulsado por el&hellip;\n","protected":false},"author":2,"featured_media":332753,"comment_status":"","ping_status":"","sticky":false,"template":"","format":"standard","meta":{"footnotes":""},"categories":[91],"tags":[146,147,25,24,23],"class_list":{"0":"post-332752","1":"post","2":"type-post","3":"status-publish","4":"format-standard","5":"has-post-thumbnail","7":"category-entretenimiento","8":"tag-entertainment","9":"tag-entretenimiento","10":"tag-es","11":"tag-espana","12":"tag-spain"},"share_on_mastodon":{"url":"https:\/\/pubeurope.com\/@es\/115869391616150569","error":""},"_links":{"self":[{"href":"https:\/\/www.europesays.com\/es\/wp-json\/wp\/v2\/posts\/332752","targetHints":{"allow":["GET"]}}],"collection":[{"href":"https:\/\/www.europesays.com\/es\/wp-json\/wp\/v2\/posts"}],"about":[{"href":"https:\/\/www.europesays.com\/es\/wp-json\/wp\/v2\/types\/post"}],"author":[{"embeddable":true,"href":"https:\/\/www.europesays.com\/es\/wp-json\/wp\/v2\/users\/2"}],"replies":[{"embeddable":true,"href":"https:\/\/www.europesays.com\/es\/wp-json\/wp\/v2\/comments?post=332752"}],"version-history":[{"count":0,"href":"https:\/\/www.europesays.com\/es\/wp-json\/wp\/v2\/posts\/332752\/revisions"}],"wp:featuredmedia":[{"embeddable":true,"href":"https:\/\/www.europesays.com\/es\/wp-json\/wp\/v2\/media\/332753"}],"wp:attachment":[{"href":"https:\/\/www.europesays.com\/es\/wp-json\/wp\/v2\/media?parent=332752"}],"wp:term":[{"taxonomy":"category","embeddable":true,"href":"https:\/\/www.europesays.com\/es\/wp-json\/wp\/v2\/categories?post=332752"},{"taxonomy":"post_tag","embeddable":true,"href":"https:\/\/www.europesays.com\/es\/wp-json\/wp\/v2\/tags?post=332752"}],"curies":[{"name":"wp","href":"https:\/\/api.w.org\/{rel}","templated":true}]}}