{"id":332754,"date":"2026-01-10T06:29:13","date_gmt":"2026-01-10T06:29:13","guid":{"rendered":"https:\/\/www.europesays.com\/es\/332754\/"},"modified":"2026-01-10T06:29:13","modified_gmt":"2026-01-10T06:29:13","slug":"lo-nuevo-de-satechi-es-un-hub-magnetico-con-un-diseno-impecable","status":"publish","type":"post","link":"https:\/\/www.europesays.com\/es\/332754\/","title":{"rendered":"lo nuevo de Satechi es un hub magn\u00e9tico con un dise\u00f1o impecable"},"content":{"rendered":"<p>A poco que queramos conectar unos cuantos accesorios a un MacBook es posible que nos veamos enredados en cables (al menos si no son inal\u00e1mbricos). Muchas marcas van sacando hubs para que podamos evitar tanto l\u00edo de cable, y <strong>lo nuevo de Satechi es de los m\u00e1s atractivos<\/strong>. Se ha lanzado por <a rel=\"nofollow, sponsored, noopener, noreferrer\" target=\"_blank\" class=\"js-ecommerce\" id=\"link-ecommerce-1\" href=\"https:\/\/www.applesfera.com\/redirect?url=https%3A%2F%2Fwww.amazon.es%2Fdp%2FB0FWR19DW7&amp;category=seleccion&amp;ecomPostExpiration=perish&amp;postId=168054\" data-vars-affiliate-url=\"https:\/\/www.amazon.es\/dp\/B0FWR19DW7\">59,99 euros<\/a> y ya est\u00e1 disponible en Amazon.<\/p>\n<p> <a rel=\"nofollow, sponsored, noopener, noreferrer\" target=\"_blank\" href=\"https:\/\/www.applesfera.com\/redirect?site=applesfera&amp;url=https%3A%2F%2Fwww.amazon.es%2Fdp%2FB0FWR19DW7%3Ftag%3Dapplesfera-21%26linkCode%3Dogi%26th%3D1%26psc%3D1&amp;affiliate_id=&amp;ecomPostExpiration=perish&amp;postId=168054\"><br \/>\n     <img loading=\"lazy\" decoding=\"async\" src=\"https:\/\/i.blogs.es\/e57ee1\/41bnjvbgqxl._sl500_\/original.webp\" onerror=\"this.src=\" https:=\"\" false=\"\" alt=\"Satechi On the Go 7 en 1\" width=\"500\" height=\"500\"\/><br \/>\n   <\/a><\/p>\n<p>El precio podr\u00eda variar. Obtenemos comisi\u00f3n por estos enlaces<\/p>\n<p>Un hub 7 en 1 compatible con MagSafe<\/p>\n<p>                    <a rel=\"nofollow, sponsored, noopener, noreferrer\" target=\"_blank\" class=\"js-ecommerce\" id=\"link-ecommerce-2\" href=\"https:\/\/www.applesfera.com\/redirect?url=https%3A%2F%2Fwww.amazon.es%2Fdp%2FB0FWR19DW7&amp;category=seleccion&amp;ecomPostExpiration=perish&amp;postId=168054\" data-vars-affiliate-url=\"https:\/\/www.amazon.es\/dp\/B0FWR19DW7\"><br \/>\n         <img class=\"centro_sinmarco\" height=\"900\" width=\"1600\" loading=\"lazy\" decoding=\"async\"  fetchpriority=\"high\"  src=\"https:\/\/i.blogs.es\/159ff3\/amazon\/450_1000.webp\" alt=\"Amazon\" onerror=\"this.src=\" https:=\"\" false=\"\"\/><\/p>\n<p>     <\/a><\/p>\n<p>El Satechi On the Go 7 en 1 es un hub que <strong>incorpora un total de siete entradas<\/strong>: dos puertos USB-A de hasta 5 Gbps, un Ethernet de 1 gigabit, un HDMI hasta 4K a 60 Hz y una para tarjetas SD y otra para microSD de hasta 2 TB. Lo cierto es que resulta pr\u00e1ctico por el n\u00famero de puertos, pero sobre todo por su formato.<\/p>\n<p>Hablamos de un accesorio muy peque\u00f1o que se conecta por cable USB-C al MacBook. Lo pr\u00e1ctico, m\u00e1s all\u00e1 de sus diferentes puertos, es que cuenta con <strong>ajuste magn\u00e9tico a trav\u00e9s de un anillo magn\u00e9tico adhesivo<\/strong>, lo que permite que se pueda colocar en el ordenador de Apple para que no ocupe espacio en el escritorio.<\/p>\n<p>Por otro lado, el Satechi On the Go 7 en 1 <strong>tambi\u00e9n es compatible con MagSafe<\/strong> (sin necesidad del adhesivo), lo que permite que se pueda utilizar en otros dispositivos como <a class=\"text-outboundlink\" href=\"https:\/\/www.applesfera.com\/seleccion\/que-iphone-comprar-2020-guia-para-elegir-smartphone-apple-adecuado-para-ti\" data-vars-post-title=\"Qu\u00e9 iPhone comprar en 2025. Gu\u00eda para elegir el smartphone de Apple m\u00e1s adecuado para ti\" data-vars-post-url=\"https:\/\/www.applesfera.com\/seleccion\/que-iphone-comprar-2020-guia-para-elegir-smartphone-apple-adecuado-para-ti\" rel=\"nofollow noopener\" target=\"_blank\">iPhone<\/a> o <a class=\"text-outboundlink\" href=\"https:\/\/www.applesfera.com\/seleccion\/que-ipad-comprar-todas-tabletas-catalogo-apple-sus-prestaciones-consejos\" data-vars-post-title=\"Qu\u00e9 iPad comprar (2025). Todas las tabletas del cat\u00e1logo de Apple, sus prestaciones y consejos\" data-vars-post-url=\"https:\/\/www.applesfera.com\/seleccion\/que-ipad-comprar-todas-tabletas-catalogo-apple-sus-prestaciones-consejos\" rel=\"nofollow noopener\" target=\"_blank\">iPad<\/a>. Adem\u00e1s, es un accesorio ideal para tener en casa o llevarlo donde queramos, ya que tiene unas dimensiones de 6,48 x 6,48 x 2,67 cm, tiene un peso de tan s\u00f3lo 68,1 gramos y su cable se puede enrollar para evitar que quede suelto.<\/p>\n<p>    <a href=\"https:\/\/www.compradiccion.com\/electrodomesticos-y-hogar\/viernes-9-enero-llega-a-lidl-radiador-barato-potente-que-conserva-calor-mucho-tiempo\" class=\"pivot-outboundlink\" target=\"_blank\" data-vars-post-title=\"Hoy viernes, 9 de enero, llega a Lidl el radiador barato pero potente que conserva el calor mucho m\u00e1s tiempo\" rel=\"nofollow noopener\"><br \/>\n     <img loading=\"lazy\" decoding=\"async\" alt=\"Hoy viernes, 9 de enero, llega a Lidl el radiador barato pero potente que conserva el calor mucho m\u00e1s tiempo\" width=\"375\" height=\"142\" src=\"https:\/\/i.blogs.es\/aabcc3\/lidl3\/375_142.webp\" onerror=\"this.src=\" https:=\"\"\/><br \/>\n    <\/a><\/p>\n<p>Tambi\u00e9n te puede interesar<\/p>\n<p> <a rel=\"nofollow, sponsored, noopener, noreferrer\" target=\"_blank\" href=\"https:\/\/www.applesfera.com\/redirect?site=applesfera&amp;url=https%3A%2F%2Fwww.amazon.es%2Fdp%2FB091B4SWR7%3Ftag%3Dapplesfera-21%26linkCode%3Dogi%26th%3D1%26psc%3D1&amp;affiliate_id=&amp;ecomPostExpiration=perish&amp;postId=168054\"><br \/>\n     <img loading=\"lazy\" decoding=\"async\" src=\"https:\/\/i.blogs.es\/93f050\/41chrjk-ual._sl500_\/original.webp\" onerror=\"this.src=\" https:=\"\" false=\"\" alt=\"UGREEN Soporte Vertical para Computadora Port\u00e1til 15,6&quot;, Elevador Laptop Stand de Aluminio Ajustable 12-25mm Compatible con MacBook Pro\/Air, Matebook, HP, iPad Gris\" width=\"500\" height=\"500\"\/><br \/>\n   <\/a><\/p>\n<p class=\"pivot-ecommerce-desc\">UGREEN Soporte Vertical para Computadora Port\u00e1til 15,6&#8243;, Elevador Laptop Stand de Aluminio Ajustable 12-25mm Compatible con MacBook Pro\/Air, Matebook, HP, iPad Gris<\/p>\n<p>El precio podr\u00eda variar. Obtenemos comisi\u00f3n por estos enlaces<\/p>\n<p> <a rel=\"nofollow, sponsored, noopener, noreferrer\" target=\"_blank\" href=\"https:\/\/www.applesfera.com\/redirect?site=applesfera&amp;url=https%3A%2F%2Fwww.amazon.es%2Fdp%2FB07K6YFW7X%3Ftag%3Dapplesfera-21%26linkCode%3Dogi%26th%3D1%26psc%3D1&amp;affiliate_id=&amp;ecomPostExpiration=perish&amp;postId=168054\"><br \/>\n     <img loading=\"lazy\" decoding=\"async\" src=\"https:\/\/i.blogs.es\/f0f188\/41wlmplnhzl._sl500_\/original.webp\" onerror=\"this.src=\" https:=\"\" false=\"\" alt=\"SATECHI 4 en 1 Adaptador Port\u00e1til Pro Hub USB C con HDMI 4K@60Hz, Carga PD 60W, Puerto de Audio 3,5 mm y USB-A 3.0 para iPad \u2013 Dise\u00f1ado para iPad Pro 2018 y posteriores \u2013 Gris Espacial\" width=\"500\" height=\"500\"\/><br \/>\n   <\/a><\/p>\n<p class=\"pivot-ecommerce-desc\">SATECHI 4 en 1 Adaptador Port\u00e1til Pro Hub USB C con HDMI 4K@60Hz, Carga PD 60W, Puerto de Audio 3,5 mm y USB-A 3.0 para iPad \u2013 Dise\u00f1ado para iPad Pro 2018 y posteriores \u2013 Gris Espacial<\/p>\n<p>El precio podr\u00eda variar. Obtenemos comisi\u00f3n por estos enlaces<\/p>\n<p>Algunos de los enlaces de este art\u00edculo son afiliados y pueden reportar un beneficio econ\u00f3mico a Applesfera. En caso de no disponibilidad, las ofertas pueden variar.<\/p>\n<p>Im\u00e1genes |\u00a0Satechi<\/p>\n<p>En Applesfera |\u00a0<a class=\"text-outboundlink\" href=\"https:\/\/www.applesfera.com\/seleccion\/que-mac-comprar-2020-guia-para-elegir-ordenador-apple-que-se-ajusta-a-tus-necesidades\" data-vars-post-title=\"Qu\u00e9 Mac comprar en 2025. Gu\u00eda para elegir el ordenador de Apple que m\u00e1s se ajusta a tus necesidades\" data-vars-post-url=\"https:\/\/www.applesfera.com\/seleccion\/que-mac-comprar-2020-guia-para-elegir-ordenador-apple-que-se-ajusta-a-tus-necesidades\" rel=\"nofollow noopener\" target=\"_blank\">Qu\u00e9 Mac comprar. Gu\u00eda para elegir el ordenador de Apple que m\u00e1s se ajusta a tus necesidades<\/a><\/p>\n<p>En Applesfera |\u00a0<a class=\"text-outboundlink\" href=\"https:\/\/www.applesfera.com\/seleccion\/te-han-regalado-mac-cinco-accesorios-imprescindibles-para-sacarle-provecho-a-tu-nuevo-ordenador\" data-vars-post-title=\"\u00bfTe han regalado un Mac? Cinco accesorios imprescindibles para sacarle m\u00e1s provecho a tu nuevo ordenador \" data-vars-post-url=\"https:\/\/www.applesfera.com\/seleccion\/te-han-regalado-mac-cinco-accesorios-imprescindibles-para-sacarle-provecho-a-tu-nuevo-ordenador\" rel=\"nofollow noopener\" target=\"_blank\">\u00bfTe han regalado un Mac? Cinco accesorios imprescindibles para sacarle m\u00e1s provecho a tu nuevo ordenador<\/a><\/p>\n","protected":false},"excerpt":{"rendered":"A poco que queramos conectar unos cuantos accesorios a un MacBook es posible que nos veamos enredados en&hellip;\n","protected":false},"author":2,"featured_media":332755,"comment_status":"","ping_status":"","sticky":false,"template":"","format":"standard","meta":{"footnotes":""},"categories":[81],"tags":[119,123,124,25,24,117,121,122,23,118,120],"class_list":{"0":"post-332754","1":"post","2":"type-post","3":"status-publish","4":"format-standard","5":"has-post-thumbnail","7":"category-ciencia-y-tecnologia","8":"tag-ciencia","9":"tag-ciencia-y-tecnologia","10":"tag-cienciaytecnologia","11":"tag-es","12":"tag-espana","13":"tag-science","14":"tag-science-and-technology","15":"tag-scienceandtechnology","16":"tag-spain","17":"tag-technology","18":"tag-tecnologia"},"share_on_mastodon":{"url":"https:\/\/pubeurope.com\/@es\/115869395678794320","error":""},"_links":{"self":[{"href":"https:\/\/www.europesays.com\/es\/wp-json\/wp\/v2\/posts\/332754","targetHints":{"allow":["GET"]}}],"collection":[{"href":"https:\/\/www.europesays.com\/es\/wp-json\/wp\/v2\/posts"}],"about":[{"href":"https:\/\/www.europesays.com\/es\/wp-json\/wp\/v2\/types\/post"}],"author":[{"embeddable":true,"href":"https:\/\/www.europesays.com\/es\/wp-json\/wp\/v2\/users\/2"}],"replies":[{"embeddable":true,"href":"https:\/\/www.europesays.com\/es\/wp-json\/wp\/v2\/comments?post=332754"}],"version-history":[{"count":0,"href":"https:\/\/www.europesays.com\/es\/wp-json\/wp\/v2\/posts\/332754\/revisions"}],"wp:featuredmedia":[{"embeddable":true,"href":"https:\/\/www.europesays.com\/es\/wp-json\/wp\/v2\/media\/332755"}],"wp:attachment":[{"href":"https:\/\/www.europesays.com\/es\/wp-json\/wp\/v2\/media?parent=332754"}],"wp:term":[{"taxonomy":"category","embeddable":true,"href":"https:\/\/www.europesays.com\/es\/wp-json\/wp\/v2\/categories?post=332754"},{"taxonomy":"post_tag","embeddable":true,"href":"https:\/\/www.europesays.com\/es\/wp-json\/wp\/v2\/tags?post=332754"}],"curies":[{"name":"wp","href":"https:\/\/api.w.org\/{rel}","templated":true}]}}