{"id":332784,"date":"2026-01-10T06:54:13","date_gmt":"2026-01-10T06:54:13","guid":{"rendered":"https:\/\/www.europesays.com\/es\/332784\/"},"modified":"2026-01-10T06:54:13","modified_gmt":"2026-01-10T06:54:13","slug":"protesta-en-rio-evoca-el-8-de-enero-y-rechaza-amnistia-a-golpistas","status":"publish","type":"post","link":"https:\/\/www.europesays.com\/es\/332784\/","title":{"rendered":"Protesta en R\u00edo evoca el 8 de enero y rechaza amnist\u00eda a golpistas"},"content":{"rendered":"<p>El jueves (8), centrales sindicales y movimientos sociales organizaron una manifestaci\u00f3n en defensa de la democracia en Cinel\u00e2ndia, en el centro de R\u00edo de Janeiro. La movilizaci\u00f3n conmemor\u00f3 tres a\u00f1os desde los atentados del 8 de enero de 2023, que marc\u00f3 un punto culminante del intento de golpe juzgado por el Supremo Tribunal Federal de Brasil (STF). En esa fecha, simpatizantes del entonces expresidente Jair Bolsonaro invadieron y depredaron el Congreso, el Palacio de Planalto y la sede del STF en Brasilia.<img decoding=\"async\" src=\"https:\/\/www.europesays.com\/es\/wp-content\/uploads\/2026\/01\/1768028053_507_ebc.png\" style=\"width:1px; height:1px; display:inline;\"\/><img decoding=\"async\" src=\"https:\/\/www.europesays.com\/es\/wp-content\/uploads\/2026\/01\/1768028053_103_ebc.gif\" style=\"width:1px; height:1px; display:inline;\"\/><\/p>\n<p>Para Sandro C\u00e9sar, presidente de la Central \u00danica de los Trabajadores del Estado de R\u00edo de Janeiro, la fecha simboliza la necesidad de estar siempre alerta. \u00abEste acto representa otro a\u00f1o de la inaceptable maniobra de los golpistas en Brasil para socavar la democracia y derrocar el Estado democr\u00e1tico de derecho. Algo que cre\u00edamos superado ha vuelto a ocurrir en Brasil\u00bb, afirm\u00f3, destacando tambi\u00e9n la importancia de las condenas como ejemplo hist\u00f3rico.<\/p>\n<p>\u00abUn expresidente encarcelado, generales golpistas encarcelados y los implicados en el golpe encarcelados. Esto debe suceder cuando se viola la Constituci\u00f3n del pa\u00eds degrad\u00e1ndola, y se quebrantan el pacto constitucional, republicano y democr\u00e1tico de Brasil. Es una lecci\u00f3n importante para que las generaciones futuras no intenten repetir algo similar\u00bb, a\u00f1adi\u00f3 Sandro C\u00e9sar.<\/p>\n<p>Por su parte, Jos\u00e9 Ferreira, presidente del Sindicato de Trabajadores Bancarios de R\u00edo de Janeiro, critic\u00f3 cualquier intento de indultar a los involucrados.<\/p>\n<p>\u00abNo podemos aceptar una amnist\u00eda para los golpistas, ni esta estrategia que pretenden disfrazar como dosimetr\u00eda, que no es m\u00e1s que una amnist\u00eda gen\u00e9rica. Lula vet\u00f3 el proyecto, pero volver\u00e1 al Congreso y debemos estar en las calles para presionar al parlamento contra este beneficio para quienes quieren socavar la democracia\u00bb, dijo Ferreira.<\/p>\n<p>Jo\u00e3o Pedro, militante del movimiento juvenil Juntos (antifascista, anticapitalista y ecosocialista) y del Partido Socialismo y Libertad, destac\u00f3 la importancia de la movilizaci\u00f3n constante.<\/p>\n<p>\u00abEn esta fecha significativa, recordamos la necesidad de permanecer movilizados y alertas ante los constantes ataques de la extrema derecha que hemos estado sufriendo\u00bb, declar\u00f3 el militante, quien tambi\u00e9n considera esencial resistir y presentar una alternativa a la crisis. \u00abDebemos demostrar que es posible construir otra sociedad y superar las limitaciones que actualmente nos imponen\u00bb, dijo.<\/p>\n<p>8 de enero<\/p>\n<p>Hace tres a\u00f1os, miles de manifestantes marcharon por la Explanada de los Ministerios, rompieron los bloqueos policiales y atacaron las sedes de los tres poderes del Estado, exigiendo el derrocamiento del presidente Luiz In\u00e1cio Lula da Silva, quien hab\u00eda sido elegido democr\u00e1ticamente y hab\u00eda asumido su cargo apenas una semana antes.<\/p>\n<p>Tres a\u00f1os despu\u00e9s, la m\u00e1xima corte conden\u00f3 a 1.399 personas implicadas en el golpe. Los datos fueron actualizados el lunes (8) por la oficina del juez Alexandre de Moraes, relator de los casos. Seg\u00fan el balance, 179 personas est\u00e1n en prisi\u00f3n, 114 de ellas en r\u00e9gimen cerrado tras sus condenas definitivas. Otras 50 se encuentran en arresto domiciliario y todav\u00eda hay 15 detenciones preventivas.<\/p>\n<p>Las condenas incluyen al expresidente Jair Bolsonaro y a 28 exmiembros de su gobierno, acusados de planear el intento de golpe. Entre los detenidos, tambi\u00e9n hay cinco exmiembros de la Polic\u00eda Militar del Distrito Federal, condenados por permitir que los manifestantes accedieran a la Plaza de los Tres Poderes.<\/p>\n","protected":false},"excerpt":{"rendered":"El jueves (8), centrales sindicales y movimientos sociales organizaron una manifestaci\u00f3n en defensa de la democracia en Cinel\u00e2ndia,&hellip;\n","protected":false},"author":2,"featured_media":332785,"comment_status":"","ping_status":"","sticky":false,"template":"","format":"standard","meta":{"footnotes":""},"categories":[42],"tags":[17,18,13,14,11,61,62,63,64,19,20,9,10,15,16,12,21,22,65,66,67],"class_list":{"0":"post-332784","1":"post","2":"type-post","3":"status-publish","4":"format-standard","5":"has-post-thumbnail","7":"category-internacional","8":"tag-breaking-news","9":"tag-breakingnews","10":"tag-featured-news","11":"tag-featurednews","12":"tag-headlines","13":"tag-internacional","14":"tag-international","15":"tag-international-news","16":"tag-internationalnews","17":"tag-latest-news","18":"tag-latestnews","19":"tag-news","20":"tag-noticias","21":"tag-noticias-destacadas","22":"tag-noticiasdestacadas","23":"tag-titulares","24":"tag-ultimas-noticias","25":"tag-ultimasnoticias","26":"tag-world","27":"tag-world-news","28":"tag-worldnews"},"share_on_mastodon":{"url":"https:\/\/pubeurope.com\/@es\/115869493907777041","error":""},"_links":{"self":[{"href":"https:\/\/www.europesays.com\/es\/wp-json\/wp\/v2\/posts\/332784","targetHints":{"allow":["GET"]}}],"collection":[{"href":"https:\/\/www.europesays.com\/es\/wp-json\/wp\/v2\/posts"}],"about":[{"href":"https:\/\/www.europesays.com\/es\/wp-json\/wp\/v2\/types\/post"}],"author":[{"embeddable":true,"href":"https:\/\/www.europesays.com\/es\/wp-json\/wp\/v2\/users\/2"}],"replies":[{"embeddable":true,"href":"https:\/\/www.europesays.com\/es\/wp-json\/wp\/v2\/comments?post=332784"}],"version-history":[{"count":0,"href":"https:\/\/www.europesays.com\/es\/wp-json\/wp\/v2\/posts\/332784\/revisions"}],"wp:featuredmedia":[{"embeddable":true,"href":"https:\/\/www.europesays.com\/es\/wp-json\/wp\/v2\/media\/332785"}],"wp:attachment":[{"href":"https:\/\/www.europesays.com\/es\/wp-json\/wp\/v2\/media?parent=332784"}],"wp:term":[{"taxonomy":"category","embeddable":true,"href":"https:\/\/www.europesays.com\/es\/wp-json\/wp\/v2\/categories?post=332784"},{"taxonomy":"post_tag","embeddable":true,"href":"https:\/\/www.europesays.com\/es\/wp-json\/wp\/v2\/tags?post=332784"}],"curies":[{"name":"wp","href":"https:\/\/api.w.org\/{rel}","templated":true}]}}