{"id":332788,"date":"2026-01-10T06:56:32","date_gmt":"2026-01-10T06:56:32","guid":{"rendered":"https:\/\/www.europesays.com\/es\/332788\/"},"modified":"2026-01-10T06:56:32","modified_gmt":"2026-01-10T06:56:32","slug":"indonesia-finaliza-sin-exito-el-operativo-de-busqueda-del-nino-valenciano-aun-desaparecido-tras-el-naufragio-la-voz-de-galicia","status":"publish","type":"post","link":"https:\/\/www.europesays.com\/es\/332788\/","title":{"rendered":"Indonesia finaliza sin \u00e9xito el operativo de b\u00fasqueda del ni\u00f1o valenciano a\u00fan desaparecido tras el naufragio &#8211; La Voz de Galicia"},"content":{"rendered":"<ol>\n<li><a href=\"https:\/\/news.google.com\/rss\/articles\/CBMi-wFBVV95cUxNS0VjNlBHa3YwaGRkZ2RtR2lfSVFld0p5SUY2bGNxQXVrZmFDZVhoNXIxbzZXWUVZRENYSHM4TWktcHJ1NS1vaVhPbmJrUmQ2Z1ZUWUw3d2ZQNTRJcXhHcWFoWlFET1pETnEzX1Q2bXVJOHdiR05KY2RQLURCd2U3MWx1STRWeFBNOWZ6WnZPVGVfcHNFRlpBbUZJNFpmV1o3Zk5lalI5czdFY3FFRC0tSnRyRFJsYnRkVmZQd3BWMTNuU21JVWdrUlU1QVg0YmMwaGJDX1U0Ullzcnk0Mk9IVHlVUzBzbC1MTzcxXzkxQ2hPMERHY0tOYVlxVdIBlwJBVV95cUxOalVQUlZVSmF6anJqamNmZzJkaGxNQlhsM1J5eGZWbm5JaGRHVHJMY2FjdEVnS2xUS1g5akc5bkZWd2dfZ3AtYXBhY0kydlRJcmtDQzBrdEhBakEzbnVjTzJYa0RhZEZuUkp0WENvdklJR3gtbVRNLWdiNDhJUlVNb3UxX3RrSFhFZnNhWklJa3FVMWlaeU5EV09kTVBnaU4zUXdlMFg4aVZHeWF6cXlsYmo0QnZyTWNvOWtiS1pQVkFvZ00wdzV3d1lWYzZHc1cwX2M0MlFzMFFqVzQ3U1JEdXp0OUFxdktGbXpzWU1GZ3pIVHhnaXRrdE5jN1JIT3d4eWl1elFraTQ2VHp5RWtRdERkejNYQlE?oc=5\" target=\"_blank\" rel=\"nofollow noopener\">Indonesia finaliza sin \u00e9xito el operativo de b\u00fasqueda del ni\u00f1o valenciano a\u00fan desaparecido tras el naufragio<\/a>&nbsp;&nbsp;La Voz de Galicia<\/li>\n<li><a href=\"https:\/\/news.google.com\/rss\/articles\/CBMiyAFBVV95cUxOQWFJRGZwclZ5elF4cUgtTXk1d2FVVkJBMERXQ3lUQmRicW0wRzJkM3M5NDM0Uk9nQkRVQjVwTHlTTTNSNjlQSFAtampNWDdrNnJnNTJublhfSGpiSnpreGl5MHB2ai01WW4tMUdNN0o4QWVWeDN1WHVDQmhzQUI4ekpoS0dMYmh2TFd6X0dLUzNZWEMxei1BZnNvNjlJT3NKRWs3dUZwNjBLUXpXby1wT3dHdE1JN0VLcHJ0dHdqS0lubHBRQklFdQ?oc=5\" target=\"_blank\" rel=\"nofollow noopener\">Indonesia anuncia el fin de la b\u00fasqueda del ni\u00f1o espa\u00f1ol desaparecido tras el naufragio<\/a>&nbsp;&nbsp;EL PA\u00cdS<\/li>\n<li><a href=\"https:\/\/news.google.com\/rss\/articles\/CBMijwFBVV95cUxPVWZ3c051MGZfYW5uemZ2cE9KQUVNYmQ2RDlNYW9CSHgtYnVFbEJnUjlGajJfMWxHbVFrQ2FKQUpNdnBsWDVpejdoZ0cwRE5wTzVPTTc0MFotZ1Y3OEtya0hkRWRtck9oSlVaMnE3OGJMUENncGFXMVJpakJMLXpyMzBRcnRULUN1c2UyWFNISdIBowFBVV95cUxOQ2RvdnRtZUxQRFRlN2l0NE9iTl9GQkZ3YWdBVzU2MFBGZTl0MTJzMUM4QmJ3cmVMQ1YwMlpZNHhyckoyT1ZMZGVWem1lMDctRGtwX1piY0x0YlRXaTY5WlozUFE4T0o3RzdIOUxiYTVsYVJleWlNbzg1Wm1UUlVWMXp3c1lkaGtJZzBGQTVQRzRXc1dmYVp1VUROdXhoM2ZTdC00?oc=5\" target=\"_blank\" rel=\"nofollow noopener\">Se guardar\u00e1 un minuto de silencio por Fernando Mart\u00edn<\/a>&nbsp;&nbsp;Diario AS<\/li>\n<li><a href=\"https:\/\/news.google.com\/rss\/articles\/CBMipAFBVV95cUxOcmVFR28yU0dtVEFBMjdlVDh2bFpIS0JqeE9Ba0NoUHpQRkdvXzJhdnpnbGtDQm5LR2RPUllSUlprTndDZDBrTG94OFg2NkxaVU5PYjZzTmdUZ05UaHNlSEpWVW1XNGRTdkF6N21qMDJObHN1aGRDcmk0RVo2WXdhTXhYUjVDbHFWeHZJNkpUSkwyMWoxSDhtN045RWFLV2NIV0taVg?oc=5\" target=\"_blank\" rel=\"nofollow noopener\">Informe a c\u00e1mara: Finaliza sin \u00e9xito la b\u00fasqueda de ni\u00f1o espa\u00f1ol dos semanas despu\u00e9s del naufragio<\/a>&nbsp;&nbsp;ABC<\/li>\n<li><a href=\"https:\/\/news.google.com\/rss\/articles\/CBMipgFBVV95cUxPbXBCUHVBaU9IQlVvYjJqWHphNE5pZmFYNEZEanFEZE1vSktOSFVNOWU4bndrZjl0ZG1UNzJyVUlRUzZtMFd5UmFHQ1JCb050czhuX2dSVWN0MlFmcXU2UnRwU0pMN3l4VHAtQ2RFREpna2ZPX0hBRTlvX1ItU2dublNXdWhPR2t2WEN3Y2EtaDl0VGZOQ25Ybkh4WXNhYVBYdlZyRFpn0gGmAUFVX3lxTE9mZ0RZWlM0eW0wMTAydmU3MWdxT25nV3FMMjlBT1NlWmFMMnNDVGV4aHd3dHdOa2x4bVpGLXc4QTlGNGhtMTBqZGZrRHY0QmtaM005cGhCMmZ5bVhoTDRhZTZUY3ZVWlltd1UySVRsRFMwR3NvNFJaVUt5c2RGVmswRFg1X0dVeE15WUVqb2lBTG5mNEFMMWJMWkEtS0RIZm5OTkRjNXc?oc=5\" target=\"_blank\" rel=\"nofollow noopener\">Concluye sin \u00e9xito la b\u00fasqueda del ni\u00f1o valenciano de 10 a\u00f1os desaparecido en el naufragio de Indonesia<\/a>&nbsp;&nbsp;El Peri\u00f3dico<\/li>\n<\/ol>\n","protected":false},"excerpt":{"rendered":"Indonesia finaliza sin \u00e9xito el operativo de b\u00fasqueda del ni\u00f1o valenciano a\u00fan desaparecido tras el naufragio&nbsp;&nbsp;La Voz de&hellip;\n","protected":false},"author":2,"featured_media":330182,"comment_status":"","ping_status":"","sticky":false,"template":"","format":"standard","meta":{"footnotes":""},"categories":[5],"tags":[17,18,25,24,13,14,11,19,20,9,10,15,16,23,12,21,22],"class_list":{"0":"post-332788","1":"post","2":"type-post","3":"status-publish","4":"format-standard","5":"has-post-thumbnail","7":"category-titulares","8":"tag-breaking-news","9":"tag-breakingnews","10":"tag-es","11":"tag-espana","12":"tag-featured-news","13":"tag-featurednews","14":"tag-headlines","15":"tag-latest-news","16":"tag-latestnews","17":"tag-news","18":"tag-noticias","19":"tag-noticias-destacadas","20":"tag-noticiasdestacadas","21":"tag-spain","22":"tag-titulares","23":"tag-ultimas-noticias","24":"tag-ultimasnoticias"},"share_on_mastodon":{"url":"https:\/\/pubeurope.com\/@es\/115869501514744243","error":""},"_links":{"self":[{"href":"https:\/\/www.europesays.com\/es\/wp-json\/wp\/v2\/posts\/332788","targetHints":{"allow":["GET"]}}],"collection":[{"href":"https:\/\/www.europesays.com\/es\/wp-json\/wp\/v2\/posts"}],"about":[{"href":"https:\/\/www.europesays.com\/es\/wp-json\/wp\/v2\/types\/post"}],"author":[{"embeddable":true,"href":"https:\/\/www.europesays.com\/es\/wp-json\/wp\/v2\/users\/2"}],"replies":[{"embeddable":true,"href":"https:\/\/www.europesays.com\/es\/wp-json\/wp\/v2\/comments?post=332788"}],"version-history":[{"count":0,"href":"https:\/\/www.europesays.com\/es\/wp-json\/wp\/v2\/posts\/332788\/revisions"}],"wp:featuredmedia":[{"embeddable":true,"href":"https:\/\/www.europesays.com\/es\/wp-json\/wp\/v2\/media\/330182"}],"wp:attachment":[{"href":"https:\/\/www.europesays.com\/es\/wp-json\/wp\/v2\/media?parent=332788"}],"wp:term":[{"taxonomy":"category","embeddable":true,"href":"https:\/\/www.europesays.com\/es\/wp-json\/wp\/v2\/categories?post=332788"},{"taxonomy":"post_tag","embeddable":true,"href":"https:\/\/www.europesays.com\/es\/wp-json\/wp\/v2\/tags?post=332788"}],"curies":[{"name":"wp","href":"https:\/\/api.w.org\/{rel}","templated":true}]}}