{"id":332795,"date":"2026-01-10T07:09:24","date_gmt":"2026-01-10T07:09:24","guid":{"rendered":"https:\/\/www.europesays.com\/es\/332795\/"},"modified":"2026-01-10T07:09:24","modified_gmt":"2026-01-10T07:09:24","slug":"estrena-de-tal-astilla-tal-palo-en-su-prime-time-del-viernes","status":"publish","type":"post","link":"https:\/\/www.europesays.com\/es\/332795\/","title":{"rendered":"estrena &#8216;De tal astilla, tal palo&#8217;, en su &#8216;prime time&#8217; del viernes"},"content":{"rendered":"\n<p> A partir de este 9 de enero, a las 22:25 horas, las emociones a flor de piel inundar\u00e1n la noche de los viernes de Canal Extremadura, que actualmente vive el 20 aniversario desde su nacimiento en 2006. Como una de sus grandes apuestas para su actual temporada, <strong>la televisi\u00f3n p\u00fablica extreme\u00f1a estrena el programa De tal astilla, tal palo,<\/strong> tras su paso por <a href=\"https:\/\/www.elconfidencial.com\/television\/programas-tv\/2026-01-03\/quien-es-daniel-tejon-atrapame-si-puedes-canal-sur-derrota-antena-3_4277762\/\" target=\"_self\" rel=\"nofollow noopener\">Canal Sur<\/a> en el a\u00f1o 2024. <\/p>\n<p> <strong>Lourdes Gordillo y \u00c1lvaro Alexander son los conductores de este emotivo formato<\/strong> que narra las historias de j\u00f3venes extreme\u00f1os que har\u00e1n todo lo posible por cumplir los sue\u00f1os de sus abuelos. A lo largo de 60 minutos, los periodistas se desplazar\u00e1n a distintos puntos de Extremadura para conocer esa especial relaci\u00f3n que une ambas generaciones, reconociendo todo el cari\u00f1o, atenci\u00f3n y cuidados que han recibido en sus vidas. <\/p>\n<p> Un proyecto del que ya avanz\u00f3 una de sus presentadoras, <a href=\"https:\/\/www.elconfidencial.com\/television\/programas-tv\/2025-08-10\/marichocho-viajeros-cuatro-lourdes-gordillo-reportera-momento-televisivo_4188925\/\" target=\"_self\" rel=\"nofollow noopener\">Lourdes Gordillo<\/a>, a <a href=\"https:\/\/www.elconfidencial.com\/television\/\" target=\"_self\" rel=\"nofollow noopener\">EL CONFI TV<\/a> algunas pistas el pasado verano,<strong> cuando record\u00f3 en este medio su divertido &#8216;marichocho&#8217;<\/strong> que la catapult\u00f3 a la fama viral en sus inicios como reportera en Canal Extremadura. \u00abLo cojo con mucho cari\u00f1o, con mucho amor, con muchas ganas. Y me ha llegado sin esperarlo. En breve me pondr\u00e9 a trabajar en ello. Va a ser muy chulo\u00bb, comentaba entonces. <\/p>\n<p> Ahora, ante el inminente estreno de su nuevo proyecto, Gordillo confiesa regresar con \u00abilusi\u00f3n y ganas\u00bb a la televisi\u00f3n que la vio nacer como profesional, 15 a\u00f1os atr\u00e1s. <strong>\u00abNunca pens\u00e9 que iba a volver a casa, <\/strong>y en un momento en el que lo necesitaba\u00bb, expone agradecida, resaltando lo \u00abbonito, emocionante y entretenido\u00bb que es el formato al que pone cara junto a \u00c1lvaro Alexander. <\/p>\n<p>               \u00c1lvaro Alexander, en &#8216;De tal astilla, tal palo&#8217;. (Canal Extremadura)             <\/p>\n<p> Para el gaditano y reportero de <a href=\"https:\/\/www.elconfidencial.com\/television\/programas-tv\/2024-11-16\/modesto-barragan-secreto-exito-andalucia-directo-canal-sur-25-anos_4005036\/\" target=\"_self\" rel=\"nofollow noopener\">Andaluc\u00eda directo<\/a>, ponerse al frente de De tal astilla, tal palo supone un nuevo salto y oportunidad profesional. <strong>\u00abCada familia me ha acogido como a un nieto m\u00e1s,<\/strong> integr\u00e1ndome en sus costumbres, relaciones e ilusiones\u00bb, explica Alexander a este medio, agradeciendo poder \u00abconocer m\u00e1s a fondo una comunidad tan bonita como Extremadura y su gente\u00bb. <\/p>\n<p>              <img decoding=\"async\" class=\"inTextNews__img\" alt=\"Foto: marichocho-viajeros-cuatro-lourdes-gordillo-reportera-momento-televisivo\" src=\"https:\/\/www.europesays.com\/es\/wp-content\/uploads\/2026\/01\/f.elconfidencial.com\/original\/0dd\/403\/8b0\/0dd4038b00b591172bb24f23edb2327d.jpg\"  \/>     <\/p>\n<p>TE PUEDE INTERESAR<\/p>\n<p>      <a class=\"inTextNews__title\" href=\"https:\/\/www.elconfidencial.com\/television\/programas-tv\/2025-08-10\/marichocho-viajeros-cuatro-lourdes-gordillo-reportera-momento-televisivo_4188925\/\" onclick=\"window.ECCO.emit(&#039;amplitude&#039;, { dataEventName: &#039;click_related_article_module&#039;, data: { related_article_url: &#039;https:\/\/www.elconfidencial.com\/television\/programas-tv\/2025-08-10\/marichocho-viajeros-cuatro-lourdes-gordillo-reportera-momento-televisivo_4188925\/&#039;, related_article_author: &#039;Paco Mart\u00edn-V\u00e1zquez Car\u00edas&#039;, related_article_section: &#039;programas-tv&#039; } })\" rel=\"nofollow noopener\" target=\"_blank\"> Del viral &#8216;marichocho&#8217; a triunfar en &#8216;Viajeros Cuatro&#8217;: Lourdes Gordillo, la reportera detr\u00e1s del hist\u00f3rico momento televisivo <\/a>   <\/p>\n<p>    Paco Mart\u00edn-V\u00e1zquez   <\/p>\n<p> <strong>De tal astilla, tal palo nace como una nueva producci\u00f3n del Grupo ADM,<\/strong> una productora andaluza con m\u00e1s de 25 a\u00f1os de trayectoria que se ha consolidado como un referente en el sector audiovisual. A lo largo de su historia ha realizado producciones que forman parte imprescindible del panorama televisivo andaluz, como Andaluc\u00eda directo; ha producido a nivel nacional para <a href=\"https:\/\/www.elconfidencial.com\/television\/programas-tv\/2026-01-09\/aria-locos-por-la-opera-retrasa-horario-final-ganador-tve_4280929\/\" target=\"_self\" rel=\"nofollow noopener\">Televisi\u00f3n Espa\u00f1ola<\/a> y auton\u00f3micas como Telemadrid, Televisi\u00f3n de Galicia y, ahora, Canal Extremadura. <\/p>\n<p>            Una emotiva boda en C\u00e1ceres y un apasionante viaje, protagonistas del estreno           <\/p>\n<p> En el primer programa,<strong> Lourdes Gordillo viajar\u00e1 a C\u00e1ceres para conocer a Silverio y Lucila,<\/strong> una pareja que est\u00e1 a punto de celebrar nada menos que 60 a\u00f1os de casados. Su nieto Jorge quiere regalarles un d\u00eda inolvidable, cumpliendo el sue\u00f1o que llevan a\u00f1os posponiendo. <\/p>\n<blockquote class=\"twitter-tweet\">\n<p lang=\"es\" dir=\"ltr\">Este viernes estrenamos &#8216;De tal astilla, tal palo&#8217; el programa que va a cumplir los sue\u00f1os de los abuelos extreme\u00f1os<a href=\"https:\/\/t.co\/U4niNkkQ8t\" rel=\"nofollow\">https:\/\/t.co\/U4niNkkQ8t<\/a> <a href=\"https:\/\/t.co\/4UKa4iDzYc\" rel=\"nofollow\">pic.twitter.com\/4UKa4iDzYc<\/a><\/p>\n<p>\u2014 Canal Extremadura (@cextremadura) <a href=\"https:\/\/twitter.com\/cextremadura\/status\/2009219558826008665?ref_src=twsrc%5Etfw\" rel=\"nofollow noopener\" target=\"_blank\">January 8, 2026<\/a><\/p><\/blockquote>\n<p> <strong>\u00c1lvaro Alexander, por su parte, viaja hasta San Vicente de Alc\u00e1ntara,<\/strong> donde To\u00f1i y su nieta Claudia mantienen una relaci\u00f3n tan especial como diferente. To\u00f1i siempre so\u00f1\u00f3 con viajar a F\u00e1tima junto a su nieta, un lugar profundamente significativo para la abuela. Lo que comienza con un viaje con miradas distintas se convierte en una experiencia compartida que une generaciones, creencias y sentimientos. <\/p>\n<p> A partir de este 9 de enero, a las 22:25 horas, las emociones a flor de piel inundar\u00e1n la noche de los viernes de Canal Extremadura, que actualmente vive el 20 aniversario desde su nacimiento en 2006. Como una de sus grandes apuestas para su actual temporada, <strong>la televisi\u00f3n p\u00fablica extreme\u00f1a estrena el programa De tal astilla, tal palo,<\/strong> tras su paso por <a href=\"https:\/\/www.elconfidencial.com\/television\/programas-tv\/2026-01-03\/quien-es-daniel-tejon-atrapame-si-puedes-canal-sur-derrota-antena-3_4277762\/\" target=\"_self\" rel=\"nofollow noopener\">Canal Sur<\/a> en el a\u00f1o 2024. <\/p>\n<p>              <script async src=\"https:\/\/platform.twitter.com\/widgets.js\" charset=\"utf-8\"><\/script><\/p>\n","protected":false},"excerpt":{"rendered":"A partir de este 9 de enero, a las 22:25 horas, las emociones a flor de piel inundar\u00e1n&hellip;\n","protected":false},"author":2,"featured_media":332796,"comment_status":"","ping_status":"","sticky":false,"template":"","format":"standard","meta":{"footnotes":""},"categories":[171],"tags":[146,147,25,24,23,214],"class_list":{"0":"post-332795","1":"post","2":"type-post","3":"status-publish","4":"format-standard","5":"has-post-thumbnail","7":"category-tv","8":"tag-entertainment","9":"tag-entretenimiento","10":"tag-es","11":"tag-espana","12":"tag-spain","13":"tag-tv"},"share_on_mastodon":{"url":"https:\/\/pubeurope.com\/@es\/115869552958349987","error":""},"_links":{"self":[{"href":"https:\/\/www.europesays.com\/es\/wp-json\/wp\/v2\/posts\/332795","targetHints":{"allow":["GET"]}}],"collection":[{"href":"https:\/\/www.europesays.com\/es\/wp-json\/wp\/v2\/posts"}],"about":[{"href":"https:\/\/www.europesays.com\/es\/wp-json\/wp\/v2\/types\/post"}],"author":[{"embeddable":true,"href":"https:\/\/www.europesays.com\/es\/wp-json\/wp\/v2\/users\/2"}],"replies":[{"embeddable":true,"href":"https:\/\/www.europesays.com\/es\/wp-json\/wp\/v2\/comments?post=332795"}],"version-history":[{"count":0,"href":"https:\/\/www.europesays.com\/es\/wp-json\/wp\/v2\/posts\/332795\/revisions"}],"wp:featuredmedia":[{"embeddable":true,"href":"https:\/\/www.europesays.com\/es\/wp-json\/wp\/v2\/media\/332796"}],"wp:attachment":[{"href":"https:\/\/www.europesays.com\/es\/wp-json\/wp\/v2\/media?parent=332795"}],"wp:term":[{"taxonomy":"category","embeddable":true,"href":"https:\/\/www.europesays.com\/es\/wp-json\/wp\/v2\/categories?post=332795"},{"taxonomy":"post_tag","embeddable":true,"href":"https:\/\/www.europesays.com\/es\/wp-json\/wp\/v2\/tags?post=332795"}],"curies":[{"name":"wp","href":"https:\/\/api.w.org\/{rel}","templated":true}]}}