{"id":332821,"date":"2026-01-10T07:29:11","date_gmt":"2026-01-10T07:29:11","guid":{"rendered":"https:\/\/www.europesays.com\/es\/332821\/"},"modified":"2026-01-10T07:29:11","modified_gmt":"2026-01-10T07:29:11","slug":"luego-de-anos-de-especulaciones-kendall-jenner-habla-sobre-sus-preferencias-sexuales","status":"publish","type":"post","link":"https:\/\/www.europesays.com\/es\/332821\/","title":{"rendered":"Luego de a\u00f1os de especulaciones, Kendall Jenner habla sobre sus preferencias sexuales"},"content":{"rendered":"<p>\n          Kendall Jenner habla por primera vez sobre los rumores de su sexualidad y deja claro: \u00abNo soy gay\u00bb<\/p>\n<p>Durante la conversaci\u00f3n, <b>Kendall Jenner<\/b> reconoci\u00f3 que \u201chay todo un sector de internet que piensa que soy lesbiana\u201d, pero dej\u00f3 claro que no forma parte de la comunidad LGBTQIA+ actualmente, al menos \u201chasta la fecha\u201d, afirm\u00f3 tajante, aunque tambi\u00e9n se\u00f1al\u00f3 que no \u201ccierra las puertas a experiencias en la vida\u201d.<\/p>\n<p>La modelo explic\u00f3 que lo que m\u00e1s le molesta de estos rumores no es la especulaci\u00f3n en s\u00ed, sino el tono agresivo y cruel con el que muchas veces se expresan en redes: \u201cNo es con un brazo acogedor, como \u2018Hey, si fueras, s\u00ed, \u00fanete\u2019. No es amable. Es muy malo\u2026 muy del tipo \u2018\u00bfQu\u00e9 demonios est\u00e1s haciendo?\u2019\u201d.<\/p>\n<blockquote class=\"twitter-tweet\">\n<p lang=\"en\" dir=\"ltr\">Kendall Jenner addresses internet rumor that she&#8217;s a closeted lesbian on Owen Thiele&#8217;s In Your Dreams podcast:<\/p>\n<p>\u201cKnowing myself, I think at this point in my life I would be out if I was.\u201d <a href=\"https:\/\/t.co\/a14yHt5PEX\" rel=\"nofollow\">pic.twitter.com\/a14yHt5PEX<\/a><\/p>\n<p>\u2014 Pop Crave (@PopCrave)<br \/>\n              <a href=\"https:\/\/twitter.com\/PopCrave\/status\/2009669264060584092?ref_src=twsrc%5Etfw\" rel=\"nofollow noopener\" target=\"_blank\">January 9, 2026<\/a>\n             <\/p><\/blockquote>\n<p>Jenner tambi\u00e9n abord\u00f3 el mito de que podr\u00eda estar \u201cocultando\u201d su orientaci\u00f3n por razones comerciales, algo que ha circulado en internet: \u201cHe visto cosas realmente jodidas que dicen: \u2018Es malo para los negocios\u2019, y yo digo: \u2018\u00bfQu\u00e9? \u00bfC\u00f3mo? No lo entiendo\u2019\u201d, coment\u00f3 durante el podcast.<\/p>\n<p>Adem\u00e1s de negar que est\u00e9 \u201cescondiendo algo\u201d, Kendall reflexion\u00f3 sobre la dificultad que muchas personas enfrentan al salir del cl\u00f3set y como actuar\u00eda al respecto si ese fuera su caso:<\/p>\n<p>\u201cEntiendo que salir del cl\u00f3set no es f\u00e1cil para nadie, o al menos no para la mayor\u00eda\u201d, admiti\u00f3. \u201cNo digo que sea sencillo, pero conoci\u00e9ndome y hablando por m\u00ed misma, creo que a estas alturas de mi vida ya lo habr\u00eda hecho si ese fuera el caso\u201d.<\/p>\n<p>             <img loading=\"lazy\" decoding=\"async\" src=\"https:\/\/www.europesays.com\/es\/wp-content\/uploads\/2026\/01\/1768030150_401_.webp\" class=\"lazyload\" alt=\"Kendall Jenner\"  width=\"1200\" height=\"630\"\/> <\/p>\n<p>              Unos labios extra juicy y llenos de brillo, son posibles con estos glosses que est\u00e1n en menos de $500.<br \/>\n              (via Instagram (@kendalljenner))<\/p>\n<p>Asimismo, subray\u00f3 que, conoci\u00e9ndose y sabiendo c\u00f3mo le gustar\u00eda vivir su vida, no tendr\u00eda motivos para ocultarlo: \u201cNo tendr\u00eda ning\u00fan problema en serlo\u201d, a\u00f1adi\u00f3.<\/p>\n<p>\u201cEn definitiva, a d\u00eda de hoy no soy (gay)\u201d, a\u00f1adi\u00f3 antes de admitir: \u201cNo creo que lo sea, pero no me cierro a las experiencias de la vida\u201d.<\/p>\n<p>             <img loading=\"lazy\" decoding=\"async\" src=\"https:\/\/www.europesays.com\/es\/wp-content\/uploads\/2026\/01\/1768030151_975_.webp\" class=\"lazyload\" alt=\"Kendall Jenner\"  width=\"1200\" height=\"1499\"\/> <\/p>\n<p>              Un outfit que te dan ganas de copiar de inmediato, est\u00e9s o no planeando una escapada a la monta\u00f1a.<br \/>\n              (Instagram @kendalljenner)<\/p>\n<p>         <script async src=\"https:\/\/platform.twitter.com\/widgets.js\" charset=\"utf-8\"><\/script><\/p>\n","protected":false},"excerpt":{"rendered":"Kendall Jenner habla por primera vez sobre los rumores de su sexualidad y deja claro: \u00abNo soy gay\u00bb&hellip;\n","protected":false},"author":2,"featured_media":332822,"comment_status":"","ping_status":"","sticky":false,"template":"","format":"standard","meta":{"footnotes":""},"categories":[174],"tags":[255,146,147,25,24,2793,256,58047,76554,76555,76556,76557,76558,23],"class_list":{"0":"post-332821","1":"post","2":"type-post","3":"status-publish","4":"format-standard","5":"has-post-thumbnail","7":"category-famosos","8":"tag-celebrities","9":"tag-entertainment","10":"tag-entretenimiento","11":"tag-es","12":"tag-espana","13":"tag-espectaculos","14":"tag-famosos","15":"tag-kendall-jenner","16":"tag-kendall-jenner-es-gay","17":"tag-kendall-jenner-gay","18":"tag-kendall-jenner-habla-sobre-si-es-gay","19":"tag-kendall-jenner-habla-sobre-su-sexualidad","20":"tag-kendall-jenner-novias","21":"tag-spain"},"share_on_mastodon":{"url":"https:\/\/pubeurope.com\/@es\/115869631379327082","error":""},"_links":{"self":[{"href":"https:\/\/www.europesays.com\/es\/wp-json\/wp\/v2\/posts\/332821","targetHints":{"allow":["GET"]}}],"collection":[{"href":"https:\/\/www.europesays.com\/es\/wp-json\/wp\/v2\/posts"}],"about":[{"href":"https:\/\/www.europesays.com\/es\/wp-json\/wp\/v2\/types\/post"}],"author":[{"embeddable":true,"href":"https:\/\/www.europesays.com\/es\/wp-json\/wp\/v2\/users\/2"}],"replies":[{"embeddable":true,"href":"https:\/\/www.europesays.com\/es\/wp-json\/wp\/v2\/comments?post=332821"}],"version-history":[{"count":0,"href":"https:\/\/www.europesays.com\/es\/wp-json\/wp\/v2\/posts\/332821\/revisions"}],"wp:featuredmedia":[{"embeddable":true,"href":"https:\/\/www.europesays.com\/es\/wp-json\/wp\/v2\/media\/332822"}],"wp:attachment":[{"href":"https:\/\/www.europesays.com\/es\/wp-json\/wp\/v2\/media?parent=332821"}],"wp:term":[{"taxonomy":"category","embeddable":true,"href":"https:\/\/www.europesays.com\/es\/wp-json\/wp\/v2\/categories?post=332821"},{"taxonomy":"post_tag","embeddable":true,"href":"https:\/\/www.europesays.com\/es\/wp-json\/wp\/v2\/tags?post=332821"}],"curies":[{"name":"wp","href":"https:\/\/api.w.org\/{rel}","templated":true}]}}