{"id":332868,"date":"2026-01-10T08:11:07","date_gmt":"2026-01-10T08:11:07","guid":{"rendered":"https:\/\/www.europesays.com\/es\/332868\/"},"modified":"2026-01-10T08:11:07","modified_gmt":"2026-01-10T08:11:07","slug":"el-favorito-final-no-es-ni-pogacar-ni-merckx","status":"publish","type":"post","link":"https:\/\/www.europesays.com\/es\/332868\/","title":{"rendered":"el favorito final no es ni Pogacar ni Merckx"},"content":{"rendered":"<p data-mrf-recirculation=\"Links P\u00e1rrafos\" class=\"ue-c-article__paragraph paragraph xai-icon-container ue-c-article--first-letter-highlighted\">Un rey de la pista\u2026 en el que no gana finalmente <strong>Pogacar ni Merckx. Mikel Landa<\/strong> se presta al juego y pasa por el curioso test de <strong>MARCA<\/strong> durante el <strong>Media Day del Soudal en Calpe, <\/strong>un escenario distendido en el que el alav\u00e9s deja ver una faceta diferente, m\u00e1s relajada y cercana, lejos de la tensi\u00f3n de la competici\u00f3n.<\/p>\n<p data-mrf-recirculation=\"Links P\u00e1rrafos\" class=\"ue-c-article__paragraph paragraph xai-icon-container\">Entre preguntas r\u00e1pidas, dilemas inesperados y comparaciones imposibles, Landa demuestra que tambi\u00e9n sabe manejarse fuera del asfalto. Responde con naturalidad y no duda en escoger a sus favoritos.<\/p>\n<p data-mrf-recirculation=\"Links P\u00e1rrafos\" class=\"ue-c-article__paragraph paragraph xai-icon-container\">El l\u00edder del <strong>Soudal<\/strong> encara una temporada clave y lo hace con la serenidad de quien ya no necesita demostrar nada, pero sigue teniendo hambre. <strong>En Calpe, entre risas y respuestas espont\u00e1neas, Landa se atreve con este rey de la pista\u2026 donde gana uno de los grandes reyes de la escalada.<\/strong><\/p>\n","protected":false},"excerpt":{"rendered":"Un rey de la pista\u2026 en el que no gana finalmente Pogacar ni Merckx. Mikel Landa se presta&hellip;\n","protected":false},"author":2,"featured_media":332869,"comment_status":"","ping_status":"","sticky":false,"template":"","format":"standard","meta":{"footnotes":""},"categories":[273],"tags":[313,312,168,25,24,23,167],"class_list":{"0":"post-332868","1":"post","2":"type-post","3":"status-publish","4":"format-standard","5":"has-post-thumbnail","7":"category-ciclismo","8":"tag-ciclismo","9":"tag-cycling","10":"tag-deportes","11":"tag-es","12":"tag-espana","13":"tag-spain","14":"tag-sports"},"share_on_mastodon":{"url":"https:\/\/pubeurope.com\/@es\/115869796407139559","error":""},"_links":{"self":[{"href":"https:\/\/www.europesays.com\/es\/wp-json\/wp\/v2\/posts\/332868","targetHints":{"allow":["GET"]}}],"collection":[{"href":"https:\/\/www.europesays.com\/es\/wp-json\/wp\/v2\/posts"}],"about":[{"href":"https:\/\/www.europesays.com\/es\/wp-json\/wp\/v2\/types\/post"}],"author":[{"embeddable":true,"href":"https:\/\/www.europesays.com\/es\/wp-json\/wp\/v2\/users\/2"}],"replies":[{"embeddable":true,"href":"https:\/\/www.europesays.com\/es\/wp-json\/wp\/v2\/comments?post=332868"}],"version-history":[{"count":0,"href":"https:\/\/www.europesays.com\/es\/wp-json\/wp\/v2\/posts\/332868\/revisions"}],"wp:featuredmedia":[{"embeddable":true,"href":"https:\/\/www.europesays.com\/es\/wp-json\/wp\/v2\/media\/332869"}],"wp:attachment":[{"href":"https:\/\/www.europesays.com\/es\/wp-json\/wp\/v2\/media?parent=332868"}],"wp:term":[{"taxonomy":"category","embeddable":true,"href":"https:\/\/www.europesays.com\/es\/wp-json\/wp\/v2\/categories?post=332868"},{"taxonomy":"post_tag","embeddable":true,"href":"https:\/\/www.europesays.com\/es\/wp-json\/wp\/v2\/tags?post=332868"}],"curies":[{"name":"wp","href":"https:\/\/api.w.org\/{rel}","templated":true}]}}