{"id":332900,"date":"2026-01-10T08:34:09","date_gmt":"2026-01-10T08:34:09","guid":{"rendered":"https:\/\/www.europesays.com\/es\/332900\/"},"modified":"2026-01-10T08:34:09","modified_gmt":"2026-01-10T08:34:09","slug":"la-evolucion-de-tudor-es-increible-no-le-veo-techo","status":"publish","type":"post","link":"https:\/\/www.europesays.com\/es\/332900\/","title":{"rendered":"La evoluci\u00f3n de Tudor es incre\u00edble, no le veo techo"},"content":{"rendered":"<p data-mrf-recirculation=\"Links P\u00e1rrafos\" class=\"ue-c-article__paragraph paragraph xai-icon-container ue-c-article--first-letter-highlighted\">Dos campeonatos del mundo, seis etapas del Tour, tres Flecha, una Mil\u00e1n-San Remo, una Strade Bianche..<strong>.  Juli\u00e1n Alaphilippe<\/strong> (Saint-Amand-Montrond, 1992) se sienta con MARCA. Un campe\u00f3n de los de siempre, de los que no se guarda nada. En corto se le ve feliz. Tiene ganas de seguir ganando con Tudor.<\/p>\n<p data-mrf-recirculation=\"Links P\u00e1rrafos\" class=\"ue-c-article__paragraph paragraph xai-icon-container\"><strong>Pregunta. Esta temporada Tudor Pro Cycling se ha asegurado acceso total al WorldTour \u00bfQu\u00e9 objetivo tiene marcado en rojo?<\/strong><\/p>\n<p data-mrf-recirculation=\"Links P\u00e1rrafos\" class=\"ue-c-article__paragraph paragraph xai-icon-container\"><strong>Respuesta.<\/strong> Mi motivaci\u00f3n como siempre es m\u00e1xima ante una nueva temporada. Estoy muy emocionado por regresar a la Strade Bianche y espero estar mi mejor forma para esta carrera, pero sin olvidar la Mil\u00e1n-San Remo y las cl\u00e1sicas de las \u00c1rdenas. La primera parte de la temporada es trascendental.<\/p>\n<p><img decoding=\"async\" width=\"1080\" height=\"1350\" class=\"ue-c-article__image lazyload\" alt=\"Alaphilippe, durante un entrenamiento con Tudor Pro Cycling.\" loading=\"lazy\" src=\"https:\/\/www.europesays.com\/es\/wp-content\/uploads\/2026\/01\/69612b7d6fb61.jpeg\"\/><\/p>\n<p>Alaphilippe, durante un entrenamiento con Tudor Pro Cycling.Tudor Pro Cycling<\/p>\n<p data-mrf-recirculation=\"Links P\u00e1rrafos\" class=\"ue-c-article__paragraph paragraph xai-icon-container\"><strong>P. Julian, usted, es uno de los grandes campeones previos a la explosi\u00f3n de Pogacar y Vingegaard. \u00bfQu\u00e9 ha cambiado desde que ambos est\u00e1n en carrera?<\/strong><\/p>\n<p data-mrf-recirculation=\"Links P\u00e1rrafos\" class=\"ue-c-article__paragraph paragraph xai-icon-container\"><strong>R.<\/strong> Son dos grandes campeones, pero tambi\u00e9n est\u00e1n supercentrados en grandes vueltas No caminamos por los mismos objetivos. Incluso si Tadej est\u00e1 las cl\u00e1sicas, solo hago mi camino, hay muchos grandes campeones que son capaces de ganar, as\u00ed que no es f\u00e1cil. Trato de luchar lo m\u00e1ximo que puedo, para obtener buenos resultados para el equipo y para m\u00ed.<\/p>\n<blockquote class=\"ue-c-article__blockquote\">\n<p>\u201cPogacar domina, pero el ciclismo siempre guarda sorpresas<\/p>\n<\/blockquote>\n<p data-mrf-recirculation=\"Links P\u00e1rrafos\" class=\"ue-c-article__paragraph paragraph xai-icon-container\"><strong>P. Ha competido con Pogacar muchas veces, pero \u00bfcu\u00e1ndo vio que todo iba a ser distinto con \u00e9l?<\/strong><\/p>\n<p data-mrf-recirculation=\"Links P\u00e1rrafos\" class=\"ue-c-article__paragraph paragraph xai-icon-container\"><strong>R.<\/strong> Tadej domina muchas veces, pero antes ya exist\u00eda incertidumbre en carrera. Todo cambia r\u00e1pido en carrera, pero tambi\u00e9n en la vida. Siempre hay sorpresas: un d\u00eda puedes ganar la carrera y el d\u00eda siguiente perder, caer, enfermar\u2026 Es imposible ir a por todo siempre.<\/p>\n<p data-mrf-recirculation=\"Links P\u00e1rrafos\" class=\"ue-c-article__paragraph paragraph xai-icon-container\"><strong>P. \u00bfC\u00f3mo es tener a una leyenda como Cancellara como jefe?<\/strong><\/p>\n<p data-mrf-recirculation=\"Links P\u00e1rrafos\" class=\"ue-c-article__paragraph paragraph xai-icon-container\"><strong>R. <\/strong>Corr\u00ed con \u00e9l y ahora es un privilegio trabajar a su lado porque conozco su parte humana. Agradezco siempre su compa\u00f1\u00eda y poder hablar del equipo, las carreras y cosas personales.  Charlando con \u00e9l siempre te sientes  comprendido.<\/p>\n<p><img decoding=\"async\" width=\"1980\" height=\"1320\" class=\"ue-c-article__image lazyload\" alt=\"Alaphilippe, con Tudor.\" loading=\"lazy\" src=\"https:\/\/www.europesays.com\/es\/wp-content\/uploads\/2026\/01\/69612bdc36cda.jpeg\"\/><\/p>\n<p>Alaphilippe, con Tudor.Tudor Pro Cycling<\/p>\n<p data-mrf-recirculation=\"Links P\u00e1rrafos\" class=\"ue-c-article__paragraph paragraph xai-icon-container\"><strong>P. Ha compartido mucho con Remco en el Wolfpack.  \u00bfCu\u00e1l es su opini\u00f3n sobre su salida?<\/strong><\/p>\n<p data-mrf-recirculation=\"Links P\u00e1rrafos\" class=\"ue-c-article__paragraph paragraph xai-icon-container\"><strong>R. <\/strong>Lo conozco muy bien. No me sorprende su cambio a Red Bull. Creo que \u00e9l sabe su potencial y quiere moverse en ese nivel. Con este movimiento busca alcanzar el m\u00e1ximo potencial posible.  Va a ser interesante verlo y le deseo lo mejor.<\/p>\n<blockquote class=\"ue-c-article__blockquote\">\n<p>\u201cRemco busca su m\u00e1ximo nivel en Red Bull, no me sorprende el paso que ha dado<\/p>\n<\/blockquote>\n<p data-mrf-recirculation=\"Links P\u00e1rrafos\" class=\"ue-c-article__paragraph paragraph xai-icon-container\"><strong>P. Vemos nuevos superequipos en el WorldTour como Red Bull o Lidl. Desde fuera parece las diferencias cada vez van a ser m\u00e1s grandes<\/strong><\/p>\n<p data-mrf-recirculation=\"Links P\u00e1rrafos\" class=\"ue-c-article__paragraph paragraph xai-icon-container\"><strong>R.<\/strong> El dinero marca diferencias entre los equipos. Nosotros tenemos claro d\u00f3nde queremos ir y que ya estamos en una buena situaci\u00f3n. El equipo est\u00e1 haciendo un gran esfuerzo para apoyarnos en la investigaci\u00f3n de los materiales. El t\u00fanel del viento, el equipo de entrenamiento de altitud, la comida, el chef\u2026 Todo esto cuesta mucho dinero y el equipo est\u00e1 haciendo grandes esfuerzos.<\/p>\n<blockquote class=\"ue-c-article__blockquote\">\n<p>El t\u00fanel del viento, el equipo de entrenamiento de altitud, la comida, el chef\u2026 Todo esto cuesta mucho dinero y el equipo est\u00e1 haciendo grandes esfuerzos<\/p>\n<\/blockquote>\n<p data-mrf-recirculation=\"Links P\u00e1rrafos\" class=\"ue-c-article__paragraph paragraph xai-icon-container\"><strong>P. \u00bfD\u00f3nde ve el techo de Tudor?<\/strong><\/p>\n<p data-mrf-recirculation=\"Links P\u00e1rrafos\" class=\"ue-c-article__paragraph paragraph xai-icon-container\">R. Es impresionante lo logrado en tres a\u00f1os y no veo el punto final porque tenemos un gran apoyo de nuestros patrocinadores. Hay una buena gesti\u00f3n, calidad de materiales, gran roster de corredores, ambiciones\u2026 Tenemos todo para disfrutar y desarrollar un proyecto que pueda ganar.<\/p>\n<p data-mrf-recirculation=\"Links P\u00e1rrafos\" class=\"ue-c-article__paragraph paragraph xai-icon-container\"><strong>P. Quebec fue su primer triunfo WorldTour con Tudor. \u00bfQu\u00e9 sinti\u00f3 al cruzar la meta?<\/strong><\/p>\n<p data-mrf-recirculation=\"Links P\u00e1rrafos\" class=\"ue-c-article__paragraph paragraph xai-icon-container\"><strong>R.<\/strong> Felicidad y un gran alivio. Me alegra hacer feliz a mi equipo, a todos los que me apoyaron con el cambio y que trabajan para ayudarme. Como corredor, ganar una carrera nunca es f\u00e1cil y esta es especial.<\/p>\n<blockquote class=\"ue-c-article__blockquote\">\n<p>\u201cLa Lieja &#8211; Basto\u00f1a &#8211; Lieja es una historia pendiente en mi carrera que quiero cerrar<\/p>\n<\/blockquote>\n<p data-mrf-recirculation=\"Links P\u00e1rrafos\" class=\"ue-c-article__paragraph paragraph xai-icon-container\"><strong>P. Le quedan dos a\u00f1os de contrato y no le quiero retirar, pero si pudiera elegir un \u00faltimo gran triunfo, \u00bfcu\u00e1l ser\u00eda?<\/strong><\/p>\n<p data-mrf-recirculation=\"Links P\u00e1rrafos\" class=\"ue-c-article__paragraph paragraph xai-icon-container\">R. Tengo una larga historia con la Lieja-Basto\u00f1a-Lieja que quiero cerrar..<\/p>\n","protected":false},"excerpt":{"rendered":"Dos campeonatos del mundo, seis etapas del Tour, tres Flecha, una Mil\u00e1n-San Remo, una Strade Bianche&#8230; Juli\u00e1n Alaphilippe&hellip;\n","protected":false},"author":2,"featured_media":332901,"comment_status":"","ping_status":"","sticky":false,"template":"","format":"standard","meta":{"footnotes":""},"categories":[273],"tags":[313,312,168,25,24,23,167],"class_list":{"0":"post-332900","1":"post","2":"type-post","3":"status-publish","4":"format-standard","5":"has-post-thumbnail","7":"category-ciclismo","8":"tag-ciclismo","9":"tag-cycling","10":"tag-deportes","11":"tag-es","12":"tag-espana","13":"tag-spain","14":"tag-sports"},"share_on_mastodon":{"url":"https:\/\/pubeurope.com\/@es\/115869886935694422","error":""},"_links":{"self":[{"href":"https:\/\/www.europesays.com\/es\/wp-json\/wp\/v2\/posts\/332900","targetHints":{"allow":["GET"]}}],"collection":[{"href":"https:\/\/www.europesays.com\/es\/wp-json\/wp\/v2\/posts"}],"about":[{"href":"https:\/\/www.europesays.com\/es\/wp-json\/wp\/v2\/types\/post"}],"author":[{"embeddable":true,"href":"https:\/\/www.europesays.com\/es\/wp-json\/wp\/v2\/users\/2"}],"replies":[{"embeddable":true,"href":"https:\/\/www.europesays.com\/es\/wp-json\/wp\/v2\/comments?post=332900"}],"version-history":[{"count":0,"href":"https:\/\/www.europesays.com\/es\/wp-json\/wp\/v2\/posts\/332900\/revisions"}],"wp:featuredmedia":[{"embeddable":true,"href":"https:\/\/www.europesays.com\/es\/wp-json\/wp\/v2\/media\/332901"}],"wp:attachment":[{"href":"https:\/\/www.europesays.com\/es\/wp-json\/wp\/v2\/media?parent=332900"}],"wp:term":[{"taxonomy":"category","embeddable":true,"href":"https:\/\/www.europesays.com\/es\/wp-json\/wp\/v2\/categories?post=332900"},{"taxonomy":"post_tag","embeddable":true,"href":"https:\/\/www.europesays.com\/es\/wp-json\/wp\/v2\/tags?post=332900"}],"curies":[{"name":"wp","href":"https:\/\/api.w.org\/{rel}","templated":true}]}}