{"id":332904,"date":"2026-01-10T08:37:08","date_gmt":"2026-01-10T08:37:08","guid":{"rendered":"https:\/\/www.europesays.com\/es\/332904\/"},"modified":"2026-01-10T08:37:08","modified_gmt":"2026-01-10T08:37:08","slug":"la-confirmacion-de-turrientes-el-diario-vasco","status":"publish","type":"post","link":"https:\/\/www.europesays.com\/es\/332904\/","title":{"rendered":"La confirmaci\u00f3n de Turrientes | El Diario Vasco"},"content":{"rendered":"<p> No ten\u00eda una papeleta f\u00e1cil Be\u00f1at Turrientes. Tras muchas semanas de banquillo sin quitar la hierba de la suela de la bota, le lleg\u00f3  &#8230; la semana pasada la oportunidad de jugar de inicio. Y ayer repiti\u00f3. En ambas ocasiones con nota excelente. El jugador beasaindarra sale especialmente reforzado puesto que si ante el Atl\u00e9tico estaba en todas las quinielas para llevar la manija del equipo por la sanci\u00f3n de Jon Gorrotxategi, ante el Getafe muchas quinielas pensaban en el eibartarra como jefe de la sala de m\u00e1quinas. No este peri\u00f3dico, como leyeron en la previa. Por ello tiene mucho valor y sale reforzado despu\u00e9s de que Pellegrino Matarazzo no le bajara del puente de mando de la nave realista.<\/p>\n<p class=\"v-p\">El centrocampista guipuzcoano complet\u00f3 unos fant\u00e1sticos 65 minutos de partido. Sobrio, atento y dejando patente la clase que tiene en acciones espor\u00e1dicas donde se zaf\u00f3 del pegajoso marcaje de los centrocampistas del Getafe. No era un parido f\u00e1cil. Tampoco el del Atl\u00e9tico. Choc\u00f3 las manos con Gorrotxategi y se puede decir que la Real se desenchuf\u00f3 en ese instante. <\/p>\n<p><img decoding=\"async\" loading=\"lazy\" src=\"https:\/\/www.europesays.com\/es\/wp-content\/uploads\/2026\/01\/Imagen Turrientes-kA8D--366x206@Diario Vasco.jpg\" class=\"v-a-img\" width=\"366\" height=\"206\" alt=\"\"\/><\/p>\n<p class=\"v-p\">La Real debi\u00f3 ir ganando por m\u00e1s diferencia en el momento del cambio para que el pobre Turrientes no sufriera de esa manera en el banquillo. Aunque la alegr\u00eda por el gol de Jon Mikel Aramburu aplacara la mala leche despu\u00e9s del gol realista con todo que hab\u00eda tenido la Real para cerrar el partido.<\/p>\n<p>Pocas oportunidades<\/p>\n<p class=\"v-p\">Turrientes ha sido una de las grandes noticias desde la llegada de Matarazzo. Porque la Real no estaba sobrada de jugadores que estuvieran a un nivel alto. El vagonero empez\u00f3 la temporada jugando pero desde la irrupci\u00f3n de Gorrotxategi, el centrocampista ha visto muchos m\u00e1s partidos desde el banco que desde el c\u00e9sped. El de ayer fue su s\u00e9ptimo partido como titular en la presente campa\u00f1a, quinto en Liga y volvi\u00f3 a ofrecer muestras de la clase que tiene.<\/p>\n<p class=\"v-p\">El canterano est\u00e1 lejos de ser un perro de presa, por eso tiene m\u00e1s valor la cantidad de duelos que gana y lo bien posicionado que est\u00e1. Ya con el bal\u00f3n en los pies, se nota el talento. Y hay diferencia cuando tiene que lanzar a sus compa\u00f1eros. Es cierto que su puesto ideal ser\u00eda en una altura superior. Seguro que si le preguntan al bueno de Be\u00f1at, lo que quiere es jugar sea de lo que sea; de 4, de 8, de 6 o de lateral.<\/p>\n<p class=\"v-p\">Solo ha perdido un partido Turrientes cuando ha salido de inicio, y no lo mereci\u00f3. Fue el de Barcelona. Tres empates, las victorias de Copa del Rey contra el Negreira y el Reus, y el triunfo de ayer. Se confirma que es muy bueno.<\/p>\n","protected":false},"excerpt":{"rendered":"No ten\u00eda una papeleta f\u00e1cil Be\u00f1at Turrientes. Tras muchas semanas de banquillo sin quitar la hierba de la&hellip;\n","protected":false},"author":2,"featured_media":332905,"comment_status":"","ping_status":"","sticky":false,"template":"","format":"standard","meta":{"footnotes":""},"categories":[268],"tags":[14763,168,25,24,280,282,281,23,167,65691],"class_list":{"0":"post-332904","1":"post","2":"type-post","3":"status-publish","4":"format-standard","5":"has-post-thumbnail","7":"category-futbol","8":"tag-confirmacion","9":"tag-deportes","10":"tag-es","11":"tag-espana","12":"tag-football","13":"tag-futbol","14":"tag-soccer","15":"tag-spain","16":"tag-sports","17":"tag-turrientes"},"share_on_mastodon":{"url":"https:\/\/pubeurope.com\/@es\/115869899118017976","error":""},"_links":{"self":[{"href":"https:\/\/www.europesays.com\/es\/wp-json\/wp\/v2\/posts\/332904","targetHints":{"allow":["GET"]}}],"collection":[{"href":"https:\/\/www.europesays.com\/es\/wp-json\/wp\/v2\/posts"}],"about":[{"href":"https:\/\/www.europesays.com\/es\/wp-json\/wp\/v2\/types\/post"}],"author":[{"embeddable":true,"href":"https:\/\/www.europesays.com\/es\/wp-json\/wp\/v2\/users\/2"}],"replies":[{"embeddable":true,"href":"https:\/\/www.europesays.com\/es\/wp-json\/wp\/v2\/comments?post=332904"}],"version-history":[{"count":0,"href":"https:\/\/www.europesays.com\/es\/wp-json\/wp\/v2\/posts\/332904\/revisions"}],"wp:featuredmedia":[{"embeddable":true,"href":"https:\/\/www.europesays.com\/es\/wp-json\/wp\/v2\/media\/332905"}],"wp:attachment":[{"href":"https:\/\/www.europesays.com\/es\/wp-json\/wp\/v2\/media?parent=332904"}],"wp:term":[{"taxonomy":"category","embeddable":true,"href":"https:\/\/www.europesays.com\/es\/wp-json\/wp\/v2\/categories?post=332904"},{"taxonomy":"post_tag","embeddable":true,"href":"https:\/\/www.europesays.com\/es\/wp-json\/wp\/v2\/tags?post=332904"}],"curies":[{"name":"wp","href":"https:\/\/api.w.org\/{rel}","templated":true}]}}