{"id":332914,"date":"2026-01-10T08:43:14","date_gmt":"2026-01-10T08:43:14","guid":{"rendered":"https:\/\/www.europesays.com\/es\/332914\/"},"modified":"2026-01-10T08:43:14","modified_gmt":"2026-01-10T08:43:14","slug":"johnny-knoxville-anuncio-el-regreso-de-jackass-cuando-sera-el-estreno-y-quienes-volveran-a-la-franquicia","status":"publish","type":"post","link":"https:\/\/www.europesays.com\/es\/332914\/","title":{"rendered":"Johnny Knoxville anunci\u00f3 el regres\u00f3 de Jackass: cu\u00e1ndo ser\u00e1 el estreno y qui\u00e9nes volver\u00e1n a la franquicia"},"content":{"rendered":"<p>Jackass estrenar\u00e1 su quinta pel\u00edcula a mediados de 2026 con un elenco ampliado y viejos conocidos (Youtube \/ Paramount Pictures)<\/p>\n<p class=\"paragraph\"><a href=\"https:\/\/www.infobae.com\/tag\/jackass\/\" target=\"_blank\" rel=\"noreferrer nofollow noopener\" title=\"https:\/\/www.infobae.com\/tag\/jackass\/\"><b>Jackass<\/b><\/a>, una de las franquicias de comedia m\u00e1s exitosas del siglo XXI, tendr\u00e1 una <b>nueva pel\u00edcula<\/b>, la 5\u00b0 desde el estreno del reality show en los 2000. Se trata de otra producci\u00f3n m\u00e1s en la que un grupo de \u201cburros\u201d o \u201ctontos\u201d, seg\u00fan la traducci\u00f3n, emplea <b>acrobacias peligrosas y bromas de humor f\u00edsico<\/b>. Johnny Knoxville, que propuso el nombre para describir ir\u00f3nicamente a las locuras que iban a hacer, volver\u00e1 a liderar el fen\u00f3meno juvenil que capt\u00f3 la atenci\u00f3n de adolescentes durante a\u00f1os.<\/p>\n<p class=\"paragraph\">Originalmente creado en MTV a principios del siglo, cuenta con 3 temporadas y 25 cap\u00edtulos en total. Asimismo, seg\u00fan The Movie Database (TMDB), <b>existen 9 pel\u00edculas entre las oficiales y los derivados<\/b>. Jackass: The Movie (2002), Jackass Number Two (2006), Jackas 3D (2010) y Jackass Forever (2022) son los films oficiales, adem\u00e1s de las versiones extendidas estrenadas en 2007, 2011 y 2022.<\/p>\n<p><img alt=\"Johnny Knoxville anuncia la quinta\" class=\"global-image\" decoding=\"async\" fetchpriority=\"low\" height=\"720\" loading=\"lazy\" src=\"https:\/\/www.europesays.com\/es\/wp-content\/uploads\/2026\/01\/MDM3GZEGMZCR5B6L5RQV6P74OY.jpeg\" width=\"1280\"\/>Johnny Knoxville anuncia la quinta pel\u00edcula de Jackass confirmando su regreso como protagonista de la saga (IMDB)<\/p>\n<p class=\"paragraph\">Fue el propio <b>Johnny Konxville<\/b> quien, a trav\u00e9s de su cuenta de Instagram y en una publicaci\u00f3n compartida con la franquicia y Paramount Pictures, <b>confirm\u00f3 que el estreno ser\u00e1 el 26 de junio<\/b>. Ser\u00e1 la quinta pel\u00edcula del reality que contar\u00e1 con el protagonismo de su creador, confirmaron medios como Variety y EFE.<\/p>\n<p><img alt=\"Johnny Knoxville anunci\u00f3 junto a\" class=\"global-image\" decoding=\"async\" fetchpriority=\"low\" height=\"1080\" loading=\"lazy\" src=\"https:\/\/www.europesays.com\/es\/wp-content\/uploads\/2026\/01\/JCJEKTGQMBFKBHPX22FYR3WZ7Q.jpg\" width=\"1920\"\/>Johnny Knoxville anunci\u00f3 junto a Paramount Pictures el estreno de la quinta edici\u00f3n de Jackass para el 26 de junio (Instagram \/ @johnnyknoxville)<\/p>\n<p class=\"paragraph\">En su mensaje, el cocreador, que tiene 54 a\u00f1os, escribi\u00f3 a sus seguidores: \u201c\u00a1Quer\u00edamos avisarles que <b>este verano Jackass regresa<\/b>! Nos vemos en los cines el 26 de junio. <b>Habr\u00e1 m\u00e1s, pero quer\u00edamos que lo supieran primero por nosotros<\/b>\u201d. El anuncio, acompa\u00f1ado de una imagen del logotipo de la saga, recibi\u00f3 mensajes de apoyo de miembros veteranos como <a href=\"https:\/\/www.infobae.com\/entretenimiento\/2024\/07\/05\/steve-o-de-jackass-se-sometera-a-una-cirugia-de-aumento-de-senos\/\" target=\"_blank\" rel=\"noreferrer nofollow noopener\" title=\"https:\/\/www.infobae.com\/entretenimiento\/2024\/07\/05\/steve-o-de-jackass-se-sometera-a-una-cirugia-de-aumento-de-senos\/\"><b>Steve-O<\/b><\/a>, seg\u00fan recogi\u00f3 EFE.<\/p>\n<p class=\"paragraph\">La informaci\u00f3n fue confirmada por Variety, que se\u00f1al\u00f3 que la nueva cinta ser\u00e1 la quinta entrega oficial de la serie. La franquicia, reconocida por las acrobacias extremas y las bromas autolesivas que la caracterizan, regresa a los cines <b>cuatro a\u00f1os despu\u00e9s del estreno de \u201c<\/b><b>Jackass Forever<\/b><b>\u201d en 2022<\/b>.<\/p>\n<p class=\"paragraph\">Desde su creaci\u00f3n como serie en <b>MTV en 2000<\/b>, <b>Jackass<\/b> evolucion\u00f3 r\u00e1pidamente hacia una franquicia cinematogr\u00e1fica de alcance internacional. Tras tres temporadas televisivas, el grupo dio el salto al cine, <b>manteniendo la esencia de humor f\u00edsico y pruebas arriesgadas<\/b>. EFE recuerda que, pese a los desaf\u00edos de la edad, el elenco original supo adaptar su estilo irreverente a las nuevas circunstancias.<\/p>\n<p><img alt=\"Johnny Knoxville mantiene su papel\" class=\"global-image\" decoding=\"async\" fetchpriority=\"low\" height=\"3667\" loading=\"lazy\" src=\"https:\/\/www.europesays.com\/es\/wp-content\/uploads\/2026\/01\/TN6RLMC4RIX576RFUYIXDBZGQM.jpg\" width=\"5500\"\/>Johnny Knoxville mantiene su papel como figura central de la saga, pese a las advertencias m\u00e9dicas por lesiones sufridas en acrobacias previas (REUTERS\/Mario Anzuoni)<\/p>\n<p class=\"paragraph\">Para esta <b>quinta entrega<\/b>, Variety avanz\u00f3 que el proyecto <b>incluir\u00e1 tanto a miembros cl\u00e1sicos como a nuevas incorporaciones<\/b>. Zack Holmes, Sean Poopies McInerney, Jasper Dolphin, Eric Manaka y Rachel Wolfson figuran entre los posibles nuevos integrantes que ampliar\u00edan la alineaci\u00f3n del grupo de \u201ctontos\u201d, anticipando una renovaci\u00f3n generacional. Los detalles sobre el t\u00edtulo oficial y el reparto completo no han sido revelados todav\u00eda.<\/p>\n<p class=\"paragraph\"><b>Johnny Knoxville<\/b> <b>se mantiene como figura central de la franquicia<\/b>, pese a las advertencias m\u00e9dicas recibidas tras <b>sufrir da\u00f1o cerebral<\/b> durante una acrobacia en la pel\u00edcula anterior. En una entrevista en 2022, recogida por Variety, el actor relat\u00f3 que los <b>m\u00e9dicos le recomendaron evitar recibir m\u00e1s golpes en la cabeza<\/b>. A pesar de estos riesgos, el actor sigue comprometido con la saga, s\u00edmbolo de la cultura popular internacional.<\/p>\n<p><img alt=\"Jackass se caracteriz\u00f3, desde su\" class=\"global-image\" decoding=\"async\" fetchpriority=\"low\" height=\"478\" loading=\"lazy\" src=\"https:\/\/www.europesays.com\/es\/wp-content\/uploads\/2026\/01\/KQVCKAFZJVEVBD3V4TDM2VUUAM.jpg\" width=\"850\"\/>Jackass se caracteriz\u00f3, desde su estreno, por chistes extremos y locuras peligrosas (Paramount Pictures)<\/p>\n<p class=\"paragraph\">El anuncio ocurre poco despu\u00e9s de que el protagonista compartiera en redes sociales detalles sobre su boda con la dise\u00f1adora de vestuario Emily Ting. Sin embargo, la atenci\u00f3n tanto de sus seguidores como de los medios contin\u00faa centrada en el futuro de <b>Jackass<\/b> y en las acrobacias que traer\u00e1 la nueva pel\u00edcula.<\/p>\n<p class=\"paragraph\">La franquicia afronta este <b>2026<\/b> con una energ\u00eda renovada y la <b>promesa de seguir sorprendiendo a los espectadores<\/b>, consolidando su lugar como una de las grandes sagas del cine de acrobacias de las \u00faltimas dos d\u00e9cadas.<\/p>\n<p><img alt=\"Steve-O volver\u00e1 a formar parte\" class=\"global-image\" decoding=\"async\" fetchpriority=\"low\" height=\"1080\" loading=\"lazy\" src=\"https:\/\/www.europesays.com\/es\/wp-content\/uploads\/2026\/01\/I7T5C37L6RHGXN3J4ONATMTQAM.jpg\" width=\"1920\"\/>Steve-O volver\u00e1 a formar parte de la franquicia y confirm\u00f3 que Bam Margera formar\u00e1 parte (Photo by Theo Wargo\/WireImage)<\/p>\n<p class=\"paragraph\">Si de Jackass se habla, los primeros nombres que se vienen al imaginario son Johnny Knoxville, Steve-O y <b>Bam Margera<\/b>. Este \u00faltimo, sin embargo, fue despedido en la \u00faltima producci\u00f3n debido al incumplimiento de acuerdos de bienestar, sumado a sus conflictos y batallas con el alcoholismo y las drogas. A pesar de los problemas que surgieron, <b>han confirmado que \u201ctodos los hermanos volver\u00e1n a estar juntos\u201d<\/b>, haciendo referencia al elenco principal.<\/p>\n<p class=\"paragraph\">Stephen Glover, en declaraciones recogidas por TMZ, adelant\u00f3: \u201cTodav\u00eda hay algunas cosas que deben resolverse, pero no hay nada mejor que cerrar el c\u00edrculo de la redenci\u00f3n, un regreso triunfal y que podamos cabalgar hacia el ocaso en victoria, todos nosotros juntos\u201d.<\/p>\n","protected":false},"excerpt":{"rendered":"Jackass estrenar\u00e1 su quinta pel\u00edcula a mediados de 2026 con un elenco ampliado y viejos conocidos (Youtube \/&hellip;\n","protected":false},"author":2,"featured_media":332915,"comment_status":"","ping_status":"","sticky":false,"template":"","format":"standard","meta":{"footnotes":""},"categories":[169],"tags":[177,146,147,25,24,176,175,23],"class_list":{"0":"post-332914","1":"post","2":"type-post","3":"status-publish","4":"format-standard","5":"has-post-thumbnail","7":"category-cine","8":"tag-cine","9":"tag-entertainment","10":"tag-entretenimiento","11":"tag-es","12":"tag-espana","13":"tag-film","14":"tag-movies","15":"tag-spain"},"share_on_mastodon":{"url":"https:\/\/pubeurope.com\/@es\/115869922478966658","error":""},"_links":{"self":[{"href":"https:\/\/www.europesays.com\/es\/wp-json\/wp\/v2\/posts\/332914","targetHints":{"allow":["GET"]}}],"collection":[{"href":"https:\/\/www.europesays.com\/es\/wp-json\/wp\/v2\/posts"}],"about":[{"href":"https:\/\/www.europesays.com\/es\/wp-json\/wp\/v2\/types\/post"}],"author":[{"embeddable":true,"href":"https:\/\/www.europesays.com\/es\/wp-json\/wp\/v2\/users\/2"}],"replies":[{"embeddable":true,"href":"https:\/\/www.europesays.com\/es\/wp-json\/wp\/v2\/comments?post=332914"}],"version-history":[{"count":0,"href":"https:\/\/www.europesays.com\/es\/wp-json\/wp\/v2\/posts\/332914\/revisions"}],"wp:featuredmedia":[{"embeddable":true,"href":"https:\/\/www.europesays.com\/es\/wp-json\/wp\/v2\/media\/332915"}],"wp:attachment":[{"href":"https:\/\/www.europesays.com\/es\/wp-json\/wp\/v2\/media?parent=332914"}],"wp:term":[{"taxonomy":"category","embeddable":true,"href":"https:\/\/www.europesays.com\/es\/wp-json\/wp\/v2\/categories?post=332914"},{"taxonomy":"post_tag","embeddable":true,"href":"https:\/\/www.europesays.com\/es\/wp-json\/wp\/v2\/tags?post=332914"}],"curies":[{"name":"wp","href":"https:\/\/api.w.org\/{rel}","templated":true}]}}