{"id":332923,"date":"2026-01-10T08:49:07","date_gmt":"2026-01-10T08:49:07","guid":{"rendered":"https:\/\/www.europesays.com\/es\/332923\/"},"modified":"2026-01-10T08:49:07","modified_gmt":"2026-01-10T08:49:07","slug":"desde-el-sabado-10-de-enero-habra-ajuste-en-la-tarifa-del-transporte-publico-colectivo-de-medellin-alcaldia-de-medellin","status":"publish","type":"post","link":"https:\/\/www.europesays.com\/es\/332923\/","title":{"rendered":"Desde el s\u00e1bado 10 de enero, habr\u00e1 ajuste en la tarifa del transporte p\u00fablico colectivo de Medell\u00edn &#8211; Alcald\u00eda de Medell\u00edn"},"content":{"rendered":"<ol>\n<li><a href=\"https:\/\/news.google.com\/rss\/articles\/CBMi6gFBVV95cUxQT2tLc2FEdnlvdTdvanpkM0tPbzJhUlNUWFI3enh3SXItQ3lOT3JJZjlhMW9oOHRzby16TXJZaDIySWpBdTVjLUFkSFlJNjZMRGVSNmYtdVVUbk9GTm9QcWhYbUhkTjBtT2s5TkRZTEZlajJBNExYMkI2ellidDZwN2FTcEp5WlhyRkpDS2Fxa1FpSW85T1FUY1B4a3JEdWgxdld6RkdZOU9fVWc4YTBJS3NiOXJmQy1SWms2Zl9ycnZQbHhPLVRFdllKMldId0ZsY2NCQkxDaGdTRnVmbkRpSGdCWmduU18yZmc?oc=5\" target=\"_blank\" rel=\"nofollow noopener\">Desde el s\u00e1bado 10 de enero, habr\u00e1 ajuste en la tarifa del transporte p\u00fablico colectivo de Medell\u00edn<\/a>&nbsp;&nbsp;Alcald\u00eda de Medell\u00edn<\/li>\n<li><a href=\"https:\/\/news.google.com\/rss\/articles\/CBMisgFBVV95cUxPX1pXWVc4Qi1qV2dFc21PRmJpLWlkeDEtRDRTR1BFQ3FaYzg5aTFHcTBTUXZ4cG52VHB6SEVFVlI3dmg5M0dQUUVUdk1idVV6eVpxUXp6dm4xSkFpZDBuSHV2ZmRCS2Q4NUszcUlSNGhyeTlBR0dUQmpsLTVGVktZaTNaUnU0ZVM4MWpDZVI0SzN0SllLbU9uN1I5VDR2eXp6bjdXNGx3WTgyMGxEZ3MwU0NB?oc=5\" target=\"_blank\" rel=\"nofollow noopener\">Atenci\u00f3n: as\u00ed quedaron pasajes de buses y del sistema metro en Medell\u00edn y el Valle de Aburr\u00e1 para 2026 | El Colombiano<\/a>&nbsp;&nbsp;El Colombiano<\/li>\n<li><a href=\"https:\/\/news.google.com\/rss\/articles\/CBMi5gFBVV95cUxOZTZYdExmeU1GdnhmLVkwaHpQREdLN1pNeFJ2N1NOeWF1RU1Ka0VrbE0zd0NXOEtacjRqR2ZjQU9YSDJEd1FHLVdJcGtkWF9KaXNocFJPTWFFVFRTOF9FUWhmam1pU2Y4T05rd1hBS05QRVdpRzJsZVpkWHplU040NDY3cGo0a0xKU3VJc0FmWjhmWmRndlNESThuekR3VEREdHBIbWtESnUyd180RjZKeUpDY1ppZnFVTFF2ellGdjd0ZTFzSktzdEpacjVoNkxLaHhaOEliemp2Tno2MURxclZmVEYydw?oc=5\" target=\"_blank\" rel=\"nofollow noopener\">Transportadores del Valle de Aburr\u00e1 advierten que el alza prevista de $400 en el pasaje urbano para 2026 no compensa el aumento de costos operativos y solicitan activar un fondo de estabilizaci\u00f3n tarifaria similar al del Metro<\/a>&nbsp;&nbsp;facebook.com<\/li>\n<li><a href=\"https:\/\/news.google.com\/rss\/articles\/CBMie0FVX3lxTE1CMW91MHZxZnQtOW9RWnR3R1NqcVZVSFRjWmt2UUQ0Sndickg1alc5NDduR05PTGZ0TjE5bl90ZGwzWDB3TTFHMzkxMHBUU3lUMFNRRUk5bHhtVm55VnNVZ05DMkIwbkNsOUs2SmFYemdBWFZvaWJPZUc0VQ?oc=5\" target=\"_blank\" rel=\"nofollow noopener\">As\u00ed qued\u00f3 el pasaje de las rutas entre Medell\u00edn y otros municipios del Valle de Aburr\u00e1<\/a>&nbsp;&nbsp;Telemedell\u00edn<\/li>\n<li><a href=\"https:\/\/news.google.com\/rss\/articles\/CBMirAFBVV95cUxOYzRkZDBveTVYYVRoN0dSUEJvbEFBZW5QLUhYNlh6X01senNzTndOZkYtM0ZHdUdNd21GQmJjWXgzUEdKMkFxZVpJR1ZWbDc0ZlRxMEpqcEY3azJERUFKQlVHckdVN0hrVzEzdmtIeHFBRDkycmhONHcwUEIxOEVxMHVOLWhRMERYQlI1amlOOUt4bkw2NnEyQUZzVEdUbE9uSlpNNFAtMm9qQXVr0gHAAUFVX3lxTE9Ib1BFNEliRXRHRDh5dXU3SHcyS1ZtS3hDT19zZW9hVkYyVnNrSmJBRzJrSHp4ejBtQ18wTFd5OEItSjItbWFhRVJfbHdvV292OGs4UTFFWlliMm8tWDN1ZHlNeG5PVkhza0laU2QwVVVaaFJjSzB3bXRGanU1elh2VWwtMWdsYWV3N0kwNVhiTmRFN1p3blBJSTNVUGpLZWJPeWVxQ2JGWFFmRDU5U0diWkxwc0F4aHc1eHVCWnJZZA?oc=5\" target=\"_blank\" rel=\"nofollow noopener\">\u00c1rea Metropolitana define nuevas tarifas del transporte p\u00fablico colectivo<\/a>&nbsp;&nbsp;Caracol Radio<\/li>\n<\/ol>\n","protected":false},"excerpt":{"rendered":"Desde el s\u00e1bado 10 de enero, habr\u00e1 ajuste en la tarifa del transporte p\u00fablico colectivo de Medell\u00edn&nbsp;&nbsp;Alcald\u00eda de&hellip;\n","protected":false},"author":2,"featured_media":332924,"comment_status":"","ping_status":"","sticky":false,"template":"","format":"standard","meta":{"footnotes":""},"categories":[42],"tags":[17,18,13,14,11,61,62,63,64,19,20,8137,9,10,15,16,12,21,22,65,66,67],"class_list":{"0":"post-332923","1":"post","2":"type-post","3":"status-publish","4":"format-standard","5":"has-post-thumbnail","7":"category-internacional","8":"tag-breaking-news","9":"tag-breakingnews","10":"tag-featured-news","11":"tag-featurednews","12":"tag-headlines","13":"tag-internacional","14":"tag-international","15":"tag-international-news","16":"tag-internationalnews","17":"tag-latest-news","18":"tag-latestnews","19":"tag-movilidad","20":"tag-news","21":"tag-noticias","22":"tag-noticias-destacadas","23":"tag-noticiasdestacadas","24":"tag-titulares","25":"tag-ultimas-noticias","26":"tag-ultimasnoticias","27":"tag-world","28":"tag-world-news","29":"tag-worldnews"},"share_on_mastodon":{"url":"https:\/\/pubeurope.com\/@es\/115869945962965104","error":""},"_links":{"self":[{"href":"https:\/\/www.europesays.com\/es\/wp-json\/wp\/v2\/posts\/332923","targetHints":{"allow":["GET"]}}],"collection":[{"href":"https:\/\/www.europesays.com\/es\/wp-json\/wp\/v2\/posts"}],"about":[{"href":"https:\/\/www.europesays.com\/es\/wp-json\/wp\/v2\/types\/post"}],"author":[{"embeddable":true,"href":"https:\/\/www.europesays.com\/es\/wp-json\/wp\/v2\/users\/2"}],"replies":[{"embeddable":true,"href":"https:\/\/www.europesays.com\/es\/wp-json\/wp\/v2\/comments?post=332923"}],"version-history":[{"count":0,"href":"https:\/\/www.europesays.com\/es\/wp-json\/wp\/v2\/posts\/332923\/revisions"}],"wp:featuredmedia":[{"embeddable":true,"href":"https:\/\/www.europesays.com\/es\/wp-json\/wp\/v2\/media\/332924"}],"wp:attachment":[{"href":"https:\/\/www.europesays.com\/es\/wp-json\/wp\/v2\/media?parent=332923"}],"wp:term":[{"taxonomy":"category","embeddable":true,"href":"https:\/\/www.europesays.com\/es\/wp-json\/wp\/v2\/categories?post=332923"},{"taxonomy":"post_tag","embeddable":true,"href":"https:\/\/www.europesays.com\/es\/wp-json\/wp\/v2\/tags?post=332923"}],"curies":[{"name":"wp","href":"https:\/\/api.w.org\/{rel}","templated":true}]}}