{"id":332951,"date":"2026-01-10T09:11:12","date_gmt":"2026-01-10T09:11:12","guid":{"rendered":"https:\/\/www.europesays.com\/es\/332951\/"},"modified":"2026-01-10T09:11:12","modified_gmt":"2026-01-10T09:11:12","slug":"la-batalla-de-ia-personal-los-nuevos-asistentes-que-buscan-conocerte-mejor-que-tu-mismo-tecnologia","status":"publish","type":"post","link":"https:\/\/www.europesays.com\/es\/332951\/","title":{"rendered":"La batalla de IA personal: los nuevos asistentes que buscan conocerte mejor que t\u00fa mismo | Tecnolog\u00eda"},"content":{"rendered":"<p class=\"\"><a href=\"https:\/\/elpais.com\/tecnologia\/2023-11-19\/de-la-fascinacion-a-la-agenda-oculta-el-ano-de-chatgpt-define-la-batalla-por-el-futuro-de-la-humanidad.html\" target=\"_self\" rel=\"nofollow noopener\" title=\"https:\/\/elpais.com\/tecnologia\/2023-11-19\/de-la-fascinacion-a-la-agenda-oculta-el-ano-de-chatgpt-define-la-batalla-por-el-futuro-de-la-humanidad.html\">La revoluci\u00f3n de la IA generativa pareci\u00f3 pillar por sorpresa<\/a> a varios gigantes tecnol\u00f3gicos a finales de 2022. Microsoft y Google dieron un par de volantazos hasta encontrar durante el a\u00f1o siguiente el rumbo de su reacci\u00f3n al gran \u00e9xito de ChatGPT. <a href=\"https:\/\/elpais.com\/tecnologia\/2024-06-10\/wwdc-2024-apple-presenta-en-su-keynote-un-nuevo-sistema-de-inteligencia-artificial-para-ios-18-y-macos-15.html\" target=\"_self\" rel=\"nofollow noopener\" title=\"https:\/\/elpais.com\/tecnologia\/2024-06-10\/wwdc-2024-apple-presenta-en-su-keynote-un-nuevo-sistema-de-inteligencia-artificial-para-ios-18-y-macos-15.html\">Apple esper\u00f3 a junio de 2024 para presentar su respuesta,<\/a> basada en evitar el t\u00e9rmino \u201cartificial\u201d y centrarse en una inteligencia personal. Esa idea de simplificar la IA y hacerla muy pr\u00e1ctica para cosas cotidianas result\u00f3 ser demasiado compleja para la compa\u00f1\u00eda de la manzana, <a href=\"https:\/\/elpais.com\/tecnologia\/2025-04-03\/apple-aplaza-sin-fecha-su-ia-personal-y-lanza-en-espanol-otras-funciones-generativas-mas-basicas.html\" target=\"_self\" rel=\"nofollow noopener\" title=\"https:\/\/elpais.com\/tecnologia\/2025-04-03\/apple-aplaza-sin-fecha-su-ia-personal-y-lanza-en-espanol-otras-funciones-generativas-mas-basicas.html\">que tuvo que retrasar su lanzamiento un a\u00f1o,<\/a> ahora previsto para esta primavera. <\/p>\n<p class=\"\">Mientras tanto, Lenovo ha estado desarrollando en silencio una estrategia a\u00fan m\u00e1s ambiciosa para crear tambi\u00e9n una IA personal. Y en la feria CES, <a href=\"https:\/\/elpais.com\/noticias\/ces-consumer-electronic-show\/\" target=\"_self\" rel=\"nofollow noopener\" title=\"https:\/\/elpais.com\/noticias\/ces-consumer-electronic-show\/\">celebrada esta semana en Las Vegas (EE UU),<\/a> el gigante tecnol\u00f3gico chino finalmente ha presentado Qira unos meses antes de su lanzamiento, que promete realizar durante 2026.<\/p>\n<p class=\"\">Igual que la Siri de nueva generaci\u00f3n en la que trabaja Apple, Qira busca conocer al usuario por la informaci\u00f3n que guarda en su m\u00f3vil, tableta y ordenador, o por c\u00f3mo interacciona con esos dispositivos. As\u00ed, ambas ser\u00e1n capaces de recordar lugares visitados e incluso nombres de personas que el usuario ya no recuerda ni sabe c\u00f3mo buscar, tal y como promocion\u00f3 Apple en <a href=\"https:\/\/www.youtube.com\/watch?v=IIOw69HztX0\" target=\"_self\" rel=\"nofollow noopener\" title=\"https:\/\/www.youtube.com\/watch?v=IIOw69HztX0\">un anuncio protagonizado por la actriz Bella Ramsey,<\/a> de la serie The Last Of Us. Apple retir\u00f3 esa publicidad cuando no fue capaz de cumplir con esas propias expectativas que se marcaba.<\/p>\n<p>M\u00e1s informaci\u00f3n<\/p>\n<p class=\"\">Yendo varios pasos m\u00e1s all\u00e1 que la esperada nueva Siri, Lenovo \u2014la compa\u00f1\u00eda que ha invitado a EL PA\u00cdS al CES\u2014 usar\u00e1 Qira para anticiparse a los deseos del usuario y ofrecerse ella misma para realizar tareas y finalizar trabajos que se hayan quedado atascados&#8230; \u201csi el usuario se lo permite\u201d, aclar\u00f3 Yuanquin Yang, consejero delegado de la compa\u00f1\u00eda, durante la presentaci\u00f3n Tech World, celebrada en la Esfera de Las Vegas este martes. Yang repiti\u00f3 esa coletilla del permiso del usuario al detallar las diferentes posibilidades de Qira, haciendo hincapi\u00e9 tambi\u00e9n en la privacidad de su nuevo asistente virtual. Para cada una de las funciones de la IA personal de Lenovo, los usuarios tendr\u00e1n que tomar la decisi\u00f3n de aceptarlas previamente. Este tipo de consentimientos se han generalizado para evitar las acusaciones de intrusismo y violaci\u00f3n de la privacidad que han recibido funciones de IA generativa como el Recall de Microsoft.<\/p>\n<p>Consentimiento y privacidad<\/p>\n<p class=\"\">\u201cSi el usuario lo permite\u201d, como recalca Lenovo, Qira estar\u00e1 activo en los \u00faltimos modelos de sus ordenadores y tabletas, as\u00ed como en los m\u00f3viles y relojes inteligentes de Motorola \u2014tambi\u00e9n propiedad de la marca asi\u00e1tica\u2014. No importa si el usuario est\u00e1 en su tel\u00e9fono y fuera de la oficina, Qira estar\u00e1 atento para prestar su ayuda y, por ejemplo, ofrecerse para acabar por s\u00ed misma una presentaci\u00f3n o un informe que se qued\u00f3 a medias en el ordenador del trabajo. Ese fue el tipo de funciones avanzadas que ense\u00f1\u00f3 en directo durante la Tech World de Lenovo su directiva Angelina G\u00f3mez, jefa de m\u00e1rketing de software de la compa\u00f1\u00eda.<\/p>\n<p class=\"\">A falta del lanzamiento al p\u00fablico de su versi\u00f3n definitiva, en las demostraciones \u2014realizadas por Lenovo a la prensa durante el CES\u2014 Qira fue capaz de hacer tareas m\u00e1s b\u00e1sicas como ofrecer y realizar una b\u00fasqueda de viajes a Italia cuando el usuario estaba buscando informaci\u00f3n sobre qu\u00e9 hacer en Florencia. Eso es lo que hacen los agentes de IA \u2014perciben su entorno, razonan, planifican y automatizan tareas complejas\u2014, a diferencia de los chatbots y asistentes, que conversan demandando una intervenci\u00f3n humana constante para ir completando cada paso de su labor de ayuda.<\/p>\n<p class=\"\">\u201cQira no es un asistente m\u00e1s, sino una nueva manera en la que la IA se muestra a trav\u00e9s de m\u00faltiples dispositivos\u201d, afirma Dan Dery, vicepresidente de ecosistema de inteligencia artificial de Lenovo. Para diferenciarlo, la compa\u00f1\u00eda lo denomina un superagente; y recalca que se apoya en una IA h\u00edbrida, que combina computaci\u00f3n realizada en los propios ordenadores, tabletas y tel\u00e9fonos de los usuarios y tambi\u00e9n \u2014como hace ChatGPT\u2014 en servidores en la nube.<\/p>\n<p class=\"\">A falta de una explicaci\u00f3n detallada de Apple de las causas t\u00e9cnicas que le llevaron a posponer la profunda renovaci\u00f3n de Siri que hab\u00eda prometido, las filtraciones apuntan a que la compa\u00f1\u00eda de la manzana fue desarrollando sus propios modelos grandes de lenguaje (LLM, por sus siglas en ingl\u00e9s) para abordar diferentes funciones de su IA personal; <a href=\"https:\/\/elpais.com\/tecnologia\/2025-07-02\/el-frenazo-de-apple-con-la-ia-por-que-ha-fracasado-en-la-renovacion-de-siri.html\" target=\"_self\" rel=\"nofollow noopener\" title=\"https:\/\/elpais.com\/tecnologia\/2025-07-02\/el-frenazo-de-apple-con-la-ia-por-que-ha-fracasado-en-la-renovacion-de-siri.html\">pero cuando las junt\u00f3, el sistema comenz\u00f3 a elaborar respuestas poco fiables.<\/a> Craig Federighi, el vicepresidente de Apple encargado de su software, se limit\u00f3 a afirmar el pasado mes de junio que hab\u00edan tenido que cambiar a una arquitectura de software de segunda generaci\u00f3n para la nueva Siri porque la primera \u2014dise\u00f1ada para poder lanzarla cuanto antes\u2014 hab\u00eda resultado ser \u201cdemasiado limitada\u201d. Los \u00faltimos rumores apuntan a que, adem\u00e1s, Apple ha optado por recurrir a LLMs creados por Google para Gemini, para no depender exclusivamente de desarrollos propios demasiado costosos y complejos.<\/p>\n<p>Necesidad de alianzas entre las grandes tecnol\u00f3gicas<\/p>\n<p class=\"\">Aunque comparte inspiraci\u00f3n con Apple Intelligence, la IA personal de Lenovo ha recurrido en cambio a m\u00faltiples proveedores de modelos e infraestructura IA como Microsoft, Stability AI, Notion o Perplexity. \u201cLas alianzas y la cooperaci\u00f3n son esenciales en esta nueva era de la IA, ninguna compa\u00f1\u00eda puede hacerlo todo ella sola\u201d, afirm\u00f3 Tolga Kurtoglu \u2014m\u00e1ximo responsable tecnol\u00f3gico de Lenovo\u2014 en un encuentro privado con medios y analistas al que acudi\u00f3 EL PA\u00cdS durante la feria CES 2026, concluida este viernes. Kurtoglu explic\u00f3 que para sostener un superagente IA como Qira es necesaria \u201cuna orquestaci\u00f3n inteligente de una variada gama de modelos de lenguaje especializados\u201d, que le lleva a\t\u201celegir el mejor para las necesidades del usuario en cada caso y a optimizar el rendimiento y la seguridad, adem\u00e1s de reducir el coste de la computaci\u00f3n\u201c.<\/p>\n<p class=\"\">En el mismo encuentro con medios, Yang, el m\u00e1ximo directivo de Lenovo, espera que la apuesta de su compa\u00f1\u00eda por una IA personal ayude a empoderar a los usuarios de sus m\u00f3viles y ordenadores en su proceso de adopci\u00f3n de la inteligencia artificial, algo que considera inevitable. Su hom\u00f3logo en Apple, Tim Cook, ha afirmado durante sus presentaciones que aspira a que la nueva Siri con inteligencia personal \u2014capaz tambi\u00e9n de interpretar el contexto y los datos personales de cada usuario\u2014 marque una \u201cdiferencia profunda\u201d en la manera en la que usamos nuestros dispositivos; un paso m\u00e1s, natural, dentro de la evoluci\u00f3n tecnol\u00f3gica que se inici\u00f3 en los a\u00f1os 1970 con el ordenador personal.<\/p>\n<p class=\"\">En la batalla por apuntarse ese hito, Lenovo parece contar con una infraestructura m\u00e1s s\u00f3lida y persigue ideas m\u00e1s ambiciosas como la creaci\u00f3n de \u201cgemelos digitales\u201d de sus usuarios, capaces de procesar los recuerdos y la informaci\u00f3n de los usuarios para, en cierto modo, conocerlos mejor que ellos mismos. Si lo logra, ser\u00eda una nueva frontera tecnol\u00f3gica y \u00e9tica para la IA generativa y, como muchos de sus recientes avances, abrir\u00eda la puerta a usos indebidos. Apple, que afirma priorizar la privacidad y la cautela en su progresos en este terreno sobre la urgencia de usar el primero, cuenta con una ventaja sobre Lenovo en esta batalla tecnol\u00f3gica: su enorme base de usuarios, que tienen al mismo tiempo iPhone y un Mac o un iPad. Es mucho menor el n\u00famero de personas que tienen un m\u00f3vil Motorola y un ordenador Lenovo, lo que hace que limita las posibilidades de que acabe cuajando la prometedora innovaci\u00f3n que supone Qira.<\/p>\n","protected":false},"excerpt":{"rendered":"La revoluci\u00f3n de la IA generativa pareci\u00f3 pillar por sorpresa a varios gigantes tecnol\u00f3gicos a finales de 2022.&hellip;\n","protected":false},"author":2,"featured_media":332952,"comment_status":"","ping_status":"","sticky":false,"template":"","format":"standard","meta":{"footnotes":""},"categories":[81],"tags":[71957,1275,119,123,124,25,24,136,41714,12223,5004,117,121,122,23,118,120,76572],"class_list":{"0":"post-332951","1":"post","2":"type-post","3":"status-publish","4":"format-standard","5":"has-post-thumbnail","7":"category-ciencia-y-tecnologia","8":"tag-ces","9":"tag-chatgpt","10":"tag-ciencia","11":"tag-ciencia-y-tecnologia","12":"tag-cienciaytecnologia","13":"tag-es","14":"tag-espana","15":"tag-inteligencia-artificial","16":"tag-jensen-huang","17":"tag-nvidia-corporation","18":"tag-openai","19":"tag-science","20":"tag-science-and-technology","21":"tag-scienceandtechnology","22":"tag-spain","23":"tag-technology","24":"tag-tecnologia","25":"tag-yuanquinq-yang"},"share_on_mastodon":{"url":"https:\/\/pubeurope.com\/@es\/115870032453331427","error":""},"_links":{"self":[{"href":"https:\/\/www.europesays.com\/es\/wp-json\/wp\/v2\/posts\/332951","targetHints":{"allow":["GET"]}}],"collection":[{"href":"https:\/\/www.europesays.com\/es\/wp-json\/wp\/v2\/posts"}],"about":[{"href":"https:\/\/www.europesays.com\/es\/wp-json\/wp\/v2\/types\/post"}],"author":[{"embeddable":true,"href":"https:\/\/www.europesays.com\/es\/wp-json\/wp\/v2\/users\/2"}],"replies":[{"embeddable":true,"href":"https:\/\/www.europesays.com\/es\/wp-json\/wp\/v2\/comments?post=332951"}],"version-history":[{"count":0,"href":"https:\/\/www.europesays.com\/es\/wp-json\/wp\/v2\/posts\/332951\/revisions"}],"wp:featuredmedia":[{"embeddable":true,"href":"https:\/\/www.europesays.com\/es\/wp-json\/wp\/v2\/media\/332952"}],"wp:attachment":[{"href":"https:\/\/www.europesays.com\/es\/wp-json\/wp\/v2\/media?parent=332951"}],"wp:term":[{"taxonomy":"category","embeddable":true,"href":"https:\/\/www.europesays.com\/es\/wp-json\/wp\/v2\/categories?post=332951"},{"taxonomy":"post_tag","embeddable":true,"href":"https:\/\/www.europesays.com\/es\/wp-json\/wp\/v2\/tags?post=332951"}],"curies":[{"name":"wp","href":"https:\/\/api.w.org\/{rel}","templated":true}]}}