{"id":332955,"date":"2026-01-10T09:13:07","date_gmt":"2026-01-10T09:13:07","guid":{"rendered":"https:\/\/www.europesays.com\/es\/332955\/"},"modified":"2026-01-10T09:13:07","modified_gmt":"2026-01-10T09:13:07","slug":"consejo-de-seguridad-de-onu-convoca-de-urgencia-por-ucrania-dw-10-01-2026","status":"publish","type":"post","link":"https:\/\/www.europesays.com\/es\/332955\/","title":{"rendered":"Consejo de Seguridad de ONU convoca de urgencia por Ucrania \u2013 DW \u2013 10\/01\/2026"},"content":{"rendered":"<p>El Consejo de Seguridad de la <a class=\"internal-link\" href=\"https:\/\/www.dw.com\/es\/onu\/t-17409613\" rel=\"nofollow noopener\" target=\"_blank\">ONU<\/a> se reunir\u00e1 el lunes para tratar la situaci\u00f3n en <a class=\"internal-link\" href=\"https:\/\/www.dw.com\/es\/ucrania\/t-36925922\" rel=\"nofollow noopener\" target=\"_blank\">Ucrania<\/a>, despu\u00e9s de que Rusia lanz\u00f3 ataques contra <a class=\"internal-link\" href=\"https:\/\/www.dw.com\/es\/kiev\/t-17409129\" rel=\"nofollow noopener\" target=\"_blank\">Kiev<\/a> que provocaron <a class=\"internal-link\" href=\"https:\/\/www.dw.com\/es\/kiev-se-queda-sin-calefacci\u00f3n-tras-ataque-y-alcalde-pide-evacuar\/a-75453865\" rel=\"nofollow noopener\" target=\"_blank\">severos cortes de calefacci\u00f3n en pleno invierno<\/a>, seg\u00fan el calendario revisado del organismo publicado este viernes (09.01.2026) por la noche.<\/p>\n<p><a class=\"internal-link\" href=\"https:\/\/www.dw.com\/es\/rusia-bombardea-kiev-tras-rechazar-plan-europeo\/a-75443673\" rel=\"nofollow noopener\" target=\"_blank\">Mosc\u00fa bombarde\u00f3 la capital ucraniana<\/a> como parte de un ataque masivo en varias regiones del pa\u00eds que dej\u00f3 al menos cuatro muertos y 24 heridos, pocas horas despu\u00e9s de rechazar como \u00abmilitarista\u00bb un plan europeo para desplegar una fuerza multinacional en Ucrania tras un posible fin de la guerra.<\/p>\n<p>Por segunda vez desde el inicio del conflicto en 2022, Rusia lanz\u00f3 un misil hipers\u00f3nico Or\u00e9shnik.<\/p>\n<p>\u00abUn nuevo y atroz nivel de cr\u00edmenes de guerra\u00bb<\/p>\n<p>\u00abLa Federaci\u00f3n de Rusia ha alcanzado un nuevo y atroz nivel de cr\u00edmenes de guerra y cr\u00edmenes contra la humanidad con su terror contra civiles e infraestructuras civiles en Ucrania\u00bb, afirm\u00f3 el embajador ucraniano ante la ONU, Andrii Melnik, en una carta al Consejo de Seguridad a la que tuvo acceso la AFP.<\/p>\n<p>Ucrania y sus aliados occidentales, que se apresuran a poner fin al conflicto que se acerca a los cuatro a\u00f1os, acordaron esta semana que Europa desplegar\u00e1 tropas tras un eventual alto el fuego.\u00a0<\/p>\n<p>La madrugada del viernes, unos 40 sitios resultaron afectados por los <a class=\"internal-link\" href=\"https:\/\/www.dw.com\/es\/ucrania-denuncia-ataques-contra-dos-puertos-de-odesa\/a-75426389\" rel=\"nofollow noopener\" target=\"_blank\">ataques rusos<\/a>, incluidos 20 edificios residenciales y la embajada de Qatar en la capital, inform\u00f3 el presidente ucraniano, Volodimir Zelenski.<\/p>\n<p>mg (afp, Ukrinform)<\/p>\n<p>\u00a0<\/p>\n","protected":false},"excerpt":{"rendered":"El Consejo de Seguridad de la ONU se reunir\u00e1 el lunes para tratar la situaci\u00f3n en Ucrania, despu\u00e9s&hellip;\n","protected":false},"author":2,"featured_media":332956,"comment_status":"","ping_status":"","sticky":false,"template":"","format":"standard","meta":{"footnotes":""},"categories":[42],"tags":[17,18,13,14,11,61,62,63,64,19,20,9,10,15,16,12,21,22,65,66,67],"class_list":{"0":"post-332955","1":"post","2":"type-post","3":"status-publish","4":"format-standard","5":"has-post-thumbnail","7":"category-internacional","8":"tag-breaking-news","9":"tag-breakingnews","10":"tag-featured-news","11":"tag-featurednews","12":"tag-headlines","13":"tag-internacional","14":"tag-international","15":"tag-international-news","16":"tag-internationalnews","17":"tag-latest-news","18":"tag-latestnews","19":"tag-news","20":"tag-noticias","21":"tag-noticias-destacadas","22":"tag-noticiasdestacadas","23":"tag-titulares","24":"tag-ultimas-noticias","25":"tag-ultimasnoticias","26":"tag-world","27":"tag-world-news","28":"tag-worldnews"},"share_on_mastodon":{"url":"https:\/\/pubeurope.com\/@es\/115870040342545423","error":""},"_links":{"self":[{"href":"https:\/\/www.europesays.com\/es\/wp-json\/wp\/v2\/posts\/332955","targetHints":{"allow":["GET"]}}],"collection":[{"href":"https:\/\/www.europesays.com\/es\/wp-json\/wp\/v2\/posts"}],"about":[{"href":"https:\/\/www.europesays.com\/es\/wp-json\/wp\/v2\/types\/post"}],"author":[{"embeddable":true,"href":"https:\/\/www.europesays.com\/es\/wp-json\/wp\/v2\/users\/2"}],"replies":[{"embeddable":true,"href":"https:\/\/www.europesays.com\/es\/wp-json\/wp\/v2\/comments?post=332955"}],"version-history":[{"count":0,"href":"https:\/\/www.europesays.com\/es\/wp-json\/wp\/v2\/posts\/332955\/revisions"}],"wp:featuredmedia":[{"embeddable":true,"href":"https:\/\/www.europesays.com\/es\/wp-json\/wp\/v2\/media\/332956"}],"wp:attachment":[{"href":"https:\/\/www.europesays.com\/es\/wp-json\/wp\/v2\/media?parent=332955"}],"wp:term":[{"taxonomy":"category","embeddable":true,"href":"https:\/\/www.europesays.com\/es\/wp-json\/wp\/v2\/categories?post=332955"},{"taxonomy":"post_tag","embeddable":true,"href":"https:\/\/www.europesays.com\/es\/wp-json\/wp\/v2\/tags?post=332955"}],"curies":[{"name":"wp","href":"https:\/\/api.w.org\/{rel}","templated":true}]}}