{"id":332975,"date":"2026-01-10T09:28:07","date_gmt":"2026-01-10T09:28:07","guid":{"rendered":"https:\/\/www.europesays.com\/es\/332975\/"},"modified":"2026-01-10T09:28:07","modified_gmt":"2026-01-10T09:28:07","slug":"mediaset-y-kiko-hernandez-tendran-que-indemnizar-con-220-000-euros-a-julia-janeiro-la-hija-de-jesulin-y-campanario","status":"publish","type":"post","link":"https:\/\/www.europesays.com\/es\/332975\/","title":{"rendered":"Mediaset y Kiko Hern\u00e1ndez tendr\u00e1n que indemnizar con 220.000 euros a Julia Janeiro, la hija de Jesul\u00edn y Campanario"},"content":{"rendered":"<p>Un fallo de la Audiencia Provincial de C\u00e1diz ha ratificado que <a title=\"Mediaset \" href=\"https:\/\/www.larazon.es\/tags\/mediaset\" target=\"_blank\" rel=\"nofollow noopener\">Mediaset <\/a>y el que fuera uno de sus colaboradores m\u00e1s visibles, Kiko Hern\u00e1ndez, <b>deber\u00e1n abonar una indemnizaci\u00f3n conjunta de 220.000 euros a Julia \u2018Juls\u2019 Janeiro por vulnerar de forma continuada sus derechos fundamentales.<\/b> La resoluci\u00f3n confirma as\u00ed la condena por intromisi\u00f3n ileg\u00edtima en el honor, la intimidad y la propia imagen de la hija de Jesul\u00edn de Ubrique y Mar\u00eda Jos\u00e9 Campanario, a ra\u00edz del tratamiento que varios espacios de la cadena hicieron de su vida personal en 2021, tal y como adelanta <strong data-start=\"566\" data-end=\"577\">Vertele<\/strong>.<\/p>\n<p>Los hechos se remontan a los meses posteriores a que la joven alcanzara la mayor\u00eda de edad. Seg\u00fan recoge la sentencia, hasta 18 emisiones del programa S\u00e1lvame \u2014junto a otros contenidos de la cadena\u2014 <b>se dedicaron a especular sobre aspectos privados de su vida, incluidos datos de su etapa escolar, lo que deriv\u00f3 en una presi\u00f3n medi\u00e1tica tal que la oblig\u00f3 a cambiar de residencia para esquivar el acoso. <\/b>Para los magistrados, ni su popularidad en redes sociales ni la notoriedad p\u00fablica de sus padres justifican ese nivel de exposici\u00f3n.<\/p>\n<p>Durante el juicio, <a title=\"Mar\u00eda Jos\u00e9 Campanario\" href=\"https:\/\/www.larazon.es\/tags\/maria-jose-campanario\" target=\"_blank\" rel=\"nofollow noopener\">Mar\u00eda Jos\u00e9 Campanario<\/a> declar\u00f3 para describir el impacto emocional que sufri\u00f3 su hija, marcada por la ansiedad y el miedo ante la persecuci\u00f3n constante de las c\u00e1maras. La demanda fue presentada por el despacho Averum Abogados, dirigido por Mario Bonacho, que recientemente <b>logr\u00f3 otra condena contra Telemadrid por un caso similar <\/b><a title=\"relacionado con Georgina Rodr\u00edguez.\" href=\"https:\/\/www.larazon.es\/gente\/famosos\/georgina-rodriguez-gana-batalla-telemadrid_2025122969524ddd22f0db7daf0026b1.html\" target=\"_blank\" rel=\"nofollow noopener\">relacionado con Georgina Rodr\u00edguez.<\/a><\/p>\n<p>La Audiencia considera probado que Mediaset y Hern\u00e1ndez difundieron informaciones no contrastadas \u2014<b>desde supuestos conflictos personales hasta insinuaciones sobre delitos o consumo de drogas\u2014<\/b> sin acreditar su veracidad. Adem\u00e1s, subraya el car\u00e1cter reiterado de estas pr\u00e1cticas. <b>Por ello, mantiene la indemnizaci\u00f3n fijada inicialmente: 190.000 euros para la cadena y 30.000 para el colaborador, as\u00ed como la obligaci\u00f3n de retirar los contenidos.<\/b><\/p>\n<p>La sentencia, que a\u00fan puede recurrirse ante el Tribunal Supremo, rechaza que el hecho de ser \u201cinfluencer\u201d o hija de personajes famosos convierta a Julia Janeiro en un personaje p\u00fablico. <b>\u201cLa condici\u00f3n p\u00fablica no se hereda\u201d<\/b>, recuerda el tribunal, insistiendo en que su actividad en Instagram no legitima la invasi\u00f3n de su esfera privada. Mediaset no ha recurrido y su condena es firme, mientras que Kiko Hern\u00e1ndez ha anunciado su intenci\u00f3n de acudir al Alto Tribunal.<\/p>\n","protected":false},"excerpt":{"rendered":"Un fallo de la Audiencia Provincial de C\u00e1diz ha ratificado que Mediaset y el que fuera uno de&hellip;\n","protected":false},"author":2,"featured_media":332976,"comment_status":"","ping_status":"","sticky":false,"template":"","format":"standard","meta":{"footnotes":""},"categories":[171],"tags":[146,147,25,24,23,214],"class_list":{"0":"post-332975","1":"post","2":"type-post","3":"status-publish","4":"format-standard","5":"has-post-thumbnail","7":"category-tv","8":"tag-entertainment","9":"tag-entretenimiento","10":"tag-es","11":"tag-espana","12":"tag-spain","13":"tag-tv"},"share_on_mastodon":{"url":"https:\/\/pubeurope.com\/@es\/115870099412602211","error":""},"_links":{"self":[{"href":"https:\/\/www.europesays.com\/es\/wp-json\/wp\/v2\/posts\/332975","targetHints":{"allow":["GET"]}}],"collection":[{"href":"https:\/\/www.europesays.com\/es\/wp-json\/wp\/v2\/posts"}],"about":[{"href":"https:\/\/www.europesays.com\/es\/wp-json\/wp\/v2\/types\/post"}],"author":[{"embeddable":true,"href":"https:\/\/www.europesays.com\/es\/wp-json\/wp\/v2\/users\/2"}],"replies":[{"embeddable":true,"href":"https:\/\/www.europesays.com\/es\/wp-json\/wp\/v2\/comments?post=332975"}],"version-history":[{"count":0,"href":"https:\/\/www.europesays.com\/es\/wp-json\/wp\/v2\/posts\/332975\/revisions"}],"wp:featuredmedia":[{"embeddable":true,"href":"https:\/\/www.europesays.com\/es\/wp-json\/wp\/v2\/media\/332976"}],"wp:attachment":[{"href":"https:\/\/www.europesays.com\/es\/wp-json\/wp\/v2\/media?parent=332975"}],"wp:term":[{"taxonomy":"category","embeddable":true,"href":"https:\/\/www.europesays.com\/es\/wp-json\/wp\/v2\/categories?post=332975"},{"taxonomy":"post_tag","embeddable":true,"href":"https:\/\/www.europesays.com\/es\/wp-json\/wp\/v2\/tags?post=332975"}],"curies":[{"name":"wp","href":"https:\/\/api.w.org\/{rel}","templated":true}]}}