{"id":332993,"date":"2026-01-10T09:42:08","date_gmt":"2026-01-10T09:42:08","guid":{"rendered":"https:\/\/www.europesays.com\/es\/332993\/"},"modified":"2026-01-10T09:42:08","modified_gmt":"2026-01-10T09:42:08","slug":"ereno-cae-en-el-dia-que-anthony-kim-se-mete-en-la-maquina-del-tiempo-tengolf","status":"publish","type":"post","link":"https:\/\/www.europesays.com\/es\/332993\/","title":{"rendered":"Ere\u00f1o cae en el d\u00eda que Anthony Kim se mete en la m\u00e1quina del tiempo &#8211; Tengolf"},"content":{"rendered":"<ol>\n<li><a href=\"https:\/\/news.google.com\/rss\/articles\/CBMi0AFBVV95cUxQdjVDc2xpbWdKU1oxSGl0OUw5bmlTejFjTVp6TWU5ZWhEaDV1LVcteTJ5bkI2Z3BQOWozaVNrREdvSUFIMkNVTnhNMmZlRmxmdlpyek1LRXFtRVBnQXFmNVdOajdYRnhrRE1tSmhTc2RNc01uMXZGMlVzUmppMWwzTlVkUG9iREFDcHBRODFadFFSeW92RnE2WVRnLUR2UWlKUklFQzExQjU1LUFVSjlxNmJ0Z2ZERURaLUt2MnFKNW1YOGRpNnA4cUgxV1paM0ZI?oc=5\" target=\"_blank\" rel=\"nofollow noopener\">Ere\u00f1o cae en el d\u00eda que Anthony Kim se mete en la m\u00e1quina del tiempo<\/a>&nbsp;&nbsp;Tengolf<\/li>\n<li><a href=\"https:\/\/news.google.com\/rss\/articles\/CBMilgFBVV95cUxNNWh3a1hSYzR4S0N4bVVFZV84VFhVejlqWS1yM0gyd1J5d05xVm5Vdk1USDBOalVDMS1md0Vqb2M4eV9xWFhtWlJjZXplMC1FTmRRSXEzRGdJUEhGYTJwV05rTmxMWWJJVThoRGF6dlZUbW9oTWdiam9YNzFmRjBteGZpLUNZVEt4OTBuTDRYOWpDMEsxdWfSAZYBQVVfeXFMTXl1MG1wZzE0RVotMlZBTjMzM0c2ZldMMXVIck1raXoxR1dJMm9UV0E4QVVVMjE3clN6dG40TElmX0tpV2N6WklXQVMzM0JwakR4NTJEeDZqamNYdzE2aU1HNXAzYVFoN08tSS1scVBlaVdyMUlteC1KeHdmYVRVdkNib0pTQWVGRl9KQkV6ZkRSVWJNdWVB?oc=5\" target=\"_blank\" rel=\"nofollow noopener\">Pablo Ere\u00f1o sigue adelante en la Escuela del LIV Golf y Joel Moscatel se queda fuera<\/a>&nbsp;&nbsp;SPORT<\/li>\n<li><a href=\"https:\/\/news.google.com\/rss\/articles\/CBMizwFBVV95cUxNRllSVEJHM0RfNEdGSW9GSVg4NVhXRnlQNlJnNzJfRGxUUklhdWVPeUp4RnFKT3lXMXZxTEJQLURPZ1pFWFVuMElzUWNCcmpnWmx6R0FJZFVLbzVvQnNmTGlKQzB6NjVUeUhMRDdYYmljNTR2cDRPSGpNZV9fMjZIM1UxWlp1ZmxRNm1haG9EUXl0T0Z4R2kya1JCdzVWT3FvSzdOOGlwZVhtb3pFRFNZbS1kRHFiS2JPN1F0eklSVE9RSHVpNm9zaFl2eUJvS28?oc=5\" target=\"_blank\" rel=\"nofollow noopener\">Pablo Ere\u00f1o se queda a las puertas de la pelea del fin de semana por entrar en el LIV Golf tras un cruel final de ronda<\/a>&nbsp;&nbsp;Elperiodigolf<\/li>\n<li><a href=\"https:\/\/news.google.com\/rss\/articles\/CBMiqAFBVV95cUxQeVprQkxINjJCdmJvbzg3YzBRNU91Sy0tamRMNzYwaHl5VTBfQVVDd2FFX3Z2anNrQzBCS04tV0VULUoxLTZhekJvZ21sREdRbzdmSXZIMzEtMEJkSlpiYXRxcGRNeUJiZDFzeTJFVWFtREZWQmJqZHR2ZTdnb0t3T3JXcm01QUgyME9wdWcyY085RWFKNVQ0R0tsYVlGSUtBaGdKM0txWU4?oc=5\" target=\"_blank\" rel=\"nofollow noopener\">Ollie Schniederjans busca su plaza en la LIV Golf League<\/a>&nbsp;&nbsp;GolfConfidencial<\/li>\n<li><a href=\"https:\/\/news.google.com\/rss\/articles\/CBMivAFBVV95cUxPNEpRY1ZiU2R2U1IzR2twZVRqZGk2MHZLbFM5U2o2ak9JbVpNV2owSjJnaC13U041VGxNWVF1SE5NXzdySmZWUmItNGJVX0hWN0tIUUg5NGJyejRCRmlZS0c1dG9jVUhtZnk3NGpDWGFfVUkyc0hwV2FkOWdXVThOMVFRUE05WXkyQzFuV0RKVWZyRTZKaDk0d3U1RUk5RENobkNqYTN6R1ZLWDJJeERuOWRoZDJDZV9hTmxvSg?oc=5\" target=\"_blank\" rel=\"nofollow noopener\">Estos son los 83 jugadores a la caza de una de las tres tarjetas del LIV Golf Promotions<\/a>&nbsp;&nbsp;OpenGolf<\/li>\n<\/ol>\n","protected":false},"excerpt":{"rendered":"Ere\u00f1o cae en el d\u00eda que Anthony Kim se mete en la m\u00e1quina del tiempo&nbsp;&nbsp;Tengolf Pablo Ere\u00f1o sigue&hellip;\n","protected":false},"author":2,"featured_media":332994,"comment_status":"","ping_status":"","sticky":false,"template":"","format":"standard","meta":{"footnotes":""},"categories":[275],"tags":[31690,168,25,75823,24,329,58330,336,26936,339,340,1909,1910,23,167],"class_list":{"0":"post-332993","1":"post","2":"type-post","3":"status-publish","4":"format-standard","5":"has-post-thumbnail","7":"category-golf","8":"tag-anthony-kim","9":"tag-deportes","10":"tag-es","11":"tag-escuela-liv-golf","12":"tag-espana","13":"tag-golf","14":"tag-liv-golf-promotions","15":"tag-notificacion","16":"tag-pablo-ereno","17":"tag-portada-america","18":"tag-portada-global","19":"tag-portada-top","20":"tag-portada-top-america","21":"tag-spain","22":"tag-sports"},"share_on_mastodon":{"url":"https:\/\/pubeurope.com\/@es\/115870154323162883","error":""},"_links":{"self":[{"href":"https:\/\/www.europesays.com\/es\/wp-json\/wp\/v2\/posts\/332993","targetHints":{"allow":["GET"]}}],"collection":[{"href":"https:\/\/www.europesays.com\/es\/wp-json\/wp\/v2\/posts"}],"about":[{"href":"https:\/\/www.europesays.com\/es\/wp-json\/wp\/v2\/types\/post"}],"author":[{"embeddable":true,"href":"https:\/\/www.europesays.com\/es\/wp-json\/wp\/v2\/users\/2"}],"replies":[{"embeddable":true,"href":"https:\/\/www.europesays.com\/es\/wp-json\/wp\/v2\/comments?post=332993"}],"version-history":[{"count":0,"href":"https:\/\/www.europesays.com\/es\/wp-json\/wp\/v2\/posts\/332993\/revisions"}],"wp:featuredmedia":[{"embeddable":true,"href":"https:\/\/www.europesays.com\/es\/wp-json\/wp\/v2\/media\/332994"}],"wp:attachment":[{"href":"https:\/\/www.europesays.com\/es\/wp-json\/wp\/v2\/media?parent=332993"}],"wp:term":[{"taxonomy":"category","embeddable":true,"href":"https:\/\/www.europesays.com\/es\/wp-json\/wp\/v2\/categories?post=332993"},{"taxonomy":"post_tag","embeddable":true,"href":"https:\/\/www.europesays.com\/es\/wp-json\/wp\/v2\/tags?post=332993"}],"curies":[{"name":"wp","href":"https:\/\/api.w.org\/{rel}","templated":true}]}}