{"id":333024,"date":"2026-01-10T10:00:08","date_gmt":"2026-01-10T10:00:08","guid":{"rendered":"https:\/\/www.europesays.com\/es\/333024\/"},"modified":"2026-01-10T10:00:08","modified_gmt":"2026-01-10T10:00:08","slug":"queremos-contribuir-a-acercar-posiciones","status":"publish","type":"post","link":"https:\/\/www.europesays.com\/es\/333024\/","title":{"rendered":"\u00abQueremos contribuir a acercar posiciones\u00bb"},"content":{"rendered":"<p>El presidente del <a href=\"https:\/\/theobjective.com\/etiqueta\/gobierno\/\" rel=\"nofollow noopener\" target=\"_blank\">Gobierno<\/a>, <a href=\"https:\/\/theobjective.com\/etiqueta\/pedro-sanchez\/\" rel=\"nofollow noopener\" target=\"_blank\">Pedro S\u00e1nchez<\/a>, ha hablado este viernes con la presidenta encargada de Venezuela, <a href=\"https:\/\/theobjective.com\/directo\/internacional\/2026-01-05\/directo-venezuela-maduro-eeuu-trump\/\" rel=\"nofollow noopener\" target=\"_blank\">Delcy Rodr\u00edguez,<\/a><strong> <\/strong>poco despu\u00e9s de <a href=\"https:\/\/theobjective.com\/espana\/2026-01-09\/edmundo-sanchez-dialogo-telefonico-situacion-venezuela\/\" rel=\"nofollow noopener\" target=\"_blank\">conversar con el l\u00edder de la oposici\u00f3n, Edmundo Gonz\u00e1lez<\/a>. A ambos les ha transmitido su voluntad de mediar para lograr una transici\u00f3n pac\u00edfica, a pesar de que Donald Trump no parece tener prisa por la celebraci\u00f3n de unas elecciones democr\u00e1ticas tras la <strong>intervenci\u00f3n en el pa\u00eds y la captura de Nicol\u00e1s Maduro<\/strong>.<\/p>\n<p>\u00ab<strong>Espa\u00f1a respalda una transici\u00f3n pac\u00edfica, dialogada y democr\u00e1tica en Venezuela, liderada por los propios venezolanos<\/strong>. Queremos acompa\u00f1ar al pa\u00eds en esta nueva etapa y contribuir a acercar posiciones\u00bb, ha se\u00f1alado en un post en X el presidente del Gobierno, en el que indica que ha trasladado esa voluntad tanto a Delcy Rodr\u00edguez como a Edmundo Gonz\u00e1lez.<\/p>\n<p>\u00ab<strong>Am\u00e9rica Latina sabe que cuenta con el apoyo de Espa\u00f1a<\/strong> \u2014apostilla\u2014, como le he reiterado esta semana a los presidentes de Brasil, Chile, Colombia, Guatemala, M\u00e9xico y Uruguay\u00bb.<\/p>\n<blockquote class=\"twitter-tweet\" data-width=\"550\" data-dnt=\"true\">\n<p lang=\"es\" dir=\"ltr\">Espa\u00f1a respalda una transici\u00f3n pac\u00edfica, dialogada y democr\u00e1tica en Venezuela, liderada por los propios venezolanos. Queremos acompa\u00f1ar al pa\u00eds en esta nueva etapa y contribuir a acercar posiciones.<\/p>\n<p>As\u00ed se lo he trasladado a <a href=\"https:\/\/twitter.com\/delcyrodriguezv?ref_src=twsrc%5Etfw\" rel=\"nofollow noopener\" target=\"_blank\">@delcyrodriguezv<\/a> y <a href=\"https:\/\/twitter.com\/EdmundoGU?ref_src=twsrc%5Etfw\" rel=\"nofollow noopener\" target=\"_blank\">@EdmundoGU<\/a>.<\/p>\n<p>Am\u00e9rica Latina sabe\u2026<\/p>\n<p>\u2014 Pedro S\u00e1nchez (@sanchezcastejon) <a href=\"https:\/\/twitter.com\/sanchezcastejon\/status\/2009676888743260366?ref_src=twsrc%5Etfw\" rel=\"nofollow noopener\" target=\"_blank\">January 9, 2026<\/a><\/p><\/blockquote>\n<p>El Gobierno se ofreci\u00f3 para mediar en Venezuela desde que Trump intervino en el pa\u00eds el pasado fin de semana, aunque <strong>ese posible papel se ha ido enfriando en los \u00faltimos d\u00edas<\/strong>, dado que EEUU tiene intenci\u00f3n de controlar el pa\u00eds durante bastante tiempo y ha encontrado la colaboraci\u00f3n del r\u00e9gimen con la presidenta Rodr\u00edguez.<\/p>\n<p>En la rueda de prensa tras el Consejo de Ministros del mi\u00e9rcoles, el ministro de Exteriores, Jos\u00e9 Manuel Albares, se refiri\u00f3 a los \u00abbuenos oficios dado que es un actor que habla con Gobierno y con oposici\u00f3n\u00bb. \u00ab<strong>Si las partes lo consideran \u00fatil, si consideran que puede aportar, si es necesario, desde luego, Espa\u00f1a va a estar ah\u00ed<\/strong>\u00bb, dijo el jefe de la diplomacia, sin referirse, no obstante, a EEUU en esa ecuaci\u00f3n, porque, al fin y al cabo, <strong>es Trump quien asegura que dirige el pa\u00eds controlando y supervisando a Delcy Rodr\u00edguez<\/strong>.<\/p>\n<p>                                                    <script async src=\"https:\/\/platform.twitter.com\/widgets.js\" charset=\"utf-8\"><\/script><\/p>\n","protected":false},"excerpt":{"rendered":"El presidente del Gobierno, Pedro S\u00e1nchez, ha hablado este viernes con la presidenta encargada de Venezuela, Delcy Rodr\u00edguez,&hellip;\n","protected":false},"author":2,"featured_media":333025,"comment_status":"","ping_status":"","sticky":false,"template":"","format":"standard","meta":{"footnotes":""},"categories":[8],"tags":[17,18,76582,76583,25,24,13,14,5965,11,19,20,9,10,15,16,5966,23,12,21,22,1192],"class_list":{"0":"post-333024","1":"post","2":"type-post","3":"status-publish","4":"format-standard","5":"has-post-thumbnail","7":"category-espana","8":"tag-breaking-news","9":"tag-breakingnews","10":"tag-delcy-rodru00edguez","11":"tag-edmundo-gonzu00e1lez","12":"tag-es","13":"tag-espana","14":"tag-featured-news","15":"tag-featurednews","16":"tag-gobierno-de-espau00f1a","17":"tag-headlines","18":"tag-latest-news","19":"tag-latestnews","20":"tag-news","21":"tag-noticias","22":"tag-noticias-destacadas","23":"tag-noticiasdestacadas","24":"tag-pedro-su00e1nchez","25":"tag-spain","26":"tag-titulares","27":"tag-ultimas-noticias","28":"tag-ultimasnoticias","29":"tag-venezuela"},"share_on_mastodon":{"url":"https:\/\/pubeurope.com\/@es\/115870225197246879","error":""},"_links":{"self":[{"href":"https:\/\/www.europesays.com\/es\/wp-json\/wp\/v2\/posts\/333024","targetHints":{"allow":["GET"]}}],"collection":[{"href":"https:\/\/www.europesays.com\/es\/wp-json\/wp\/v2\/posts"}],"about":[{"href":"https:\/\/www.europesays.com\/es\/wp-json\/wp\/v2\/types\/post"}],"author":[{"embeddable":true,"href":"https:\/\/www.europesays.com\/es\/wp-json\/wp\/v2\/users\/2"}],"replies":[{"embeddable":true,"href":"https:\/\/www.europesays.com\/es\/wp-json\/wp\/v2\/comments?post=333024"}],"version-history":[{"count":0,"href":"https:\/\/www.europesays.com\/es\/wp-json\/wp\/v2\/posts\/333024\/revisions"}],"wp:featuredmedia":[{"embeddable":true,"href":"https:\/\/www.europesays.com\/es\/wp-json\/wp\/v2\/media\/333025"}],"wp:attachment":[{"href":"https:\/\/www.europesays.com\/es\/wp-json\/wp\/v2\/media?parent=333024"}],"wp:term":[{"taxonomy":"category","embeddable":true,"href":"https:\/\/www.europesays.com\/es\/wp-json\/wp\/v2\/categories?post=333024"},{"taxonomy":"post_tag","embeddable":true,"href":"https:\/\/www.europesays.com\/es\/wp-json\/wp\/v2\/tags?post=333024"}],"curies":[{"name":"wp","href":"https:\/\/api.w.org\/{rel}","templated":true}]}}