{"id":333106,"date":"2026-01-10T11:09:07","date_gmt":"2026-01-10T11:09:07","guid":{"rendered":"https:\/\/www.europesays.com\/es\/333106\/"},"modified":"2026-01-10T11:09:07","modified_gmt":"2026-01-10T11:09:07","slug":"ultimas-noticias-de-venezuela-tras-la-detencion-de-maduro-en-directo-trump-promete-garantias-de-seguridad-a-las-petroleras-que-operen-en-venezuela-y-ofrece-invertir-a-china-y-rusi","status":"publish","type":"post","link":"https:\/\/www.europesays.com\/es\/333106\/","title":{"rendered":"\u00daltimas noticias de Venezuela tras la detenci\u00f3n de Maduro, en directo | Trump promete \u201cgarant\u00edas de seguridad\u201d a las petroleras que operen en Venezuela y ofrece invertir a China y Rusia | Internacional"},"content":{"rendered":"<p class=\"ev-title\">Qu\u00e9 ha pasado en las \u00faltimas horas<\/p>\n<p>El presidente de Estados Unidos, Donald <strong>Trump, ha prometido \u201cgarant\u00edas de seguridad\u201d a las operadoras que se trasladan a Venezuela\u00a0<\/strong>durante su reuni\u00f3n en la Casa Blanca con representantes de la industria petrolera.<\/p>\n<p>Durante el encuentro,<strong> el magnate ha ofrecido a China y Rusia invertir en el pa\u00eds caribe\u00f1o<\/strong> y comprar \u201ctodo el crudo que necesiten\u201d.<\/p>\n<p>La presidenta de Venezuela,<strong> Delcy Rodr\u00edguez, ha agradecido<\/strong> al presidente del Gobierno espa\u00f1ol<strong>, Pedro S\u00e1nchez, la \u201cvaliente postura\u201d<\/strong> al \u201ccondenar la agresi\u00f3n\u201d de Estados Unidos en Venezuela.<\/p>\n<p><strong>S\u00e1nchez <\/strong>tambi\u00e9n ha mantenido una conversaci\u00f3n con el l\u00edder opositor Edmundo Gonz\u00e1lez, residente en Espa\u00f1a. Tras estas llamadas, <strong>ha reivindicado en X \u201cuna transici\u00f3n pac\u00edfica y liderada por los propios venezolanos\u201d.<\/strong><\/p>\n<p><strong>Los cinco espa\u00f1oles liberados por Venezuela aterrizaron ayer en Madrid<\/strong><\/p>\n","protected":false},"excerpt":{"rendered":"Qu\u00e9 ha pasado en las \u00faltimas horas El presidente de Estados Unidos, Donald Trump, ha prometido \u201cgarant\u00edas de&hellip;\n","protected":false},"author":2,"featured_media":333107,"comment_status":"","ping_status":"","sticky":false,"template":"","format":"standard","meta":{"footnotes":""},"categories":[42],"tags":[74750,8738,17,18,6191,74823,70,72,41094,2496,352,629,700,13,14,29392,11,61,62,63,64,19,20,9,1194,10,15,16,12,21,22,1192,65,66,67],"class_list":{"0":"post-333106","1":"post","2":"type-post","3":"status-publish","4":"format-standard","5":"has-post-thumbnail","7":"category-internacional","8":"tag-ataque-estados-unidos-a-venezuela","9":"tag-ataques-militares","10":"tag-breaking-news","11":"tag-breakingnews","12":"tag-caracas","13":"tag-cilia-flores","14":"tag-conflictos","15":"tag-conflictos-internacionales","16":"tag-derecho-internacional","17":"tag-dinamarca","18":"tag-donald-trump","19":"tag-estados-unidos","20":"tag-europa","21":"tag-featured-news","22":"tag-featurednews","23":"tag-groenlandia","24":"tag-headlines","25":"tag-internacional","26":"tag-international","27":"tag-international-news","28":"tag-internationalnews","29":"tag-latest-news","30":"tag-latestnews","31":"tag-news","32":"tag-nicolas-maduro","33":"tag-noticias","34":"tag-noticias-destacadas","35":"tag-noticiasdestacadas","36":"tag-titulares","37":"tag-ultimas-noticias","38":"tag-ultimasnoticias","39":"tag-venezuela","40":"tag-world","41":"tag-world-news","42":"tag-worldnews"},"share_on_mastodon":{"url":"","error":"Validation failed: Text character limit of 500 exceeded"},"_links":{"self":[{"href":"https:\/\/www.europesays.com\/es\/wp-json\/wp\/v2\/posts\/333106","targetHints":{"allow":["GET"]}}],"collection":[{"href":"https:\/\/www.europesays.com\/es\/wp-json\/wp\/v2\/posts"}],"about":[{"href":"https:\/\/www.europesays.com\/es\/wp-json\/wp\/v2\/types\/post"}],"author":[{"embeddable":true,"href":"https:\/\/www.europesays.com\/es\/wp-json\/wp\/v2\/users\/2"}],"replies":[{"embeddable":true,"href":"https:\/\/www.europesays.com\/es\/wp-json\/wp\/v2\/comments?post=333106"}],"version-history":[{"count":0,"href":"https:\/\/www.europesays.com\/es\/wp-json\/wp\/v2\/posts\/333106\/revisions"}],"wp:featuredmedia":[{"embeddable":true,"href":"https:\/\/www.europesays.com\/es\/wp-json\/wp\/v2\/media\/333107"}],"wp:attachment":[{"href":"https:\/\/www.europesays.com\/es\/wp-json\/wp\/v2\/media?parent=333106"}],"wp:term":[{"taxonomy":"category","embeddable":true,"href":"https:\/\/www.europesays.com\/es\/wp-json\/wp\/v2\/categories?post=333106"},{"taxonomy":"post_tag","embeddable":true,"href":"https:\/\/www.europesays.com\/es\/wp-json\/wp\/v2\/tags?post=333106"}],"curies":[{"name":"wp","href":"https:\/\/api.w.org\/{rel}","templated":true}]}}