{"id":333114,"date":"2026-01-10T11:17:08","date_gmt":"2026-01-10T11:17:08","guid":{"rendered":"https:\/\/www.europesays.com\/es\/333114\/"},"modified":"2026-01-10T11:17:08","modified_gmt":"2026-01-10T11:17:08","slug":"mi-triunfo-o-el-de-skjelmose-le-dan-esperanzas-al-peloton-contra-pogacar","status":"publish","type":"post","link":"https:\/\/www.europesays.com\/es\/333114\/","title":{"rendered":"Mi triunfo o el de Skjelmose le dan esperanzas al pelot\u00f3n contra Pogacar"},"content":{"rendered":"<p style=\"text-align: justify;\">Como parte de su balance de su temporada 2025, Neilson Powless centr\u00f3 sus declaraciones en el campe\u00f3n mundial. Pese a reconocer su dominio, a veces hasta exasperante, el norteamericano encontr\u00f3 puntos positivos de cara a ver un ciclismo m\u00e1s competitivo. \u201cMi triunfo o el de Skjelmose le dan esperanzas al pelot\u00f3n contra Pogacar\u201d, asegur\u00f3. A\u00fan as\u00ed, dijo que le gustar\u00eda \u201ctener sus piernas por un d\u00eda\u201d.<\/p>\n<p>\u201cQuiz\u00e1s pueda ganarle a Pogacar alg\u00fan d\u00eda\u201d<\/p>\n<p style=\"text-align: justify;\">En declaraciones a Wieler Revue, el de EF fue muy elocuente. \u201cMe pongo a mi mismo por encima del promedio en el World Tour, pero desear\u00eda tener sus piernas por un d\u00eda\u201d, tir\u00f3. \u201cEspero que no de por sentado que tiene esas piernas\u201d, a\u00f1adi\u00f3, marcando que copetir contra el esloveno es un privilegio pero tambi\u00e9n una experiencia dolorosa.<\/p>\n<p style=\"text-align: justify;\">\u201cEn las carreras, a veces es desalentador ver que determinados equipos son tan dominantes, uno piensa \u00bfqu\u00e9 hago aqu\u00ed? Cada equipo pone todo en intentar ganar, pero cuando solo unos pocos lo consiguen puede ser un problema a largo plazo para que el ciclismo sea sostenible\u201d, analiz\u00f3 el norteamericano, que a\u00fan as\u00ed demostr\u00f3 c\u00f3mo romper con la hegemon\u00eda de esos pocos elegidos.<\/p>\n<p style=\"text-align: justify;\">Para quien no lo recuerda, \u00e9l solo bati\u00f3 a tres hombres de Visma Lease a Bike en la Dwars door Vlaanderen. \u201cMi triunfo o <a href=\"https:\/\/ciclismointernacional.com\/increible-persiguio-a-pogacar-y-le-gano-al-photofinish\/\" target=\"_blank\" rel=\"noopener nofollow\">el de Skjelmose<\/a> le dan esperanzas al pelot\u00f3n contra Pogacar\u201d, lanz\u00f3. Claro, el dan\u00e9s tambi\u00e9n sorprendi\u00f3 al mundo en el inicio de las Ardenas, superando al esloveno en el sprint. \u201cEsos hechos fueron recordatorios de lo impredecible del ciclismo y fueron alentadoras para todos\u201d, agreg\u00f3.<\/p>\n<p>\u201cMi triunfo o el de Skjelmose le dan esperanzas al pelot\u00f3n contra Pogacar\u201d<\/p>\n<p style=\"text-align: justify;\">\u201cEn la primavera no ens\u00e9 que ganar\u00eda ninguna cl\u00e1sica, pero lo consegu\u00ed. A\u00fan si los m\u00e1ximos favoritos est\u00e1n all\u00ed, puede suceder cualquier cosa. Una peque\u00f1a oportunidad a\u00fan es una oportunidad\u201d, ponder\u00f3. Evidentemente tiene raz\u00f3n, aunque es igual de cierto que el margen es cada vez m\u00e1s reducido y que en tiempos de Pogacar o Van der Poel, eso se trata de excepciones y no una regla.<\/p>\n<p style=\"text-align: justify;\">Pese a ello, Powless admira a Tadej. \u201cMe encantar\u00eda verlo convertirse en <a href=\"https:\/\/www.instagram.com\/p\/DQ1nA7kEhGG\/?utm_source=ig_web_copy_link&amp;igsh=MzRlODBiNWFlZA==\" target=\"_blank\" rel=\"noopener nofollow\">el m\u00e1s grande de todos los tiempos<\/a>. Si sigue as\u00ed unos a\u00f1os m\u00e1s, definitivamente llegar\u00e1 a eso\u201d, aventur\u00f3. \u201cY ser\u00eda un privilegio subir a un podio junto a \u00e9l alg\u00fan d\u00eda. Qui\u00e9n sabe, quiz\u00e1s en alguna ocasi\u00f3n ganarle. Mi triunfo en Dwars door Vlaanderen me hace creer en eso\u201d, cerr\u00f3 el potente y agresivo rodador, que cuando est\u00e1 en forma es una amenaza en cualquier competencia.<\/p>\n<p>\tDescubre m\u00e1s desde Ciclismo Internacional<\/p>\n<p class=\"has-text-align-center\" style=\"margin-top:10px;margin-bottom:10px;font-size:15px\">Suscr\u00edbete y recibe las \u00faltimas entradas en tu correo electr\u00f3nico.<\/p>\n<p>\t\t<script async src=\"\/\/www.instagram.com\/embed.js\"><\/script><\/p>\n","protected":false},"excerpt":{"rendered":"Como parte de su balance de su temporada 2025, Neilson Powless centr\u00f3 sus declaraciones en el campe\u00f3n mundial.&hellip;\n","protected":false},"author":2,"featured_media":333115,"comment_status":"","ping_status":"","sticky":false,"template":"","format":"standard","meta":{"footnotes":""},"categories":[273],"tags":[313,312,168,25,24,23,167],"class_list":{"0":"post-333114","1":"post","2":"type-post","3":"status-publish","4":"format-standard","5":"has-post-thumbnail","7":"category-ciclismo","8":"tag-ciclismo","9":"tag-cycling","10":"tag-deportes","11":"tag-es","12":"tag-espana","13":"tag-spain","14":"tag-sports"},"share_on_mastodon":{"url":"https:\/\/pubeurope.com\/@es\/115870527835299222","error":""},"_links":{"self":[{"href":"https:\/\/www.europesays.com\/es\/wp-json\/wp\/v2\/posts\/333114","targetHints":{"allow":["GET"]}}],"collection":[{"href":"https:\/\/www.europesays.com\/es\/wp-json\/wp\/v2\/posts"}],"about":[{"href":"https:\/\/www.europesays.com\/es\/wp-json\/wp\/v2\/types\/post"}],"author":[{"embeddable":true,"href":"https:\/\/www.europesays.com\/es\/wp-json\/wp\/v2\/users\/2"}],"replies":[{"embeddable":true,"href":"https:\/\/www.europesays.com\/es\/wp-json\/wp\/v2\/comments?post=333114"}],"version-history":[{"count":0,"href":"https:\/\/www.europesays.com\/es\/wp-json\/wp\/v2\/posts\/333114\/revisions"}],"wp:featuredmedia":[{"embeddable":true,"href":"https:\/\/www.europesays.com\/es\/wp-json\/wp\/v2\/media\/333115"}],"wp:attachment":[{"href":"https:\/\/www.europesays.com\/es\/wp-json\/wp\/v2\/media?parent=333114"}],"wp:term":[{"taxonomy":"category","embeddable":true,"href":"https:\/\/www.europesays.com\/es\/wp-json\/wp\/v2\/categories?post=333114"},{"taxonomy":"post_tag","embeddable":true,"href":"https:\/\/www.europesays.com\/es\/wp-json\/wp\/v2\/tags?post=333114"}],"curies":[{"name":"wp","href":"https:\/\/api.w.org\/{rel}","templated":true}]}}