{"id":333120,"date":"2026-01-10T11:21:08","date_gmt":"2026-01-10T11:21:08","guid":{"rendered":"https:\/\/www.europesays.com\/es\/333120\/"},"modified":"2026-01-10T11:21:08","modified_gmt":"2026-01-10T11:21:08","slug":"playas-de-ensueno-y-aguas-turquesas","status":"publish","type":"post","link":"https:\/\/www.europesays.com\/es\/333120\/","title":{"rendered":"playas de ensue\u00f1o y aguas turquesas"},"content":{"rendered":"<p><a href=\"https:\/\/www.ultimahora.es\/etiqueta\/Marco+Asensio.html?utm_source=Inline-tag&amp;utm_medium=internal\" rel=\"nofollow noopener\" target=\"_blank\">Marco Asensio<\/a>, el reconocido futbolista mallorqu\u00edn, ha optado por un cambio radical en sus tradicionales vacaciones navide\u00f1as de 2025. Lejos del fr\u00edo europeo, el jugador ha elegido el <strong>exotismo y la calidez del sudeste asi\u00e1tico<\/strong>, concretamente <a href=\"https:\/\/www.ultimahora.es\/etiqueta\/filipinas.html?utm_source=Inline-tag&amp;utm_medium=internal\" rel=\"nofollow noopener\" target=\"_blank\">Filipinas<\/a>, para despedir el a\u00f1o y dar la bienvenida a 2026. Este destino paradis\u00edaco ha servido de escenario id\u00edlico para un viaje de aut\u00e9ntico lujo, compartido con sus seres m\u00e1s cercanos. Acompa\u00f1ado por <a title=\"As\u00ed es Lavinia Le\u00f3n, la nueva pareja de Marco Asensio: mallorquina y apasionada del baile\" href=\"https:\/\/www.ultimahora.es\/vips\/quiosco-rosa\/2025\/11\/18\/2513603\/asi-lavinia-leon-nueva-pareja-marco-asensio-mallorquina-apasionada-del-baile.html?utm_source=Related&amp;utm_medium=internal\" data-model=\"Noticia\" data-value=\"2513603\" rel=\"nofollow noopener\" target=\"_blank\">su pareja, Lavinia Le\u00f3n<\/a>, su inseparable hermano <a href=\"https:\/\/www.ultimahora.es\/etiqueta\/Igor+Asensio.html?utm_source=Inline-tag&amp;utm_medium=internal\" rel=\"nofollow noopener\" target=\"_blank\">Igor Asensio<\/a> y la cu\u00f1ada de ambos, el deportista ha compartido a trav\u00e9s de sus redes sociales una serie de instant\u00e1neas que revelan la <strong>esencia de esta escapada familiar<\/strong>. Las im\u00e1genes muestran al grupo relajado, sonriente y completamente inmerso en un entorno de postal, caracterizado por sus playas de arena blanca, aguas cristalinas y atardeceres que parecen sacados de una pel\u00edcula, marcando as\u00ed el broche de oro a un intenso a\u00f1o 2025.<\/p>\n<p>Esta elecci\u00f3n de destino subraya la b\u00fasqueda de <strong>descanso y desconexi\u00f3n total<\/strong> por parte del futbolista, alejado de la presi\u00f3n medi\u00e1tica y el ritmo fren\u00e9tico de la competici\u00f3n profesional. Filipinas, un archipi\u00e9lago conocido por su naturaleza salvaje, su rica biodiversidad marina y la hospitalidad de sus gentes, ha ofrecido el marco perfecto para ello. Durante su estancia, no han faltado las fotograf\u00edas de los viajeros descalzos sobre la arena, los <strong>paseos en helic\u00f3ptero sobre paisajes impresionantes<\/strong> y los brindis al caer el sol, capturando la esencia de unas vacaciones donde la tranquilidad y el disfrute son la prioridad. La elecci\u00f3n de un destino tan remoto y exclusivo como Filipinas tambi\u00e9n refleja una tendencia creciente entre las figuras p\u00fablicas que buscan privacidad y experiencias aut\u00e9nticas, lejos de los circuitos tur\u00edsticos m\u00e1s masificados.<\/p>\n<blockquote class=\"instagram-media\" style=\"background: #FFF; border: 0; border-radius: 3px; box-shadow: 0 0 1px 0 rgba(0,0,0,0.5),0 1px 10px 0 rgba(0,0,0,0.15); margin: 1px; max-width: 540px; min-width: 326px; padding: 0; width: calc(100% - 2px);\" data-instgrm-captioned=\"\" data-instgrm-permalink=\"https:\/\/www.instagram.com\/p\/DS5fyUtjMRb\/?utm_source=ig_embed&amp;utm_campaign=loading\" data-instgrm-version=\"14\"><p>&#13;<br \/>\n&#13;\n<\/p><\/blockquote>\n<p>Un aspecto central de este viaje ha sido, sin duda, la <strong>complicidad y el fuerte v\u00ednculo familiar<\/strong>. Igor Asensio, quien habitualmente acompa\u00f1a a su hermano en momentos cruciales de su vida personal y profesional, ha vuelto a ser una pieza fundamental en esta aventura. Su presencia, junto a la de Lavinia Le\u00f3n y la cu\u00f1ada, ha contribuido a crear un ambiente de uni\u00f3n y celebraci\u00f3n. Este tipo de escapadas familiares no solo permiten al futbolista recargar energ\u00edas, sino que tambi\u00e9n <strong>refuerzan los lazos afectivos<\/strong> en un entorno relajado y alejado del escrutinio p\u00fablico. Con este viaje a Filipinas, Marco Asensio demuestra, una vez m\u00e1s, que cuando el calendario deportivo lo permite, apuesta firmemente por la <strong>calidad del tiempo en familia<\/strong> y la exploraci\u00f3n de destinos que ofrecen experiencias inolvidables y un respiro genuino.<\/p>\n<p>El archipi\u00e9lago filipino, compuesto por m\u00e1s de 7.000 islas, se ha consolidado en los \u00faltimos a\u00f1os como un <strong>referente global para el turismo de lujo<\/strong> y la aventura. Su atractivo reside en la combinaci\u00f3n de una naturaleza exuberante, playas v\u00edrgenes y una cultura rica y acogedora. Destinos como Palawan, con sus ic\u00f3nicas lagunas de El Nido y Coron, o Boracay, famosa por su arena blanca y sus vibrantes atardeceres, son solo algunos ejemplos de los enclaves que atraen a viajeros de todo el mundo en busca de experiencias exclusivas. La elecci\u00f3n de Marco Asensio y su familia no es casual; estos lugares ofrecen una <strong>privacidad y un nivel de servicio<\/strong> que se ajustan a las expectativas de personalidades p\u00fablicas. Las actividades acu\u00e1ticas, desde el buceo en arrecifes de coral repletos de vida marina hasta el snorkel en aguas cristalinas, son un reclamo ineludible. Adem\u00e1s, la posibilidad de realizar <strong>excursiones en barco privadas o vuelos en helic\u00f3ptero<\/strong> sobre paisajes k\u00e1rsticos a\u00f1ade un componente de exclusividad y aventura que pocos destinos pueden igualar, convirtiendo a Filipinas en un verdadero para\u00edso para la desconexi\u00f3n.<\/p>\n<blockquote class=\"instagram-media\" style=\"background: #FFF; border: 0; border-radius: 3px; box-shadow: 0 0 1px 0 rgba(0,0,0,0.5),0 1px 10px 0 rgba(0,0,0,0.15); margin: 1px; max-width: 540px; min-width: 326px; padding: 0; width: calc(100% - 2px);\" data-instgrm-captioned=\"\" data-instgrm-permalink=\"https:\/\/www.instagram.com\/reel\/DS9qEz0jPlL\/?utm_source=ig_embed&amp;utm_campaign=loading\" data-instgrm-version=\"14\"><p>&#13;<br \/>\n&#13;\n<\/p><\/blockquote>\n<p>La vida personal de Marco Asensio m\u00e1s all\u00e1 del terreno de juego<\/p>\n<p>La carrera de un futbolista de \u00e9lite como Marco Asensio est\u00e1 marcada por la disciplina, la presi\u00f3n y una exposici\u00f3n p\u00fablica constante. Sin embargo, momentos como estas vacaciones en Filipinas ofrecen una <strong>ventana a su faceta m\u00e1s personal<\/strong>. Asensio, conocido por su discreci\u00f3n fuera del campo, ha compartido con sus seguidores una imagen de felicidad y plenitud junto a su pareja, Lavinia Le\u00f3n. Lavinia, una reconocida modelo e influencer, ha sido un apoyo fundamental en la vida del deportista, y su presencia en este viaje subraya la importancia de la estabilidad emocional para un atleta de alto rendimiento. Estas escapadas no solo son un respiro f\u00edsico, sino tambi\u00e9n una <strong>oportunidad para fortalecer los lazos afectivos<\/strong> y disfrutar de la normalidad que a menudo se ve comprometida por las exigencias del f\u00fatbol profesional. Las im\u00e1genes compartidas en redes sociales, aunque cuidadosamente seleccionadas, permiten a los aficionados ver al jugador en un <strong>contexto m\u00e1s humano y cercano<\/strong>, equilibrando su vida deportiva con su bienestar personal.<\/p>\n<p>La relaci\u00f3n entre Marco e Igor Asensio es un claro ejemplo de <strong>fraternidad y apoyo incondicional<\/strong>. Igor, el hermano mayor, ha sido una figura constante en la vida de Marco, acompa\u00f1\u00e1ndole en momentos clave de su trayectoria deportiva y personal. Esta cercan\u00eda se ha hecho patente una vez m\u00e1s en el viaje a Filipinas, donde Igor y su pareja han compartido la experiencia con el futbolista y Lavinia Le\u00f3n. La presencia de la familia en estos periodos de descanso es crucial para los deportistas, ya que les proporciona un <strong>entorno de confianza y estabilidad<\/strong> lejos de las presiones externas. Igor no solo es un familiar, sino tambi\u00e9n un confidente y un amigo, cuya compa\u00f1\u00eda contribuye al bienestar emocional de Marco. Esta din\u00e1mica familiar, donde el apoyo mutuo es la norma, permite al jugador <strong>desconectar completamente y recargar energ\u00edas<\/strong> para los desaf\u00edos que le esperan en la temporada. La uni\u00f3n de los hermanos Asensio es un testimonio de la importancia de los lazos familiares en el \u00e9xito y la felicidad personal<\/p>\n<p>                        <script async src=\"\/\/www.instagram.com\/embed.js\"><\/script><\/p>\n","protected":false},"excerpt":{"rendered":"Marco Asensio, el reconocido futbolista mallorqu\u00edn, ha optado por un cambio radical en sus tradicionales vacaciones navide\u00f1as de&hellip;\n","protected":false},"author":2,"featured_media":333121,"comment_status":"","ping_status":"","sticky":false,"template":"","format":"standard","meta":{"footnotes":""},"categories":[174],"tags":[5233,255,25068,146,147,25,24,256,20155,12648,76596,10782,25283,25281,25282,23],"class_list":{"0":"post-333120","1":"post","2":"type-post","3":"status-publish","4":"format-standard","5":"has-post-thumbnail","7":"category-famosos","8":"tag-audiencias-um","9":"tag-celebrities","10":"tag-consejos-para-viajar","11":"tag-entertainment","12":"tag-entretenimiento","13":"tag-es","14":"tag-espana","15":"tag-famosos","16":"tag-filipinas","17":"tag-ia-news","18":"tag-igor-asensio","19":"tag-marco-asensio","20":"tag-parejas-de-famosos","21":"tag-prensa-rosa","22":"tag-quiosco-rosa","23":"tag-spain"},"share_on_mastodon":{"url":"https:\/\/pubeurope.com\/@es\/115870543866713206","error":""},"_links":{"self":[{"href":"https:\/\/www.europesays.com\/es\/wp-json\/wp\/v2\/posts\/333120","targetHints":{"allow":["GET"]}}],"collection":[{"href":"https:\/\/www.europesays.com\/es\/wp-json\/wp\/v2\/posts"}],"about":[{"href":"https:\/\/www.europesays.com\/es\/wp-json\/wp\/v2\/types\/post"}],"author":[{"embeddable":true,"href":"https:\/\/www.europesays.com\/es\/wp-json\/wp\/v2\/users\/2"}],"replies":[{"embeddable":true,"href":"https:\/\/www.europesays.com\/es\/wp-json\/wp\/v2\/comments?post=333120"}],"version-history":[{"count":0,"href":"https:\/\/www.europesays.com\/es\/wp-json\/wp\/v2\/posts\/333120\/revisions"}],"wp:featuredmedia":[{"embeddable":true,"href":"https:\/\/www.europesays.com\/es\/wp-json\/wp\/v2\/media\/333121"}],"wp:attachment":[{"href":"https:\/\/www.europesays.com\/es\/wp-json\/wp\/v2\/media?parent=333120"}],"wp:term":[{"taxonomy":"category","embeddable":true,"href":"https:\/\/www.europesays.com\/es\/wp-json\/wp\/v2\/categories?post=333120"},{"taxonomy":"post_tag","embeddable":true,"href":"https:\/\/www.europesays.com\/es\/wp-json\/wp\/v2\/tags?post=333120"}],"curies":[{"name":"wp","href":"https:\/\/api.w.org\/{rel}","templated":true}]}}