{"id":333122,"date":"2026-01-10T11:22:29","date_gmt":"2026-01-10T11:22:29","guid":{"rendered":"https:\/\/www.europesays.com\/es\/333122\/"},"modified":"2026-01-10T11:22:29","modified_gmt":"2026-01-10T11:22:29","slug":"estilo-clasico-un-hogar-que-mezcla-minimalismo-con-tradicion","status":"publish","type":"post","link":"https:\/\/www.europesays.com\/es\/333122\/","title":{"rendered":"Estilo cl\u00e1sico, un hogar que mezcla minimalismo con tradici\u00f3n"},"content":{"rendered":"<p>Estamos en el coraz\u00f3n del distrito 7 de Par\u00eds, a dos pasos de Saint-Germain-des-Pr\u00e9s. Cuando los due\u00f1os decidieron invertir en un <strong>antiguo departamento estilo cl\u00e1sico<\/strong> de este edificio del siglo XVII, pens\u00f3 espont\u00e1neamente en Isabelle Stanislas. \u201cEstoy acostumbrada a reconvertir lugares de esta \u00e9poca\u201d, confirma la interiorista, cuyo gusto por lo antiguo est\u00e1 bien arraigado. En este vasto espacio con elocuentes molduras, trabaj\u00f3 para crear \u201cun departamento familiar y de acogida, conservando el esp\u00edritu del espacio existente\u201d.<\/p>\n<p><img decoding=\"async\" alt=\"recmara blanca\" loading=\"lazy\" class=\"ResponsiveImageContainer-eNxvmU cfBbTk responsive-image__image\"   src=\"https:\/\/www.europesays.com\/es\/wp-content\/uploads\/2026\/01\/B001000-R1-04-5.jpg\"\/><\/p>\n<p>El dormitorio principal presenta materiales t\u00e1ctiles y tonos suaves. Isabelle Stanislas dise\u00f1\u00f3 la cabecera de pergamino y el armario de tarlatana redondeada. A ambos lados de la cama hay mesillas Insomnie 333 en pergamino (Herv\u00e9 Van der Straeten) y l\u00e1mparas de lectura de Gino Sarfatti.<\/p>\n<p>Matthieu Salvaing<img decoding=\"async\" alt=\"ba\u00f1o de mrmol blanco\" loading=\"lazy\" class=\"ResponsiveImageContainer-eNxvmU cfBbTk responsive-image__image\"   src=\"https:\/\/www.europesays.com\/es\/wp-content\/uploads\/2026\/01\/B000997-R1-01-2.jpg\"\/><\/p>\n<p>El cuarto de ba\u00f1o se cort\u00f3 \u00edntegramente de un bloque de m\u00e1rmol portugu\u00e9s Estremoz, en una b\u00fasqueda de pureza y claridad. Apliques (Herv\u00e9 Van der Straeten).<\/p>\n<p>Matthieu Salvaing<\/p>\n<p>Este lugar ten\u00eda mucha alma, as\u00ed que la idea era hacerlo lo m\u00e1s funcional posible.<\/p>\n<p>La interiorista Isabelle Stanislas<\/p>\n<p>Muy entusiasmada con los techos altos, Isabelle Stanislas se dio enseguida \u201cla posibilidad de transformar los vol\u00famenes sin alterarlos. Este lugar ten\u00eda mucha alma incluso antes de que intervini\u00e9ramos. La idea no era demolerlo completamente, sino hacerlo lo m\u00e1s funcional posible y conservar la belleza de sus vol\u00famenes\u201d, explica. En colaboraci\u00f3n con la pareja, apasionada de la decoraci\u00f3n, Isabelle Stanislas utiliz\u00f3 materiales nobles, como la madera y la tarlatana que adornan las paredes del dormitorio principal \u2014lino aplicado a las paredes y luego pintado\u2014, los espejos de peltre del vestidor y el m\u00e1rmol Estremoz \u201cextremadamente puro\u201d importado de Portugal para el cuarto de ba\u00f1o principal. En la cocina, el suelo de cuarzo se dise\u00f1\u00f3 teniendo esto en cuenta, yendo m\u00e1s all\u00e1 de la funcionalidad para <strong>borrar cualquier aspereza y realzar las l\u00edneas del <a href=\"https:\/\/www.admagazine.com\/articulos\/estilo-clasico-una-nostalgica-mezcla-de-diseno-vintage\" rel=\"nofollow noopener\" target=\"_blank\">espacio estilo cl\u00e1sico<\/a><\/strong>.<\/p>\n<p><img decoding=\"async\" alt=\"departamento estilo clsico\" loading=\"lazy\" class=\"ResponsiveImageContainer-eNxvmU cfBbTk responsive-image__image\"   src=\"https:\/\/www.europesays.com\/es\/wp-content\/uploads\/2026\/01\/B001005-R1-06-7.jpg\"\/><\/p>\n<p>En la sala, pasado y presente interact\u00faan libremente. El sof\u00e1, la mesa de centro y la consola (Liaigre) aportan un toque moderno, realzado por la l\u00e1mpara de mesa dise\u00f1ada por Herv\u00e9 Van der Straeten.<\/p>\n<p>Matthieu Salvaing<img decoding=\"async\" alt=\"sala estilo clsico\" loading=\"lazy\" class=\"ResponsiveImageContainer-eNxvmU cfBbTk responsive-image__image\"   src=\"https:\/\/www.europesays.com\/es\/wp-content\/uploads\/2026\/01\/B001003-R1-00-1.jpg\"\/><\/p>\n<p>El escritorio de la biblioteca sirve de nexo entre la sala y el dormitorio principal. Tambi\u00e9n aqu\u00ed, Isabelle Stanislas combin\u00f3 sus propias creaciones (el librero) con un sof\u00e1 cama (Liaigre), una l\u00e1mpara colgante de Herv\u00e9 Van der Straeten y una chimenea de \u00c9ric Schmitt.<\/p>\n<p>Matthieu SalvaingL\u00edneas monocromas<\/p>\n<p><a href=\"https:\/\/www.admagazine.com\/articulos\/estilo-clasico-una-reforma-inteligente-y-respetuosa-con-la-historia\" rel=\"nofollow noopener\" target=\"_blank\">Este <strong>departamento estilo cl\u00e1sico<\/strong><\/a> es ante todo una historia de l\u00edneas. Para conservar el encanto de lo antiguo, Isabelle Stanislas trabaj\u00f3 mucho la perspectiva, organizando la circulaci\u00f3n a lo largo de las ventanas, \u201ccomo se hac\u00eda antiguamente\u201d. L\u00edneas, pero tambi\u00e9n esquinas redondeadas. \u201cQuer\u00edamos suavizar el espacio. El dormitorio principal no es tan grande, as\u00ed que quer\u00edamos crear un capullo. Por eso las paredes est\u00e1n pintadas de lino, que crea una atm\u00f3sfera turbia\u201d, explica el arquitecto. En efecto, el tiempo parece haberse detenido en este dormitorio monocromo y su cuarto de ba\u00f1o org\u00e1nico de tonos brumosos. Pero para darle cuerpo a este sobrio departamento, se aplic\u00f3 un marmorino (un polvo de m\u00e1rmol) a todas las paredes, a\u00f1adiendo grosor a cada una de las habitaciones.<\/p>\n<p><img decoding=\"async\" alt=\"departamento estilo clsico\" loading=\"lazy\" class=\"ResponsiveImageContainer-eNxvmU cfBbTk responsive-image__image\"   src=\"https:\/\/www.europesays.com\/es\/wp-content\/uploads\/2026\/01\/B001001-R1-00-1.jpg\"\/><\/p>\n<p>Los suelos y las molduras, renovados pero de \u00e9poca, a\u00f1aden un toque de cach\u00e9 a la sala principal, donde Isabelle Stanislas dise\u00f1\u00f3 el librero y la chimenea. Mesa de comedor, sillas y l\u00e1mpara de pie (Liaigre). Frente a las ventanas, entre dos sillones de Jean Michel Franck, un taburete (India Mahdavi). Al fondo, una escultura de metal de Tony Cragg a\u00f1ade un toque de fantas\u00eda.<\/p>\n<p>Matthieu Salvaing<\/p>\n<p>Esta contradicci\u00f3n entre vol\u00famenes claros y puros y elementos fuertes refleja mi mundo.<\/p>\n<p>La interiorista Isabelle Stanislas<\/p>\n<p>La sala-comedor refleja el trabajo de Isabelle Stanislas: un h\u00e1bil di\u00e1logo entre lo antiguo y lo nuevo. \u201cPor eso acudieron a m\u00ed\u201d, explica. \u201cEsta mezcla es el alma de nuestra agencia\u201d. Un librero y una chimenea negras, dise\u00f1adas por la arquitecta, y una mesa de Christian Liaigre, <strong>contrastan con el aspecto m\u00e1s monocromo del conjunto.<\/strong> \u201cEsta contradicci\u00f3n entre vol\u00famenes claros y puros y elementos fuertes refleja mi mundo\u201d, prosigue Isabelle Stanislas.<\/p>\n","protected":false},"excerpt":{"rendered":"Estamos en el coraz\u00f3n del distrito 7 de Par\u00eds, a dos pasos de Saint-Germain-des-Pr\u00e9s. Cuando los due\u00f1os decidieron&hellip;\n","protected":false},"author":2,"featured_media":333123,"comment_status":"","ping_status":"","sticky":false,"template":"","format":"standard","meta":{"footnotes":""},"categories":[173],"tags":[229,233,231,230,232,234,146,147,25,24,12234,23],"class_list":{"0":"post-333122","1":"post","2":"type-post","3":"status-publish","4":"format-standard","5":"has-post-thumbnail","7":"category-arte-y-diseno","8":"tag-arte","9":"tag-arte-y-diseno","10":"tag-arts","11":"tag-arts-and-design","12":"tag-design","13":"tag-diseno","14":"tag-entertainment","15":"tag-entretenimiento","16":"tag-es","17":"tag-espana","18":"tag-interiorismo","19":"tag-spain"},"share_on_mastodon":{"url":"https:\/\/pubeurope.com\/@es\/115870547618715578","error":""},"_links":{"self":[{"href":"https:\/\/www.europesays.com\/es\/wp-json\/wp\/v2\/posts\/333122","targetHints":{"allow":["GET"]}}],"collection":[{"href":"https:\/\/www.europesays.com\/es\/wp-json\/wp\/v2\/posts"}],"about":[{"href":"https:\/\/www.europesays.com\/es\/wp-json\/wp\/v2\/types\/post"}],"author":[{"embeddable":true,"href":"https:\/\/www.europesays.com\/es\/wp-json\/wp\/v2\/users\/2"}],"replies":[{"embeddable":true,"href":"https:\/\/www.europesays.com\/es\/wp-json\/wp\/v2\/comments?post=333122"}],"version-history":[{"count":0,"href":"https:\/\/www.europesays.com\/es\/wp-json\/wp\/v2\/posts\/333122\/revisions"}],"wp:featuredmedia":[{"embeddable":true,"href":"https:\/\/www.europesays.com\/es\/wp-json\/wp\/v2\/media\/333123"}],"wp:attachment":[{"href":"https:\/\/www.europesays.com\/es\/wp-json\/wp\/v2\/media?parent=333122"}],"wp:term":[{"taxonomy":"category","embeddable":true,"href":"https:\/\/www.europesays.com\/es\/wp-json\/wp\/v2\/categories?post=333122"},{"taxonomy":"post_tag","embeddable":true,"href":"https:\/\/www.europesays.com\/es\/wp-json\/wp\/v2\/tags?post=333122"}],"curies":[{"name":"wp","href":"https:\/\/api.w.org\/{rel}","templated":true}]}}