{"id":333126,"date":"2026-01-10T11:26:08","date_gmt":"2026-01-10T11:26:08","guid":{"rendered":"https:\/\/www.europesays.com\/es\/333126\/"},"modified":"2026-01-10T11:26:08","modified_gmt":"2026-01-10T11:26:08","slug":"brendan-fraser-conquista-corazones-con-familia-de-alquiler-la-pelicula-que-ya-es-favorita-de-la-critica","status":"publish","type":"post","link":"https:\/\/www.europesays.com\/es\/333126\/","title":{"rendered":"Brendan Fraser conquista corazones con \u201cFamilia de alquiler\u201d, la pel\u00edcula que ya es favorita de la cr\u00edtica"},"content":{"rendered":"<p>La cinta, dirigida por la realizadora japonesa Hikari, promete emocionar y sorprender a los espectadores (Familia de alquiler)<\/p>\n<p class=\"paragraph\">Arranca el a\u00f1o con una de las propuestas cinematogr\u00e1ficas m\u00e1s esperadas seg\u00fan la cr\u00edtica internacional. <a rel=\"noopener noreferrer nofollow\" href=\"https:\/\/www.infobae.com\/entretenimiento\/2025\/12\/01\/brendan-fraser-no-ha-recuperado-la-confianza-en-si-mismo-incluso-despues-de-ganar-el-oscar\/\" target=\"_blank\" title=\"https:\/\/www.infobae.com\/entretenimiento\/2025\/12\/01\/brendan-fraser-no-ha-recuperado-la-confianza-en-si-mismo-incluso-despues-de-ganar-el-oscar\/\">Brendan Fraser<\/a>, el actor que vivi\u00f3 un renacimiento profesional tras su aclamada interpretaci\u00f3n en La ballena, regresa a la gran pantalla con <b>Familia de alquiler<\/b>, una producci\u00f3n que combina el drama humano con el humor sutil, y que ya ha sido se\u00f1alada como una de las mejores pel\u00edculas de 2026 por la <b>National Board of Review<\/b>. <\/p>\n<p class=\"paragraph\">La cinta, dirigida por la realizadora japonesa <b>Hikari<\/b>, promete emocionar y sorprender a los espectadores, presentando una historia que cuestiona las fronteras entre la actuaci\u00f3n y la vida real.<\/p>\n<p class=\"paragraph\">En Familia de alquiler, Fraser asume el papel de un actor que, como muchos en el mundo del espect\u00e1culo, enfrenta las <b>dificultades de sobrevivir en una industria competitiva y poco predecible<\/b>. El film retrata la realidad de quienes, pese a su vocaci\u00f3n art\u00edstica, se ven obligados a buscar empleos alternativos para poder subsistir. <\/p>\n<p class=\"paragraph\">En este caso, el personaje principal encuentra una ocupaci\u00f3n fuera de lo com\u00fan: trabajar para una agencia japonesa dedicada a ofrecer servicios de \u201cfamilias de alquiler\u201d. Esta singular empresa contrata a actores para que interpreten el rol de miembros sustitutos en familias que, por diversos motivos, necesitan llenar vac\u00edos emocionales o sociales.<\/p>\n<p><img alt=\"Brendan Fraser encabeza 'Familia de\" class=\"global-image\" decoding=\"async\" fetchpriority=\"low\" height=\"1080\" loading=\"lazy\" src=\"https:\/\/www.europesays.com\/es\/wp-content\/uploads\/2026\/01\/N6FUBNYKGVE2XK5WAOQFQYIXCI.jpg\" width=\"1920\"\/>Brendan Fraser encabeza &#8216;Familia de alquiler&#8217;, destacada entre las mejores pel\u00edculas del a\u00f1o seg\u00fan la National Board of Review<\/p>\n<p class=\"paragraph\">Ambientada en el Tokio contempor\u00e1neo, <b>la pel\u00edcula explora las vicisitudes de este joven actor mientras se sumerge en un universo donde los l\u00edmites entre la ficci\u00f3n y la realidad se desdibujan<\/b>. Al principio, su trabajo consiste exclusivamente en desempe\u00f1ar papeles asignados por la agencia, convirti\u00e9ndose en hermano, hijo o incluso esposo de personas completamente desconocidas. Sin embargo, a medida que avanza la trama, el protagonista comienza a forjar lazos genuinos con quienes lo han \u201cadoptado\u201d temporalmente, lo que le obliga a replantearse el sentido de pertenencia y el significado de las relaciones humanas.<\/p>\n<p class=\"paragraph\">La historia, inspirada en el fen\u00f3meno real de las agencias de alquiler de familiares en Jap\u00f3n, invita a reflexionar sobre la soledad, la b\u00fasqueda de conexi\u00f3n y la necesidad de afecto en una sociedad que, aunque hiperconectada tecnol\u00f3gicamente, padece de una profunda desconexi\u00f3n emocional. A trav\u00e9s de estos v\u00ednculos inesperados, el personaje de Fraser experimenta una transformaci\u00f3n personal que lo lleva a entender las complejidades del v\u00ednculo humano y la importancia de sentirse parte de un grupo, aunque sea por un tiempo limitado y bajo circunstancias poco convencionales.<\/p>\n<p><img alt=\"La coproducci\u00f3n entre Jap\u00f3n y\" class=\"global-image\" decoding=\"async\" fetchpriority=\"low\" height=\"1080\" loading=\"lazy\" src=\"https:\/\/www.europesays.com\/es\/wp-content\/uploads\/2026\/01\/H3PWYZDBTJHTXISAF3M2YHWO4A.jpg\" width=\"1920\"\/>La coproducci\u00f3n entre Jap\u00f3n y Estados Unidos profundiza en el fen\u00f3meno de las agencias de familias de alquiler en Tokio contempor\u00e1neo<\/p>\n<p class=\"paragraph\">La direcci\u00f3n de <b>Hikari<\/b> aporta una sensibilidad especial a la narraci\u00f3n. Reconocida por su trabajo en episodios de las series Tokyo Vice y Bronca, la cineasta japonesa imprime en \u201cFamilia de alquiler\u201d su estilo distintivo, caracterizado por la observaci\u00f3n minuciosa de los gestos cotidianos y una puesta en escena que privilegia la intimidad y la naturalidad. <\/p>\n<p class=\"paragraph\">El reparto, integrado mayoritariamente por actores y actrices japoneses, aporta una autenticidad indiscutible al relato, aunque el foco recae en la actuaci\u00f3n de Fraser, quien demuestra una vez m\u00e1s su versatilidad y capacidad para transmitir emociones complejas con sutileza.<\/p>\n<p class=\"paragraph\">La pel\u00edcula es fruto de una coproducci\u00f3n entre <b>Jap\u00f3n y Estados Unidos<\/b>, lo que le permite conjugar miradas culturales distintas sobre temas universales como la familia, la soledad y la identidad. Esta colaboraci\u00f3n internacional se traduce en una obra que, sin perder su ra\u00edz japonesa, resulta accesible y cercana para p\u00fablicos de distintas latitudes. El guion y la direcci\u00f3n logran equilibrar el tono, navegando entre el drama y la comedia sin caer en el sentimentalismo f\u00e1cil, lo que contribuye a que el film destaque entre las propuestas de la temporada.<\/p>\n<p><img alt=\"'Familia de alquiler' ofrece una\" class=\"global-image\" decoding=\"async\" fetchpriority=\"low\" height=\"1080\" loading=\"lazy\" src=\"https:\/\/www.europesays.com\/es\/wp-content\/uploads\/2026\/01\/CZJLFZYHDNAWNGKDH5IR3FOMWM.jpg\" width=\"1920\"\/>&#8216;Familia de alquiler&#8217; ofrece una reflexi\u00f3n sobre la soledad, la b\u00fasqueda de afecto y el sentido de pertenencia en sociedades hiperconectadas pero emocionalmente desconectadas<\/p>\n<p class=\"paragraph\">El reconocimiento no ha tardado en llegar. Familia de alquiler estuvo nominada a la Espiga de Oro en la <b>Semana de Cine de Valladolid<\/b>, uno de los festivales m\u00e1s prestigiosos del circuito espa\u00f1ol. Adem\u00e1s, la <b>National Board of Review<\/b> la incluy\u00f3 entre las 10 mejores pel\u00edculas del a\u00f1o, subrayando su impacto en la cr\u00edtica internacional. Los medios especializados han coincidido en destacar la calidad interpretativa del elenco y la originalidad del argumento. <\/p>\n<p class=\"paragraph\">Seg\u00fan The Hollywood Reporter, el film representa \u201c<b>una encantadora sorpresa que equilibra la conmoci\u00f3n y el humor con una rara delicadeza<\/b>\u201d, mientras que Indiewire se\u00f1ala que se trata de \u201cuna peque\u00f1a y amable pel\u00edcula que reconoce la verdad y la interpretaci\u00f3n como dos caras de la misma moneda\u201d. Screen Rant la define como \u201cuna pel\u00edcula conmovedora que plantea preguntas reflexivas\u201d y destaca que \u201csus respuestas no te decepcionar\u00e1n\u201d.<\/p>\n<p class=\"paragraph\"><b>Este estreno llega a los cines este viernes 9 de enero<\/b> y est\u00e1 dirigido especialmente a quienes disfrutan de historias \u00edntimas, humanas y sensibles. \u201cFamilia de alquiler\u201d se presenta como una opci\u00f3n ideal para quienes buscan una experiencia cinematogr\u00e1fica alejada de los grandes efectos visuales y centrada en los dilemas y emociones de sus personajes. Es una invitaci\u00f3n a descubrir c\u00f3mo, a trav\u00e9s de los papeles que interpretamos en la vida cotidiana, podemos hallar una verdad m\u00e1s profunda sobre la naturaleza de las relaciones y el deseo de pertenecer a algo m\u00e1s grande que uno mismo.<\/p>\n","protected":false},"excerpt":{"rendered":"La cinta, dirigida por la realizadora japonesa Hikari, promete emocionar y sorprender a los espectadores (Familia de alquiler)&hellip;\n","protected":false},"author":2,"featured_media":333127,"comment_status":"","ping_status":"","sticky":false,"template":"","format":"standard","meta":{"footnotes":""},"categories":[169],"tags":[177,146,147,25,24,176,175,23],"class_list":{"0":"post-333126","1":"post","2":"type-post","3":"status-publish","4":"format-standard","5":"has-post-thumbnail","7":"category-cine","8":"tag-cine","9":"tag-entertainment","10":"tag-entretenimiento","11":"tag-es","12":"tag-espana","13":"tag-film","14":"tag-movies","15":"tag-spain"},"share_on_mastodon":{"url":"https:\/\/pubeurope.com\/@es\/115870563373557789","error":""},"_links":{"self":[{"href":"https:\/\/www.europesays.com\/es\/wp-json\/wp\/v2\/posts\/333126","targetHints":{"allow":["GET"]}}],"collection":[{"href":"https:\/\/www.europesays.com\/es\/wp-json\/wp\/v2\/posts"}],"about":[{"href":"https:\/\/www.europesays.com\/es\/wp-json\/wp\/v2\/types\/post"}],"author":[{"embeddable":true,"href":"https:\/\/www.europesays.com\/es\/wp-json\/wp\/v2\/users\/2"}],"replies":[{"embeddable":true,"href":"https:\/\/www.europesays.com\/es\/wp-json\/wp\/v2\/comments?post=333126"}],"version-history":[{"count":0,"href":"https:\/\/www.europesays.com\/es\/wp-json\/wp\/v2\/posts\/333126\/revisions"}],"wp:featuredmedia":[{"embeddable":true,"href":"https:\/\/www.europesays.com\/es\/wp-json\/wp\/v2\/media\/333127"}],"wp:attachment":[{"href":"https:\/\/www.europesays.com\/es\/wp-json\/wp\/v2\/media?parent=333126"}],"wp:term":[{"taxonomy":"category","embeddable":true,"href":"https:\/\/www.europesays.com\/es\/wp-json\/wp\/v2\/categories?post=333126"},{"taxonomy":"post_tag","embeddable":true,"href":"https:\/\/www.europesays.com\/es\/wp-json\/wp\/v2\/tags?post=333126"}],"curies":[{"name":"wp","href":"https:\/\/api.w.org\/{rel}","templated":true}]}}