{"id":333144,"date":"2026-01-10T11:40:11","date_gmt":"2026-01-10T11:40:11","guid":{"rendered":"https:\/\/www.europesays.com\/es\/333144\/"},"modified":"2026-01-10T11:40:11","modified_gmt":"2026-01-10T11:40:11","slug":"el-tour-de-zwift-da-inicio-a-la-temporada-en-el-ciclismo-virtual","status":"publish","type":"post","link":"https:\/\/www.europesays.com\/es\/333144\/","title":{"rendered":"El Tour de Zwift da inicio a la temporada en el ciclismo virtual"},"content":{"rendered":"<p class=\"\"><b>Zwift, la mayor plataforma de ciclismo virtual del mundo, ha lanzado una nueva edici\u00f3n del Tour de Zwift <\/b>para que los aficionados den la bienvenida al 2026 haciendo deporte y sobre el rodillo con las primeras pedaladas del nuevo a\u00f1os.<\/p>\n<p class=\"\"><b>Este Tour de Zwift se celebrar\u00e1 del 5 de enero al 22 de febrero<\/b> y reunir\u00e1 a cientos de miles de ciclistas durante estas seis semanas en las que se enfrentar\u00e1n a recorridos de nueve mundos virtuales.<\/p>\n<p class=\"\">El Tour de Zwift contar\u00e1 con actividades programadas y otras bajo demanda que permitir\u00e1n a los participantes adaptar la competici\u00f3n a sus horarios y objetivos. <b>Las etapas se celebrar\u00e1n cada semana en tres distancias (larga, est\u00e1ndar y corta)<\/b> y podr\u00e1n completarse como paseo o carrera. Las etapas incluir\u00e1n los recorridos de Makuri (etapa 1), Francia (etapa 2), Innsbruck, Yorkshire y Escocia (etapa 3), Londres (etapa 4), Watopia (etapa 5) y Richmond (etapa 6).<\/p>\n<p><img decoding=\"async\" src=\"https:\/\/www.europesays.com\/es\/wp-content\/uploads\/2026\/01\/EXDDKPPOEZHDJO2V2DUUOL563Y.png\" alt=\"El Tour de Zwift da inicio a la temporada en el ciclismo virtual\" height=\"1080\" width=\"1920\"   loading=\"lazy\"\/><\/p>\n<p class=\"\"><b>Todos aquellos ciclistas que no hayan podido completar alguna de las etapas <\/b>del Tour de Zwift podr\u00e1n hacerlo en la semana del 16 al 22 de febrero<\/p>\n<p class=\"\">El Tour de Zwift no s\u00f3lo estar\u00e1 disponible en ciclismo, sino que tambi\u00e9n incluir\u00e1<b> recorridos a pie de 5 kil\u00f3metros entre semana y una carrera larga de 10 kil\u00f3metros<\/b> durante los fines de semana.<\/p>\n<p class=\"\">Un Tour de Zwift que premiar\u00e1 a aquellos deportistas que completen las tres distancias en cada una de las seis etapas en el Desaf\u00edo Definitivo, ya que <b>recibir\u00e1n 12.500 puntos de experiencia y desbloquear\u00e1n la Afterparty Cap. <\/b>Adem\u00e1s, entrar\u00e1n en el sorteo de un TDZ x Pedal Mafia Zwift Ride Smart Frame, creada exclusivamente para este Tour de Zwift con el que empezar 2026 haciendo deporte.<\/p>\n<p>Noticias relacionadas<\/p>\n<p class=\"\"><b>\u00a1Tus opiniones importan!<\/b> Comenta en los art\u00edculos y suscr\u00edbete gratis a nuestra <a href=\"https:\/\/asfan.as.com\/newsletters\/\" target=\"_blank\" rel=\"nofollow noopener\" title=\"https:\/\/asfan.as.com\/newsletters\/\">newsletter<\/a> y a las alertas informativas en la <a href=\"https:\/\/as.com\/aplicacion-de-as-n\/\" target=\"_blank\" rel=\"nofollow noopener\" title=\"https:\/\/as.com\/aplicacion-de-as-n\/\">App<\/a> o el canal de <a href=\"https:\/\/www.whatsapp.com\/channel\/0029VaAasdA7j6g745nz9M10\" target=\"_blank\" rel=\"nofollow noopener\" title=\"https:\/\/www.whatsapp.com\/channel\/0029VaAasdA7j6g745nz9M10\">WhatsApp<\/a>.<\/p>\n<p class=\"\">\u00bfBuscas licenciar contenido? Haz clic <a href=\"https:\/\/profesional.elpais.com\/soluciones-sindicacion?utm_medium=interno&amp;utm_source=crosslinking&amp;utm_campaign=sindicacion_as_pie_articulos\" target=\"_blank\" rel=\"nofollow noopener\" title=\"https:\/\/profesional.elpais.com\/soluciones-sindicacion?utm_medium=interno&amp;utm_source=crosslinking&amp;utm_campaign=sindicacion_as_pie_articulos\">aqu\u00ed<\/a><\/p>\n","protected":false},"excerpt":{"rendered":"Zwift, la mayor plataforma de ciclismo virtual del mundo, ha lanzado una nueva edici\u00f3n del Tour de Zwift&hellip;\n","protected":false},"author":2,"featured_media":333145,"comment_status":"","ping_status":"","sticky":false,"template":"","format":"standard","meta":{"footnotes":""},"categories":[273],"tags":[313,312,168,25,24,23,167],"class_list":{"0":"post-333144","1":"post","2":"type-post","3":"status-publish","4":"format-standard","5":"has-post-thumbnail","7":"category-ciclismo","8":"tag-ciclismo","9":"tag-cycling","10":"tag-deportes","11":"tag-es","12":"tag-espana","13":"tag-spain","14":"tag-sports"},"share_on_mastodon":{"url":"https:\/\/pubeurope.com\/@es\/115870618259235821","error":""},"_links":{"self":[{"href":"https:\/\/www.europesays.com\/es\/wp-json\/wp\/v2\/posts\/333144","targetHints":{"allow":["GET"]}}],"collection":[{"href":"https:\/\/www.europesays.com\/es\/wp-json\/wp\/v2\/posts"}],"about":[{"href":"https:\/\/www.europesays.com\/es\/wp-json\/wp\/v2\/types\/post"}],"author":[{"embeddable":true,"href":"https:\/\/www.europesays.com\/es\/wp-json\/wp\/v2\/users\/2"}],"replies":[{"embeddable":true,"href":"https:\/\/www.europesays.com\/es\/wp-json\/wp\/v2\/comments?post=333144"}],"version-history":[{"count":0,"href":"https:\/\/www.europesays.com\/es\/wp-json\/wp\/v2\/posts\/333144\/revisions"}],"wp:featuredmedia":[{"embeddable":true,"href":"https:\/\/www.europesays.com\/es\/wp-json\/wp\/v2\/media\/333145"}],"wp:attachment":[{"href":"https:\/\/www.europesays.com\/es\/wp-json\/wp\/v2\/media?parent=333144"}],"wp:term":[{"taxonomy":"category","embeddable":true,"href":"https:\/\/www.europesays.com\/es\/wp-json\/wp\/v2\/categories?post=333144"},{"taxonomy":"post_tag","embeddable":true,"href":"https:\/\/www.europesays.com\/es\/wp-json\/wp\/v2\/tags?post=333144"}],"curies":[{"name":"wp","href":"https:\/\/api.w.org\/{rel}","templated":true}]}}