{"id":333163,"date":"2026-01-10T11:53:07","date_gmt":"2026-01-10T11:53:07","guid":{"rendered":"https:\/\/www.europesays.com\/es\/333163\/"},"modified":"2026-01-10T11:53:07","modified_gmt":"2026-01-10T11:53:07","slug":"samsung-presenta-su-primera-pantalla-micro-rgb-de-130-pulgadas","status":"publish","type":"post","link":"https:\/\/www.europesays.com\/es\/333163\/","title":{"rendered":"Samsung presenta su primera pantalla Micro RGB de 130 pulgadas"},"content":{"rendered":"<p><strong>Samsung Electronics<\/strong> ha presentado en <strong><a href=\"https:\/\/www.marketingdirecto.com\/marketing-general\/eventos-y-formacion\/ces-2026-mejores-lanzamientos-tecnologia-vegas-innovacion-novedades\" target=\"_blank\" rel=\"noreferrer noopener nofollow\">CES<\/a> <\/strong>la primera<strong> televisi\u00f3n Micro RGB de 130 pulgadas del mundo<\/strong>, el modelo R95H, marcando un nuevo hito en el<strong> segmento de las pantallas ultrapremium<\/strong>. Con esta propuesta, la compa\u00f1\u00eda no solo ampl\u00eda el tama\u00f1o de su tecnolog\u00eda Micro RGB, sino que introduce una nueva visi\u00f3n de dise\u00f1o y experiencia visual prensada para una nueva generaci\u00f3n de consumidores.<\/p>\n<p>\u00abMicro RGB representa la cima de nuestra innovaci\u00f3n en calidad de imagen, y el nuevo modelo de 130 pulgadas lleva nuestra visi\u00f3n a\u00fan m\u00e1s lejos\u00bb, ha afirmado<strong> Hun Lee, vicepresidente ejecutivo del negocio de Visual Display (VD) en Samsung Electronics.<\/strong> \u00abEstamos reviviendo el esp\u00edritu de nuestra filosof\u00eda de dise\u00f1o original para ofrecer una pantalla inequ\u00edvocamente premium, dise\u00f1ada con tecnolog\u00eda para una nueva generaci\u00f3n\u00bb.<\/p>\n<p>Una pantalla que se percibe como una obra de arte<\/p>\n<p>M\u00e1s all\u00e1 de sus dimensiones, la nueva Micro RGB de 130 pulgadas destaca por <strong>un enfoque de dise\u00f1o que busca redefinir lo que puede ser una pantalla en el hogar o en entornos exclusivos. <\/strong>Samsung apuesta por una est\u00e9tica inspirada en una galer\u00eda de arte a trav\u00e9s del Timeless Frame, una evoluci\u00f3n contempor\u00e1nea del dise\u00f1o Timeless Gallery presentado por la marca en 2013.<\/p>\n<p><img loading=\"lazy\" decoding=\"async\" width=\"1000\" height=\"572\" src=\"https:\/\/www.europesays.com\/es\/wp-content\/uploads\/2026\/01\/Samsung-TVs-and-Displays-Samsung-Micro-RGB-TV_Main1.webp.webp\" alt=\"Samsung Pantalla Micro RGB\" class=\"wp-image-1112686\"  \/><\/p>\n<p>El marco refinado, inspirado en una gran ventana arquitect\u00f3nica, hace que la pantalla parezca flotar en el espacio, transform\u00e1ndola en una pieza central que ampl\u00eda visualmente la habitaci\u00f3n. El audio, integrado directamente en el marco, ha sido dise\u00f1ado para mantener un equilibrio natural con la imagen, reforzando una experiencia inmersiva en la que sonido y visual se funden de forma org\u00e1nica.<\/p>\n<p>Color de nueva generaci\u00f3n y precisi\u00f3n extrema<\/p>\n<p>En el apartado tecnol\u00f3gico, la Micro RGB de 130 pulgadas incorpora las innovaciones m\u00e1s avanzadas de Samsung hasta la fecha.<strong> Impulsada por el Micro RGB AI Engine Pro<\/strong>, junto con <strong>Micro RGB Color Booster Pro y Micro RGB HDR Pro<\/strong>, la pantalla utiliza <strong>inteligencia artificial para mejorar los tonos apagados, refinar el contraste y ofrecer colores vivos<\/strong> con un alto nivel de realismo, tanto en escenas luminosas como en las m\u00e1s oscuras.<\/p>\n<p>Uno de los grandes diferenciales del modelo es<strong> Micro RGB Precision Color 100,<\/strong> que permite reproducir el 100% del espacio de color BT.2020. <strong>Certificada por la Verband der Elektrotechni<\/strong>k (VDE), la pantalla garantiza una reproducci\u00f3n crom\u00e1tica precisa y matizada, reforzada adem\u00e1s por la tecnolog\u00eda Glare Free de Samsung, que reduce los reflejos y preserva el contraste en diferentes condiciones de iluminaci\u00f3n.<\/p>\n<p>IA, sonido avanzado y experiencia inteligente<\/p>\n<p>La experiencia audiovisual se completa con<strong> compatibilidad con HDR10+ ADVANCED y Eclipsa Audio<\/strong>, as\u00ed como con una versi\u00f3n mejorada de Vision AI Companion. Esta plataforma permite b\u00fasquedas conversacionales, recomendaciones proactivas y acceso a funciones avanzadas basadas en inteligencia artificial, como AI Football Mode Pro, AI Sound Controller Pro, Live Translate, Generative Wallpaper y la integraci\u00f3n de herramientas como Microsoft Copilot y Perplexity.<\/p>\n<p><a href=\"https:\/\/news.samsung.com\/co\/tag\/micro-rgb\" target=\"_blank\" rel=\"noreferrer noopener nofollow\">La nueva pantalla Micro RGB <\/a>de 130 pulgadas se exhibir\u00e1 en la Zona de Exhibici\u00f3n de Samsung durante CES 2026 en Las Vegas, donde la compa\u00f1\u00eda mostrar\u00e1 su visi\u00f3n de futuro para el entretenimiento dom\u00e9stico de alta gama, combinando tecnolog\u00eda, dise\u00f1o y experiencia inmersiva en una \u00fanica propuesta.<\/p>\n","protected":false},"excerpt":{"rendered":"Samsung Electronics ha presentado en CES la primera televisi\u00f3n Micro RGB de 130 pulgadas del mundo, el modelo&hellip;\n","protected":false},"author":2,"featured_media":333164,"comment_status":"","ping_status":"","sticky":false,"template":"","format":"standard","meta":{"footnotes":""},"categories":[81],"tags":[119,123,124,25,24,1700,117,121,122,23,118,120],"class_list":{"0":"post-333163","1":"post","2":"type-post","3":"status-publish","4":"format-standard","5":"has-post-thumbnail","7":"category-ciencia-y-tecnologia","8":"tag-ciencia","9":"tag-ciencia-y-tecnologia","10":"tag-cienciaytecnologia","11":"tag-es","12":"tag-espana","13":"tag-samsung","14":"tag-science","15":"tag-science-and-technology","16":"tag-scienceandtechnology","17":"tag-spain","18":"tag-technology","19":"tag-tecnologia"},"share_on_mastodon":{"url":"https:\/\/pubeurope.com\/@es\/115870669590121034","error":""},"_links":{"self":[{"href":"https:\/\/www.europesays.com\/es\/wp-json\/wp\/v2\/posts\/333163","targetHints":{"allow":["GET"]}}],"collection":[{"href":"https:\/\/www.europesays.com\/es\/wp-json\/wp\/v2\/posts"}],"about":[{"href":"https:\/\/www.europesays.com\/es\/wp-json\/wp\/v2\/types\/post"}],"author":[{"embeddable":true,"href":"https:\/\/www.europesays.com\/es\/wp-json\/wp\/v2\/users\/2"}],"replies":[{"embeddable":true,"href":"https:\/\/www.europesays.com\/es\/wp-json\/wp\/v2\/comments?post=333163"}],"version-history":[{"count":0,"href":"https:\/\/www.europesays.com\/es\/wp-json\/wp\/v2\/posts\/333163\/revisions"}],"wp:featuredmedia":[{"embeddable":true,"href":"https:\/\/www.europesays.com\/es\/wp-json\/wp\/v2\/media\/333164"}],"wp:attachment":[{"href":"https:\/\/www.europesays.com\/es\/wp-json\/wp\/v2\/media?parent=333163"}],"wp:term":[{"taxonomy":"category","embeddable":true,"href":"https:\/\/www.europesays.com\/es\/wp-json\/wp\/v2\/categories?post=333163"},{"taxonomy":"post_tag","embeddable":true,"href":"https:\/\/www.europesays.com\/es\/wp-json\/wp\/v2\/tags?post=333163"}],"curies":[{"name":"wp","href":"https:\/\/api.w.org\/{rel}","templated":true}]}}