{"id":333171,"date":"2026-01-10T11:57:12","date_gmt":"2026-01-10T11:57:12","guid":{"rendered":"https:\/\/www.europesays.com\/es\/333171\/"},"modified":"2026-01-10T11:57:12","modified_gmt":"2026-01-10T11:57:12","slug":"me-ha-calmado-un-poco-el-alma-ver-que-se-esta-haciendo-justicia","status":"publish","type":"post","link":"https:\/\/www.europesays.com\/es\/333171\/","title":{"rendered":"Me ha calmado un poco el alma ver que se est\u00e1 haciendo justicia"},"content":{"rendered":"<p class=\"c-paragraph\"><a href=\"https:\/\/www.20minutos.es\/tags\/personas\/rocio-flores-carrasco.html\" title=\"Roc\u00edo Flores Carrasco\" rel=\"nofollow noopener\" target=\"_blank\">Roc\u00edo Flores<\/a> volver\u00e1 esta noche a la televisi\u00f3n como invitada principal de De viernes\u00a0tras ganar la demanda por revelaci\u00f3n de secretos contra \u00d3scar Cornejo y Adri\u00e1n Madrid, productores del documental protagonizado por <a href=\"https:\/\/www.20minutos.es\/tags\/personas\/rocio-carrasco.html\" title=\"Roc\u00edo Carrasco\" rel=\"nofollow noopener\" target=\"_blank\">Roc\u00edo Carrasco<\/a>,\u00a0su madre. En ese espacio, se comparti\u00f3 informaci\u00f3n privada sobre la joven, <b>incluyendo la acusaci\u00f3n de una supuesta agresi\u00f3n<\/b>, cuesti\u00f3n que Flores ha llevado a los tribunales y que ahora se le ha reconocido como una vulneraci\u00f3n de sus derechos.<\/p>\n<p class=\"c-paragraph\">Antes de emitir la charla completa en el citado formato nocturno,\u00a0El tiempo justo <b>ha ofrecido a sus espectadores un adelanto<\/b> con fragmentos de la conversaci\u00f3n previa que Roc\u00edo Flores mantuvo con Santi Acosta, donde la joven expres\u00f3 su reacci\u00f3n ante la noticia.<\/p>\n<p class=\"c-paragraph\">\u00abEra una noticia que llevaba mucho tiempo esperando\u00bb, ha afirmado la protagonista. En ese avance, la hija de <a href=\"https:\/\/www.20minutos.es\/tags\/personas\/antonio-david.html\" title=\"Antonio David\" rel=\"nofollow noopener\" target=\"_blank\">Antonio David Flores<\/a> <b>ha mostrado su alivio tras conocer la sentencia<\/b>: \u00abSinceramente, me ha calmado un poco el alma ver que poco a poco se est\u00e1 haciendo justicia\u00bb.<\/p>\n<p class=\"c-paragraph\">Respondiendo a qu\u00e9 opina del documental, Roc\u00edo no ha dejado lugar a dudas. \u00ab<b>Fue una aut\u00e9ntica masacre.<\/b>\u00a0Les dio exactamente igual el ense\u00f1ar o publicar informaci\u00f3n m\u00eda que no pod\u00edan. Lo que han hecho es destrozarme la vida\u00bb.<\/p>\n<p class=\"c-paragraph\">Tambi\u00e9n ha recordado c\u00f3mo fueron para ella <b>aquellos meses posteriores a la difusi\u00f3n de la pieza audiovisual<\/b>: \u00abTen\u00eda pocas opciones por aquel entonces. O me iba del pa\u00eds o comet\u00eda una locura o me encerraba en mi casa&#8230; Opt\u00e9 por la opci\u00f3n de intentar sobrevivir esa situaci\u00f3n\u00bb.<\/p>\n","protected":false},"excerpt":{"rendered":"Roc\u00edo Flores volver\u00e1 esta noche a la televisi\u00f3n como invitada principal de De viernes\u00a0tras ganar la demanda por&hellip;\n","protected":false},"author":2,"featured_media":333172,"comment_status":"","ping_status":"","sticky":false,"template":"","format":"standard","meta":{"footnotes":""},"categories":[5],"tags":[17,18,25,24,13,14,9646,11,19,20,9,10,15,16,10596,3152,7745,57,23,12,21,22],"class_list":{"0":"post-333171","1":"post","2":"type-post","3":"status-publish","4":"format-standard","5":"has-post-thumbnail","7":"category-titulares","8":"tag-breaking-news","9":"tag-breakingnews","10":"tag-es","11":"tag-espana","12":"tag-featured-news","13":"tag-featurednews","14":"tag-flores","15":"tag-headlines","16":"tag-latest-news","17":"tag-latestnews","18":"tag-news","19":"tag-noticias","20":"tag-noticias-destacadas","21":"tag-noticiasdestacadas","22":"tag-pronuncia","23":"tag-rocio","24":"tag-se","25":"tag-sobre","26":"tag-spain","27":"tag-titulares","28":"tag-ultimas-noticias","29":"tag-ultimasnoticias"},"share_on_mastodon":{"url":"https:\/\/pubeurope.com\/@es\/115870685109607037","error":""},"_links":{"self":[{"href":"https:\/\/www.europesays.com\/es\/wp-json\/wp\/v2\/posts\/333171","targetHints":{"allow":["GET"]}}],"collection":[{"href":"https:\/\/www.europesays.com\/es\/wp-json\/wp\/v2\/posts"}],"about":[{"href":"https:\/\/www.europesays.com\/es\/wp-json\/wp\/v2\/types\/post"}],"author":[{"embeddable":true,"href":"https:\/\/www.europesays.com\/es\/wp-json\/wp\/v2\/users\/2"}],"replies":[{"embeddable":true,"href":"https:\/\/www.europesays.com\/es\/wp-json\/wp\/v2\/comments?post=333171"}],"version-history":[{"count":0,"href":"https:\/\/www.europesays.com\/es\/wp-json\/wp\/v2\/posts\/333171\/revisions"}],"wp:featuredmedia":[{"embeddable":true,"href":"https:\/\/www.europesays.com\/es\/wp-json\/wp\/v2\/media\/333172"}],"wp:attachment":[{"href":"https:\/\/www.europesays.com\/es\/wp-json\/wp\/v2\/media?parent=333171"}],"wp:term":[{"taxonomy":"category","embeddable":true,"href":"https:\/\/www.europesays.com\/es\/wp-json\/wp\/v2\/categories?post=333171"},{"taxonomy":"post_tag","embeddable":true,"href":"https:\/\/www.europesays.com\/es\/wp-json\/wp\/v2\/tags?post=333171"}],"curies":[{"name":"wp","href":"https:\/\/api.w.org\/{rel}","templated":true}]}}