{"id":333198,"date":"2026-01-10T12:19:14","date_gmt":"2026-01-10T12:19:14","guid":{"rendered":"https:\/\/www.europesays.com\/es\/333198\/"},"modified":"2026-01-10T12:19:14","modified_gmt":"2026-01-10T12:19:14","slug":"la-comunidad-de-madrid-avanza-en-la-produccion-de-compuestos-bioactivos-para-una-nutricion-de-precision-en-deportistas-y-enfermos-oncologicos","status":"publish","type":"post","link":"https:\/\/www.europesays.com\/es\/333198\/","title":{"rendered":"La Comunidad de Madrid avanza en la producci\u00f3n de compuestos bioactivos para una Nutrici\u00f3n de Precisi\u00f3n en deportistas y enfermos oncol\u00f3gicos"},"content":{"rendered":"<p>El objetivo es mejorar la salud de grupos poblacionales seg\u00fan sus necesidades espec\u00edficas, principalmente en el \u00e1mbito de los nutrac\u00e9uticos y extractos vegetales. De este modo, se avanza en la personalizaci\u00f3n en colectivos como deportistas, mujeres seg\u00fan su estado hormonal, personas mayores o pacientes oncol\u00f3gicos, de cara a optimizar su inmunidad y salud metab\u00f3lica para enfrentarse a los tratamientos.<\/p>\n<p>El trabajo del IMDEA Nutrici\u00f3n va a estar dirigido a evaluar la eficacia y actividad biol\u00f3gica con estudios in vitro o intervenciones nutricionales en humanos, as\u00ed como en fases previas de investigaci\u00f3n precl\u00ednica. Este enfoque permitir\u00e1 completar todo el proceso de dise\u00f1o y validaci\u00f3n de productos espec\u00edficos para la salud en grupos concretos de poblaci\u00f3n.<\/p>\n<p>Por su parte, la compa\u00f1\u00eda Natac se encargar\u00e1 de la producci\u00f3n sostenible y la optimizaci\u00f3n de nuevos ingredientes y extractos vegetales para su uso en complementos alimenticios, productos farmac\u00e9uticos, alimentos funcionales o cosm\u00e9ticos.<\/p>\n<p>Mediante esta colaboraci\u00f3n, se logra aunar experiencia cient\u00edfica, capacidad productiva y conocimiento aplicado, que permite acercar a la sociedad m\u00e1s r\u00e1pidamente los resultados de la investigaci\u00f3n. La Nutrici\u00f3n de Precisi\u00f3n adaptada al individuo surge como un importante hito dentro de las Ciencias de la Alimentaci\u00f3n, que va a permitir promocionar la salud en base a estrategias personalizadas y basadas en evidencias cient\u00edficas.<\/p>\n","protected":false},"excerpt":{"rendered":"El objetivo es mejorar la salud de grupos poblacionales seg\u00fan sus necesidades espec\u00edficas, principalmente en el \u00e1mbito de&hellip;\n","protected":false},"author":2,"featured_media":333199,"comment_status":"","ping_status":"","sticky":false,"template":"","format":"standard","meta":{"footnotes":""},"categories":[8],"tags":[17,18,25,24,13,14,11,19,20,9,10,15,16,23,12,21,22],"class_list":{"0":"post-333198","1":"post","2":"type-post","3":"status-publish","4":"format-standard","5":"has-post-thumbnail","7":"category-espana","8":"tag-breaking-news","9":"tag-breakingnews","10":"tag-es","11":"tag-espana","12":"tag-featured-news","13":"tag-featurednews","14":"tag-headlines","15":"tag-latest-news","16":"tag-latestnews","17":"tag-news","18":"tag-noticias","19":"tag-noticias-destacadas","20":"tag-noticiasdestacadas","21":"tag-spain","22":"tag-titulares","23":"tag-ultimas-noticias","24":"tag-ultimasnoticias"},"share_on_mastodon":{"url":"https:\/\/pubeurope.com\/@es\/115870771786680765","error":""},"_links":{"self":[{"href":"https:\/\/www.europesays.com\/es\/wp-json\/wp\/v2\/posts\/333198","targetHints":{"allow":["GET"]}}],"collection":[{"href":"https:\/\/www.europesays.com\/es\/wp-json\/wp\/v2\/posts"}],"about":[{"href":"https:\/\/www.europesays.com\/es\/wp-json\/wp\/v2\/types\/post"}],"author":[{"embeddable":true,"href":"https:\/\/www.europesays.com\/es\/wp-json\/wp\/v2\/users\/2"}],"replies":[{"embeddable":true,"href":"https:\/\/www.europesays.com\/es\/wp-json\/wp\/v2\/comments?post=333198"}],"version-history":[{"count":0,"href":"https:\/\/www.europesays.com\/es\/wp-json\/wp\/v2\/posts\/333198\/revisions"}],"wp:featuredmedia":[{"embeddable":true,"href":"https:\/\/www.europesays.com\/es\/wp-json\/wp\/v2\/media\/333199"}],"wp:attachment":[{"href":"https:\/\/www.europesays.com\/es\/wp-json\/wp\/v2\/media?parent=333198"}],"wp:term":[{"taxonomy":"category","embeddable":true,"href":"https:\/\/www.europesays.com\/es\/wp-json\/wp\/v2\/categories?post=333198"},{"taxonomy":"post_tag","embeddable":true,"href":"https:\/\/www.europesays.com\/es\/wp-json\/wp\/v2\/tags?post=333198"}],"curies":[{"name":"wp","href":"https:\/\/api.w.org\/{rel}","templated":true}]}}