{"id":333218,"date":"2026-01-10T12:37:06","date_gmt":"2026-01-10T12:37:06","guid":{"rendered":"https:\/\/www.europesays.com\/es\/333218\/"},"modified":"2026-01-10T12:37:06","modified_gmt":"2026-01-10T12:37:06","slug":"la-aep-impulsa-una-aplicacion-interactiva-para-guiar-la-vacunacion-en-grupos-de-riesgo","status":"publish","type":"post","link":"https:\/\/www.europesays.com\/es\/333218\/","title":{"rendered":"La AEP impulsa una aplicaci\u00f3n interactiva para guiar la vacunaci\u00f3n en grupos de riesgo"},"content":{"rendered":"<p>La <a href=\"http:\/\/www.aeped.es\/?utm_source=diariofarma&amp;utm_medium=web&amp;utm_campaign=smartlink\" rel=\"nofollow noopener\" target=\"_blank\">Asociaci\u00f3n Espa\u00f1ola de Pediatr\u00eda<\/a> ha desarrollado una aplicaci\u00f3n interactiva que permite consultar de forma \u00e1gil las recomendaciones de vacunaci\u00f3n e inmunizaci\u00f3n en <a href=\"https:\/\/diariofarma.com\/tag\/pacientes?utm_source=diariofarma&amp;utm_medium=web&amp;utm_campaign=smartlink\" rel=\"nofollow noopener\" target=\"_blank\">pacientes<\/a> con condiciones de riesgo, con el objetivo de apoyar la pr\u00e1ctica cl\u00ednica diaria.<\/p>\n<p>La <strong>Asociaci\u00f3n Espa\u00f1ola de <a href=\"https:\/\/diariofarma.com\/tag\/pediatria?utm_source=diariofarma&amp;utm_medium=web&amp;utm_campaign=smartlink\" rel=\"nofollow noopener\" target=\"_blank\">Pediatr\u00eda<\/a><\/strong> ha desarrollado una aplicaci\u00f3n interactiva destinada a facilitar la vacunaci\u00f3n e inmunizaci\u00f3n de pacientes pertenecientes a grupos de riesgo. La herramienta, accesible en formato digital, se dise\u00f1\u00f3 para apoyar a los profesionales sanitarios en la consulta r\u00e1pida y ordenada de las recomendaciones vigentes, en un contexto cl\u00ednico caracterizado por la complejidad y la diversidad de situaciones asistenciales.<\/p>\n<p>El proyecto se integra en la actividad divulgativa del Comit\u00e9 Asesor de <a href=\"https:\/\/diariofarma.com\/tag\/vacunas?utm_source=diariofarma&amp;utm_medium=web&amp;utm_campaign=smartlink\" rel=\"nofollow noopener\" target=\"_blank\">Vacunas<\/a> y se aloja en el portal <strong>Vacunas AEP<\/strong>, donde se pone a disposici\u00f3n de pediatras y otros profesionales implicados en la <a href=\"https:\/\/diariofarma.com\/tag\/prevencion?utm_source=diariofarma&amp;utm_medium=web&amp;utm_campaign=smartlink\" rel=\"nofollow noopener\" target=\"_blank\">prevenci\u00f3n<\/a> de enfermedades infecciosas. Su desarrollo se bas\u00f3 en la necesidad de disponer de un recurso pr\u00e1ctico que ayudara a interpretar las pautas de vacunaci\u00f3n en pacientes con patolog\u00edas de base, tratamientos inmunosupresores o situaciones cl\u00ednicas especiales.<\/p>\n<p>La aplicaci\u00f3n se presenta como un contenido interactivo desarrollado sobre la plataforma <strong>Genially<\/strong>, lo que permite una navegaci\u00f3n intuitiva y visual. A trav\u00e9s de distintos recorridos, el usuario puede identificar el perfil de riesgo del paciente y acceder a las recomendaciones de vacunaci\u00f3n correspondientes, adaptadas a cada circunstancia cl\u00ednica. De este modo, la herramienta transforma documentos extensos y complejos en un esquema din\u00e1mico y f\u00e1cilmente consultable.<\/p>\n<p><strong>Enfoque pr\u00e1ctico y cl\u00ednico<\/strong><\/p>\n<p>Uno de los elementos clave del desarrollo es su orientaci\u00f3n eminentemente pr\u00e1ctica. La aplicaci\u00f3n no sustituye a las gu\u00edas ni a los calendarios oficiales, sino que act\u00faa como un complemento que facilita su aplicaci\u00f3n en la consulta diaria. En este sentido, contribuye a reducir la variabilidad cl\u00ednica y a mejorar la adherencia a las recomendaciones, especialmente en escenarios donde coexisten varias condiciones de riesgo.<\/p>\n<p>Adem\u00e1s, el recurso se concibi\u00f3 como un material vivo, susceptible de actualizaci\u00f3n conforme evolucionen las evidencias cient\u00edficas y las recomendaciones oficiales. Esta caracter\u00edstica resulta especialmente relevante en el \u00e1mbito de la vacunaci\u00f3n, donde los cambios en indicaciones, esquemas o grupos diana son frecuentes.<\/p>\n<p>Con esta iniciativa, la <strong>Asociaci\u00f3n Espa\u00f1ola de Pediatr\u00eda<\/strong> refuerza su apuesta por herramientas digitales orientadas a la pr\u00e1ctica cl\u00ednica, facilitando a los profesionales un acceso \u00e1gil y estructurado a la informaci\u00f3n sobre vacunaci\u00f3n en pacientes vulnerables y contribuyendo, en \u00faltimo t\u00e9rmino, a mejorar la prevenci\u00f3n de enfermedades inmunoprevenibles en estos grupos.<\/p>\n","protected":false},"excerpt":{"rendered":"La Asociaci\u00f3n Espa\u00f1ola de Pediatr\u00eda ha desarrollado una aplicaci\u00f3n interactiva que permite consultar de forma \u00e1gil las recomendaciones&hellip;\n","protected":false},"author":2,"featured_media":333219,"comment_status":"","ping_status":"","sticky":false,"template":"","format":"standard","meta":{"footnotes":""},"categories":[92],"tags":[8436,69868,25,24,165,1373,17168,597,166,23,1454],"class_list":{"0":"post-333218","1":"post","2":"type-post","3":"status-publish","4":"format-standard","5":"has-post-thumbnail","7":"category-salud","8":"tag-adherencia-terapeutica","9":"tag-asociacion-espanola-de-pediatria-aep","10":"tag-es","11":"tag-espana","12":"tag-health","13":"tag-infeccion","14":"tag-pediatria","15":"tag-prevencion","16":"tag-salud","17":"tag-spain","18":"tag-vacunas"},"share_on_mastodon":{"url":"https:\/\/pubeurope.com\/@es\/115870842403987144","error":""},"_links":{"self":[{"href":"https:\/\/www.europesays.com\/es\/wp-json\/wp\/v2\/posts\/333218","targetHints":{"allow":["GET"]}}],"collection":[{"href":"https:\/\/www.europesays.com\/es\/wp-json\/wp\/v2\/posts"}],"about":[{"href":"https:\/\/www.europesays.com\/es\/wp-json\/wp\/v2\/types\/post"}],"author":[{"embeddable":true,"href":"https:\/\/www.europesays.com\/es\/wp-json\/wp\/v2\/users\/2"}],"replies":[{"embeddable":true,"href":"https:\/\/www.europesays.com\/es\/wp-json\/wp\/v2\/comments?post=333218"}],"version-history":[{"count":0,"href":"https:\/\/www.europesays.com\/es\/wp-json\/wp\/v2\/posts\/333218\/revisions"}],"wp:featuredmedia":[{"embeddable":true,"href":"https:\/\/www.europesays.com\/es\/wp-json\/wp\/v2\/media\/333219"}],"wp:attachment":[{"href":"https:\/\/www.europesays.com\/es\/wp-json\/wp\/v2\/media?parent=333218"}],"wp:term":[{"taxonomy":"category","embeddable":true,"href":"https:\/\/www.europesays.com\/es\/wp-json\/wp\/v2\/categories?post=333218"},{"taxonomy":"post_tag","embeddable":true,"href":"https:\/\/www.europesays.com\/es\/wp-json\/wp\/v2\/tags?post=333218"}],"curies":[{"name":"wp","href":"https:\/\/api.w.org\/{rel}","templated":true}]}}