{"id":333225,"date":"2026-01-10T12:41:11","date_gmt":"2026-01-10T12:41:11","guid":{"rendered":"https:\/\/www.europesays.com\/es\/333225\/"},"modified":"2026-01-10T12:41:11","modified_gmt":"2026-01-10T12:41:11","slug":"rocio-san-miguel-dos-anos-en-la-carcel-del-helicoide","status":"publish","type":"post","link":"https:\/\/www.europesays.com\/es\/333225\/","title":{"rendered":"Roc\u00edo San Miguel, dos a\u00f1os en la c\u00e1rcel del Helicoide"},"content":{"rendered":"<p class=\"\">Durante muchos a\u00f1os, Roc\u00edo San Miguel fue la mujer que m\u00e1s sab\u00eda del ej\u00e9rcito venezolano. Qu\u00e9 oficiales eran los m\u00e1s poderosos, cu\u00e1l era el sentir de la tropa o qu\u00e9 generales se corromp\u00edan negociando con carne, leche, con el oro de las minas\u2026 ella era la persona a la que todos los periodistas y organizaciones internacionales buscaban en busca de luz sobre un mundo tan oscuro como los m\u00e1s de 2.200 generales que lo componen.<\/p>\n<p class=\"\">Por todo ello ha pagado dos a\u00f1os de c\u00e1rcel incomunicada en una celda en la siniestra c\u00e1rcel del Servicio Bolivariano de Inteligencia (SEBIN), El Helicoide, de la que acaba de salir. \u201cHasta el \u00faltimo momento lo vivimos con tensi\u00f3n. Solo respiramos cuando el avi\u00f3n cerr\u00f3 la puerta y empez\u00f3 a circular por la pista rumbo a Espa\u00f1a. Entonces nos abrazamos y lloramos juntos\u201d, recuerda su abogada, Theresly Malav\u00e9, desde Caracas.<\/p>\n<p class=\"\">Nacida en Caracas hace 59 a\u00f1os y criada en Madrid, despu\u00e9s de dos a\u00f1os encerrada en una de las c\u00e1rceles m\u00e1s duras del mundo \u2014utilizada por el Servicio de Inteligencia como lugar de encierro donde obtener confesiones\u2014 las dudas giran ahora en torno al estado de salud de San Miguel. Su abogada, que tiene nacionalidad espa\u00f1ola y venezolana, se\u00f1ala: \u201cMe dijo que estaba m\u00e1s o menos, pero que ahora quiere revisarse en Espa\u00f1a y visitar al m\u00e9dico para ver c\u00f3mo est\u00e1 del brazo que se rompi\u00f3 en prisi\u00f3n\u201d, recuerda su abogada, que el jueves pudo hablar con ella por tel\u00e9fono antes de que el avi\u00f3n levantara el vuelo.<\/p>\n<p class=\"\">La abogada de San Miguel, presidenta de la ONG Control Ciudadano para la Seguridad, resume estos dos a\u00f1os encarcelada en como una \u201ctortura inhumana\u201d, en la que jam\u00e1s pudo ver a su defendida y deb\u00eda comunicarse con ella a trav\u00e9s de su hija. \u201cTodas las denuncias de torturas f\u00edsicas, de cucarachas, de dormir en el suelo sobre una colchoneta son ciertas. Pero en el caso de Roc\u00edo tuvo dos etapas. Una primera, donde se le aplicaron todo tipo de maltratos f\u00edsicos, y una segunda, en la que, aunque mejoraron las condiciones f\u00edsicas, la tortura consisti\u00f3 en aislarla\u201d, detalla.<\/p>\n<p class=\"\">Incluso su excarcelaci\u00f3n, una noticia que recibi\u00f3 la noche del mi\u00e9rcoles, se vivi\u00f3 con ansiedad. \u201cDesde que supimos de su posible liberaci\u00f3n hemos pasado recorriendo c\u00e1rceles porque no sab\u00edamos ni cu\u00e1ndo ni d\u00f3nde la liberar\u00edan. Eso forma parte de la tortura del Gobierno: no decir nada y mantenernos en la incertidumbre\u201d, explica.<\/p>\n<p class=\"\">Cuando, a primeros de febrero de 2024, San Miguel fue detenida, le aplicaron la \u201csippenhaft\u201d, un t\u00e9rmino alem\u00e1n que define el encarcelamiento de los familiares de un detenido por los delitos cometidos por una persona. En este caso, la Fiscal\u00eda encarcel\u00f3 tambi\u00e9n a su hija, a su exmarido, a su pareja actual y a otros dos familiares m\u00e1s. D\u00edas m\u00e1s tarde, todos fueron puestos en libertad con cargos, salvo su actual pareja, que sigue en prisi\u00f3n. \u201cSon cientos de personas las que est\u00e1n injustamente encarceladas. Ni siquiera cuando los abogados pueden ver a sus defendidos pueden verlos, porque deben estar enmascarados para hablar con ellos\u201d, explica Malav\u00e9.<\/p>\n<p><img decoding=\"auto\" class=\"_re lazyload a_m-h\" height=\"273\"  width=\"414\"  src=\"https:\/\/www.europesays.com\/es\/wp-content\/uploads\/2026\/01\/FAVNVEUGOVGVVFPHSICGV476WM.jpg\" loading=\"lazy\"\/>Familiares de Roc\u00edo San Miguel esperaban ayer su llegada en el aeropuerto de Barajas.\u00c1lvaro Garc\u00eda<\/p>\n<p class=\"\">Acusada de \u201cesp\u00eda\u201d, para justificar el encarcelamiento de San Miguel, el fiscal general, Tarek William Saab, present\u00f3 como pruebas un audio de mala calidad en el que un militar implicaba en su confesi\u00f3n a San Miguel y unos mapas \u201cdesactualizados, de acceso p\u00fablico y de car\u00e1cter acad\u00e9mico\u201d, seg\u00fan su familia, que ella hab\u00eda utilizado como profesora en la Escuela Superior de Guerra. En realidad, aquellos mapas estaban en la propia web de la academia.<\/p>\n<p class=\"\">Desde el primer momento, el chavismo se mostr\u00f3 inflexible y ni siquiera permiti\u00f3 que recibiera la asistencia consular, la ayuda que ofrecen siempre las autoridades a los extranjeros. En cuanto a su proceso penal, Malav\u00e9 desconoce si San Miguel ha sido condenada al \u201cdestierro\u201d, como sucede con casi todos los liberados, y califica de farsa cualquier proceso judicial. \u201cEl futuro de los presos pol\u00edticos depende \u00fanica y exclusivamente de la voluntad del Gobierno, que es el que decide el futuro de cada encarcelado\u201d. \u201cEn Venezuela todos los presos pol\u00edticos entran a la c\u00e1rcel con una etiqueta en la espalda. Siempre hay un carcelero detr\u00e1s, que es alguien a quien supuestamente se ha ofendido, pero nunca supimos bien de qui\u00e9n se trataba: si de Diosdado Cabello, los hermanos Rodr\u00edguez\u2026\u201d<\/p>\n<p class=\"\">Seg\u00fan la Misi\u00f3n Independiente de Determinaci\u00f3n de Hechos de la ONU, que ha recogido 122 testimonios de v\u00edctimas que han pasado por las c\u00e1rceles venezolanas, en ellas se practica la tortura de manera generalizada, que incluye \u201cpalizas con objetos, descargas el\u00e9ctricas, asfixia con bolsas de pl\u00e1stico y posiciones de estr\u00e9s, as\u00ed como formas de tortura psicol\u00f3gica, como la tortura blanca\u201d, que incluye el aislamiento o la imposibilidad de ver la luz.<\/p>\n<p class=\"\">Con la anunciada libertad de los presos pol\u00edticos no termina el trabajo de los abogados que los representan, ya que hasta el viernes el r\u00e9gimen solo hab\u00eda puesto en la calle a un pu\u00f1ado de ellos, de los m\u00e1s de 800 que las organizaciones de derechos humanos dicen estar encarcelados. \u201cNo se trata solo de los presos, tambi\u00e9n hay 61 personas desaparecidas y el sufrimiento que yo he visto en esas personas es superior al de las personas que tienen a alguien detenido. Son muchas madres buscando por hospitales, por morgues, por prisiones\u2026\u201d, remata la abogada con un tono de voz medio camino entre la alegr\u00eda de saber que San Miguel aterriz\u00f3 en Madrid y la desesperaci\u00f3n por los cientos que a\u00fan siguen encarcelados.<\/p>\n","protected":false},"excerpt":{"rendered":"Durante muchos a\u00f1os, Roc\u00edo San Miguel fue la mujer que m\u00e1s sab\u00eda del ej\u00e9rcito venezolano. Qu\u00e9 oficiales eran&hellip;\n","protected":false},"author":2,"featured_media":333226,"comment_status":"","ping_status":"","sticky":false,"template":"","format":"standard","meta":{"footnotes":""},"categories":[42],"tags":[17,18,1196,47619,72,352,629,13,14,11,61,62,63,64,19,20,1804,9,1194,10,15,16,952,12,21,22,1192,65,66,67],"class_list":{"0":"post-333225","1":"post","2":"type-post","3":"status-publish","4":"format-standard","5":"has-post-thumbnail","7":"category-internacional","8":"tag-breaking-news","9":"tag-breakingnews","10":"tag-chavismo","11":"tag-conflictos-diplomaticos","12":"tag-conflictos-internacionales","13":"tag-donald-trump","14":"tag-estados-unidos","15":"tag-featured-news","16":"tag-featurednews","17":"tag-headlines","18":"tag-internacional","19":"tag-international","20":"tag-international-news","21":"tag-internationalnews","22":"tag-latest-news","23":"tag-latestnews","24":"tag-latinoamerica","25":"tag-news","26":"tag-nicolas-maduro","27":"tag-noticias","28":"tag-noticias-destacadas","29":"tag-noticiasdestacadas","30":"tag-politica","31":"tag-titulares","32":"tag-ultimas-noticias","33":"tag-ultimasnoticias","34":"tag-venezuela","35":"tag-world","36":"tag-world-news","37":"tag-worldnews"},"share_on_mastodon":{"url":"","error":"Validation failed: Text character limit of 500 exceeded"},"_links":{"self":[{"href":"https:\/\/www.europesays.com\/es\/wp-json\/wp\/v2\/posts\/333225","targetHints":{"allow":["GET"]}}],"collection":[{"href":"https:\/\/www.europesays.com\/es\/wp-json\/wp\/v2\/posts"}],"about":[{"href":"https:\/\/www.europesays.com\/es\/wp-json\/wp\/v2\/types\/post"}],"author":[{"embeddable":true,"href":"https:\/\/www.europesays.com\/es\/wp-json\/wp\/v2\/users\/2"}],"replies":[{"embeddable":true,"href":"https:\/\/www.europesays.com\/es\/wp-json\/wp\/v2\/comments?post=333225"}],"version-history":[{"count":0,"href":"https:\/\/www.europesays.com\/es\/wp-json\/wp\/v2\/posts\/333225\/revisions"}],"wp:featuredmedia":[{"embeddable":true,"href":"https:\/\/www.europesays.com\/es\/wp-json\/wp\/v2\/media\/333226"}],"wp:attachment":[{"href":"https:\/\/www.europesays.com\/es\/wp-json\/wp\/v2\/media?parent=333225"}],"wp:term":[{"taxonomy":"category","embeddable":true,"href":"https:\/\/www.europesays.com\/es\/wp-json\/wp\/v2\/categories?post=333225"},{"taxonomy":"post_tag","embeddable":true,"href":"https:\/\/www.europesays.com\/es\/wp-json\/wp\/v2\/tags?post=333225"}],"curies":[{"name":"wp","href":"https:\/\/api.w.org\/{rel}","templated":true}]}}