{"id":333229,"date":"2026-01-10T12:43:26","date_gmt":"2026-01-10T12:43:26","guid":{"rendered":"https:\/\/www.europesays.com\/es\/333229\/"},"modified":"2026-01-10T12:43:26","modified_gmt":"2026-01-10T12:43:26","slug":"retirados-los-pavimentos-de-caucho-en-siete-escoles-bressol-municipals-de-nou-barris-distrito-de-nou-barris","status":"publish","type":"post","link":"https:\/\/www.europesays.com\/es\/333229\/","title":{"rendered":"Retirados los pavimentos de caucho en siete escoles bressol municipals de Nou Barris | Distrito de Nou Barris"},"content":{"rendered":"<p>Los trabajos han incluido la retirada del pavimento de caucho y la instalaci\u00f3n de nuevos materiales de calidad con mejor comportamiento t\u00e9rmico y m\u00e1s durabilidad. Paralelamente, se han actualizado los elementos de juego que necesitaban adaptarse al nuevo tipo de superficie y se han sustituido por juegos homologados para superficies duras que garanticen todas las medidas de seguridad vigentes. Adem\u00e1s, se mejora el confort t\u00e9rmico de los espacios exteriores y se complementa con la instalaci\u00f3n progresiva de toldos y zonas de sombra.<\/p>\n<p>En Nou Barris, las escoles bressol municipals donde se ha llevado a cabo la retirada del pavimento de caucho son Aq\u00fceducte, Can Drag\u00f3, El Torrent, Colometa, Pla de Fornells, Bellmunt y El vent<\/p>\n<p>El proyecto, impulsado por el <a href=\"https:\/\/ajuntament.barcelona.cat\/educacio\/es\/quienes-somos\/una-ciudad-educadora\/instituto-municipal-de-educacion-de-barcelona-imeb\" target=\"_blank\" rel=\"noopener nofollow\">Instituto Municipal de Educaci\u00f3n de Barcelona (IMEB)<\/a>, ha supuesto una inversi\u00f3n de 1, 3 millones de euros.<\/p>\n","protected":false},"excerpt":{"rendered":"Los trabajos han incluido la retirada del pavimento de caucho y la instalaci\u00f3n de nuevos materiales de calidad&hellip;\n","protected":false},"author":2,"featured_media":324057,"comment_status":"","ping_status":"","sticky":false,"template":"","format":"standard","meta":{"footnotes":""},"categories":[5],"tags":[17,18,25,24,13,14,11,19,20,9,10,15,16,23,12,21,22],"class_list":{"0":"post-333229","1":"post","2":"type-post","3":"status-publish","4":"format-standard","5":"has-post-thumbnail","7":"category-titulares","8":"tag-breaking-news","9":"tag-breakingnews","10":"tag-es","11":"tag-espana","12":"tag-featured-news","13":"tag-featurednews","14":"tag-headlines","15":"tag-latest-news","16":"tag-latestnews","17":"tag-news","18":"tag-noticias","19":"tag-noticias-destacadas","20":"tag-noticiasdestacadas","21":"tag-spain","22":"tag-titulares","23":"tag-ultimas-noticias","24":"tag-ultimasnoticias"},"share_on_mastodon":{"url":"https:\/\/pubeurope.com\/@es\/115870865990831510","error":""},"_links":{"self":[{"href":"https:\/\/www.europesays.com\/es\/wp-json\/wp\/v2\/posts\/333229","targetHints":{"allow":["GET"]}}],"collection":[{"href":"https:\/\/www.europesays.com\/es\/wp-json\/wp\/v2\/posts"}],"about":[{"href":"https:\/\/www.europesays.com\/es\/wp-json\/wp\/v2\/types\/post"}],"author":[{"embeddable":true,"href":"https:\/\/www.europesays.com\/es\/wp-json\/wp\/v2\/users\/2"}],"replies":[{"embeddable":true,"href":"https:\/\/www.europesays.com\/es\/wp-json\/wp\/v2\/comments?post=333229"}],"version-history":[{"count":0,"href":"https:\/\/www.europesays.com\/es\/wp-json\/wp\/v2\/posts\/333229\/revisions"}],"wp:featuredmedia":[{"embeddable":true,"href":"https:\/\/www.europesays.com\/es\/wp-json\/wp\/v2\/media\/324057"}],"wp:attachment":[{"href":"https:\/\/www.europesays.com\/es\/wp-json\/wp\/v2\/media?parent=333229"}],"wp:term":[{"taxonomy":"category","embeddable":true,"href":"https:\/\/www.europesays.com\/es\/wp-json\/wp\/v2\/categories?post=333229"},{"taxonomy":"post_tag","embeddable":true,"href":"https:\/\/www.europesays.com\/es\/wp-json\/wp\/v2\/tags?post=333229"}],"curies":[{"name":"wp","href":"https:\/\/api.w.org\/{rel}","templated":true}]}}