{"id":333230,"date":"2026-01-10T12:48:07","date_gmt":"2026-01-10T12:48:07","guid":{"rendered":"https:\/\/www.europesays.com\/es\/333230\/"},"modified":"2026-01-10T12:48:07","modified_gmt":"2026-01-10T12:48:07","slug":"no-estoy-listo-para-jugar-cinco-sets","status":"publish","type":"post","link":"https:\/\/www.europesays.com\/es\/333230\/","title":{"rendered":"No estoy listo para jugar cinco sets"},"content":{"rendered":"<p data-mrf-recirculation=\"Links P\u00e1rrafos\" class=\"ue-c-article__paragraph paragraph ue-c-article--first-letter-highlighted\"><strong>Los aficionados australianos al tenis se han quedado sin la magia de Nick Kyrgios<\/strong> para la pr\u00f3xima edici\u00f3n del grande de las Ant\u00edpodas. El tenista de Canberra, de 30 a\u00f1os y en el puesto 670 de la ATP, <strong>ha renunciado a la opci\u00f3n de recibir una invitaci\u00f3n de la organizaci\u00f3n para estar en el cuadro individual<\/strong>.\u00a0<\/p>\n<p data-mrf-recirculation=\"Links P\u00e1rrafos\" class=\"ue-c-article__paragraph paragraph\">\u00ab<strong>Despu\u00e9s de unas conversaciones positivas con Tenis Australia, me voy a centrar en la competici\u00f3n de dobles en el Abierto. Me siento bien y he vuelto a la competici\u00f3n, pero no estoy listo para jugar cinco sets<\/strong>\u00ab, escrib\u00eda Nick en sus redes sociales.\u00a0<\/p>\n<p data-mrf-recirculation=\"Links P\u00e1rrafos\" class=\"ue-c-article__paragraph paragraph\">La renuncia del jugador local, todav\u00eda renqueante de su mu\u00f1eca y que apenas ha jugado un torneo oficial en los \u00faltimos 10 meses, <strong>ha facilitado la &#8216;wild card&#8217; de Stan Wawrinka<\/strong>.\u00a0<\/p>\n<p data-mrf-recirculation=\"Links P\u00e1rrafos\" class=\"ue-c-article__paragraph paragraph\">El suizo, de 40 a\u00f1os, <strong><a href=\"https:\/\/www.marca.com\/tenis\/2025\/12\/19\/stan-wawrinka-anuncia-retirada-final-temporada.html\" target=\"_blank\" rel=\"nofollow noopener\">anunci\u00f3 en diciembre que esta iba a ser su \u00faltima temporada como profesional<\/a><\/strong>. Cabe recordar que Stan inscribi\u00f3 su nombre en el trofeo Norman Brookes en la edici\u00f3n de 2014 tras derrotar en la final a Rafael Nadal.\u00a0<\/p>\n","protected":false},"excerpt":{"rendered":"Los aficionados australianos al tenis se han quedado sin la magia de Nick Kyrgios para la pr\u00f3xima edici\u00f3n&hellip;\n","protected":false},"author":2,"featured_media":333231,"comment_status":"","ping_status":"","sticky":false,"template":"","format":"standard","meta":{"footnotes":""},"categories":[274],"tags":[168,25,24,23,167,327,326],"class_list":{"0":"post-333230","1":"post","2":"type-post","3":"status-publish","4":"format-standard","5":"has-post-thumbnail","7":"category-tenis","8":"tag-deportes","9":"tag-es","10":"tag-espana","11":"tag-spain","12":"tag-sports","13":"tag-tenis","14":"tag-tennis"},"share_on_mastodon":{"url":"https:\/\/pubeurope.com\/@es\/115870885795058181","error":""},"_links":{"self":[{"href":"https:\/\/www.europesays.com\/es\/wp-json\/wp\/v2\/posts\/333230","targetHints":{"allow":["GET"]}}],"collection":[{"href":"https:\/\/www.europesays.com\/es\/wp-json\/wp\/v2\/posts"}],"about":[{"href":"https:\/\/www.europesays.com\/es\/wp-json\/wp\/v2\/types\/post"}],"author":[{"embeddable":true,"href":"https:\/\/www.europesays.com\/es\/wp-json\/wp\/v2\/users\/2"}],"replies":[{"embeddable":true,"href":"https:\/\/www.europesays.com\/es\/wp-json\/wp\/v2\/comments?post=333230"}],"version-history":[{"count":0,"href":"https:\/\/www.europesays.com\/es\/wp-json\/wp\/v2\/posts\/333230\/revisions"}],"wp:featuredmedia":[{"embeddable":true,"href":"https:\/\/www.europesays.com\/es\/wp-json\/wp\/v2\/media\/333231"}],"wp:attachment":[{"href":"https:\/\/www.europesays.com\/es\/wp-json\/wp\/v2\/media?parent=333230"}],"wp:term":[{"taxonomy":"category","embeddable":true,"href":"https:\/\/www.europesays.com\/es\/wp-json\/wp\/v2\/categories?post=333230"},{"taxonomy":"post_tag","embeddable":true,"href":"https:\/\/www.europesays.com\/es\/wp-json\/wp\/v2\/tags?post=333230"}],"curies":[{"name":"wp","href":"https:\/\/api.w.org\/{rel}","templated":true}]}}