{"id":333244,"date":"2026-01-10T12:58:11","date_gmt":"2026-01-10T12:58:11","guid":{"rendered":"https:\/\/www.europesays.com\/es\/333244\/"},"modified":"2026-01-10T12:58:11","modified_gmt":"2026-01-10T12:58:11","slug":"la-boda-pelicula-rodada-en-motril-se-estrena-en-cines-el-proximo-20-de-febrero","status":"publish","type":"post","link":"https:\/\/www.europesays.com\/es\/333244\/","title":{"rendered":"&#8216;La boda&#8217;, pel\u00edcula rodada en Motril, se estrena en cines el pr\u00f3ximo 20 de febrero"},"content":{"rendered":"<p>&#8216;La boda&#8217;, primer largometraje del director manchego Pedro Cenjor, se estrenar\u00e1 en cines en Espa\u00f1a el 20 de febrero, distribuida por ConUnPack Distribuci\u00f3n, tras  &#8230; su estreno mundial en el Festival Internacional de Cine de Almer\u00eda (FICAL), donde particip\u00f3 en la secci\u00f3n Estrenos Cine. La pel\u00edcula est\u00e1 producida por El Sue\u00f1o Eterno Pictures, con guion del propio Cenjor junto a Corinna Salerno, y ha sido rodada en Motril (Granada), Consuegra (Toledo) y Madrid.<\/p>\n<p class=\"v-p\">Protagonizada por Elena Furiase, Daniel Chamorro y Margarita Lascoiti, &#8216;La boda&#8217; reflexiona sobre la necesidad de amar en entornos donde las emociones suelen permanecer ocultas. Completan el reparto: Ver\u00f3nica Ortiz, Silvia Vacas y B\u00e1rbara Cuesta, junto a la colaboraci\u00f3n especial de Antonio Dechent, Mar\u00eda Jes\u00fas Hoyos, Felipe Garc\u00eda V\u00e9lez y Chos.<\/p>\n<p class=\"v-p\">\u00bfDe qu\u00e9 trata?Felisa (Elena Furiase) vive en casa de su madre y depende, en gran medida, de la pensi\u00f3n de \u00e9sta. Desde hace alg\u00fan tiempo, Adelaida (Margarita Lascoiti), una de las clientas a quien Felisa peina todas las semanas, viene proponi\u00e9ndole que acepte casarse con su hijo. Sebasti\u00e1n (Daniel Chamorro) no est\u00e1 de acuerdo, pero termina aceptando. Felisa y Sebasti\u00e1n emprenden viaje rumbo a Motril, donde pasar\u00e1n una semana de luna de miel que les cambiar\u00e1 la vida.<\/p>\n<p class=\"v-p\">El sue\u00f1o eterno cuenta con t\u00edtulos como &#8216;Los b\u00e1rbaros&#8217;, de Javier Barbero y Mart\u00edn Guerra; y &#8216;Papeles&#8217;, que lleg\u00f3 a los cines, ambas estrenadas en 2025. Este a\u00f1o tiene previsto el estreno de &#8216;Fiesta pagana&#8217;, dirigida por \u00c1lvaro Brechner, y &#8216;El pez que fuma&#8217;, de Luis Fern\u00e1ndez. Adem\u00e1s, la productora trabaja en nuevos proyectos, entre ellos &#8216;El gusto del cloro&#8217;, rodada en Nueva York.<\/p>\n","protected":false},"excerpt":{"rendered":"&#8216;La boda&#8217;, primer largometraje del director manchego Pedro Cenjor, se estrenar\u00e1 en cines en Espa\u00f1a el 20 de&hellip;\n","protected":false},"author":2,"featured_media":333245,"comment_status":"","ping_status":"","sticky":false,"template":"","format":"standard","meta":{"footnotes":""},"categories":[169],"tags":[3158,177,9806,146,147,25,24,1719,11540,176,45519,175,1257,3444,7417,23],"class_list":{"0":"post-333244","1":"post","2":"type-post","3":"status-publish","4":"format-standard","5":"has-post-thumbnail","7":"category-cine","8":"tag-boda","9":"tag-cine","10":"tag-cines","11":"tag-entertainment","12":"tag-entretenimiento","13":"tag-es","14":"tag-espana","15":"tag-estrena","16":"tag-febrero","17":"tag-film","18":"tag-motril","19":"tag-movies","20":"tag-pelicula","21":"tag-proximo","22":"tag-rodada","23":"tag-spain"},"share_on_mastodon":{"url":"https:\/\/pubeurope.com\/@es\/115870925115993583","error":""},"_links":{"self":[{"href":"https:\/\/www.europesays.com\/es\/wp-json\/wp\/v2\/posts\/333244","targetHints":{"allow":["GET"]}}],"collection":[{"href":"https:\/\/www.europesays.com\/es\/wp-json\/wp\/v2\/posts"}],"about":[{"href":"https:\/\/www.europesays.com\/es\/wp-json\/wp\/v2\/types\/post"}],"author":[{"embeddable":true,"href":"https:\/\/www.europesays.com\/es\/wp-json\/wp\/v2\/users\/2"}],"replies":[{"embeddable":true,"href":"https:\/\/www.europesays.com\/es\/wp-json\/wp\/v2\/comments?post=333244"}],"version-history":[{"count":0,"href":"https:\/\/www.europesays.com\/es\/wp-json\/wp\/v2\/posts\/333244\/revisions"}],"wp:featuredmedia":[{"embeddable":true,"href":"https:\/\/www.europesays.com\/es\/wp-json\/wp\/v2\/media\/333245"}],"wp:attachment":[{"href":"https:\/\/www.europesays.com\/es\/wp-json\/wp\/v2\/media?parent=333244"}],"wp:term":[{"taxonomy":"category","embeddable":true,"href":"https:\/\/www.europesays.com\/es\/wp-json\/wp\/v2\/categories?post=333244"},{"taxonomy":"post_tag","embeddable":true,"href":"https:\/\/www.europesays.com\/es\/wp-json\/wp\/v2\/tags?post=333244"}],"curies":[{"name":"wp","href":"https:\/\/api.w.org\/{rel}","templated":true}]}}