{"id":333250,"date":"2026-01-10T13:01:12","date_gmt":"2026-01-10T13:01:12","guid":{"rendered":"https:\/\/www.europesays.com\/es\/333250\/"},"modified":"2026-01-10T13:01:12","modified_gmt":"2026-01-10T13:01:12","slug":"diez-anos-sin-david-bowie-historia-del-disco-que-publico-dos-dias-antes-de-morir-el-pais-expres","status":"publish","type":"post","link":"https:\/\/www.europesays.com\/es\/333250\/","title":{"rendered":"Diez a\u00f1os sin David Bowie: historia del disco que public\u00f3 dos d\u00edas antes de morir | El PA\u00cdS Expr\u00e9s"},"content":{"rendered":"<p><img fetchpriority=\"high\" decoding=\"auto\" class=\"_re  a_m-h\" height=\"414\"  width=\"414\"  src=\"https:\/\/www.europesays.com\/es\/wp-content\/uploads\/2026\/01\/7HC6R6Z77NAT3N7P6GQ4DJCIJA.jpg\" loading=\"eager\"\/>English musician David Bowie performs in concert, New York, New York, circa 1987. (Photo by Larry Busacca\/WireImage)Foto: Larry Busacca (WireImage)<\/p>\n<p class=\"\">Hace exactamente diez a\u00f1os, el 10 de enero de 2016, el mundo se desped\u00eda de David Bowie. El m\u00fasico falleci\u00f3 a los 69 a\u00f1os a causa de un c\u00e1ncer de h\u00edgado que le hab\u00edan diagnosticado dos a\u00f1os antes. Lejos de sumirle en la desesperaci\u00f3n, le impuls\u00f3 para grabar su \u00faltimo disco. <\/p>\n<p class=\"\"><b>Blackstar<\/b><b> se public\u00f3 dos d\u00edas antes de su muerte.<\/b> Es uno de los m\u00e1s innovadores y rupturistas de su medio siglo de carrera, un colosal rompecabezas de 42 minutos que incluso hoy es objeto de an\u00e1lisis y debates apasionados entre los fans de Bowie de medio mundo.<\/p>\n<p class=\"\"><b>En \u00e9l dej\u00f3 pistas de lo que estaba pasando.<\/b> Aunque mantuvo en secreto su enfermedad, las letras de las canciones suenan a una despedida. <\/p>\n<ul>\n<li>El tema central inclu\u00eda estrofas como: \u201cAlgo sucedi\u00f3 el d\u00eda de su muerte. El esp\u00edritu se elev\u00f3 un metro y se hizo a un lado. Otro ocup\u00f3 su lugar y grit\u00f3 con valent\u00eda: soy una estrella negra\u201d.<\/li>\n<li>Lazarus es m\u00e1s expl\u00edcito: \u201cMira aqu\u00ed arriba, estoy en el cielo y tengo cicatrices que no se ven\u201d.<\/li>\n<\/ul>\n<p class=\"\"><b>Musicalmente tambi\u00e9n es diferente. <\/b>Empe\u00f1ado en que Blackstar no fuese un disco de rock, el artista trabaj\u00f3 con un saxofonista de la escena neoyorquina, Donny McCaslin, cuya presencia acabar\u00eda siendo preeminente y fundamental en todo el nuevo \u00e1lbum.<\/p>\n<p class=\"\">\u00a9Foto: L. Busacca (WireImage)<\/p>\n<p class=\"\"><a href=\"https:\/\/elpais.com\/cultura\/2026-01-10\/diez-anos-sin-david-bowie-historia-del-disco-que-publico-dos-dias-antes-de-morir.html\" target=\"_self\" rel=\"nofollow noopener\" title=\"https:\/\/elpais.com\/cultura\/2026-01-10\/diez-anos-sin-david-bowie-historia-del-disco-que-publico-dos-dias-antes-de-morir.html\">Si quieres saber m\u00e1s, puedes leer aqu\u00ed<\/a>.<\/p>\n","protected":false},"excerpt":{"rendered":"English musician David Bowie performs in concert, New York, New York, circa 1987. (Photo by Larry Busacca\/WireImage)Foto: Larry&hellip;\n","protected":false},"author":2,"featured_media":333251,"comment_status":"","ping_status":"","sticky":false,"template":"","format":"standard","meta":{"footnotes":""},"categories":[91],"tags":[15687,21695,146,147,25,24,185,23],"class_list":{"0":"post-333250","1":"post","2":"type-post","3":"status-publish","4":"format-standard","5":"has-post-thumbnail","7":"category-entretenimiento","8":"tag-aniversarios","9":"tag-david-bowie","10":"tag-entertainment","11":"tag-entretenimiento","12":"tag-es","13":"tag-espana","14":"tag-musica","15":"tag-spain"},"share_on_mastodon":{"url":"https:\/\/pubeurope.com\/@es\/115870936842530416","error":""},"_links":{"self":[{"href":"https:\/\/www.europesays.com\/es\/wp-json\/wp\/v2\/posts\/333250","targetHints":{"allow":["GET"]}}],"collection":[{"href":"https:\/\/www.europesays.com\/es\/wp-json\/wp\/v2\/posts"}],"about":[{"href":"https:\/\/www.europesays.com\/es\/wp-json\/wp\/v2\/types\/post"}],"author":[{"embeddable":true,"href":"https:\/\/www.europesays.com\/es\/wp-json\/wp\/v2\/users\/2"}],"replies":[{"embeddable":true,"href":"https:\/\/www.europesays.com\/es\/wp-json\/wp\/v2\/comments?post=333250"}],"version-history":[{"count":0,"href":"https:\/\/www.europesays.com\/es\/wp-json\/wp\/v2\/posts\/333250\/revisions"}],"wp:featuredmedia":[{"embeddable":true,"href":"https:\/\/www.europesays.com\/es\/wp-json\/wp\/v2\/media\/333251"}],"wp:attachment":[{"href":"https:\/\/www.europesays.com\/es\/wp-json\/wp\/v2\/media?parent=333250"}],"wp:term":[{"taxonomy":"category","embeddable":true,"href":"https:\/\/www.europesays.com\/es\/wp-json\/wp\/v2\/categories?post=333250"},{"taxonomy":"post_tag","embeddable":true,"href":"https:\/\/www.europesays.com\/es\/wp-json\/wp\/v2\/tags?post=333250"}],"curies":[{"name":"wp","href":"https:\/\/api.w.org\/{rel}","templated":true}]}}