{"id":333252,"date":"2026-01-10T13:02:08","date_gmt":"2026-01-10T13:02:08","guid":{"rendered":"https:\/\/www.europesays.com\/es\/333252\/"},"modified":"2026-01-10T13:02:08","modified_gmt":"2026-01-10T13:02:08","slug":"este-ano-se-lanzaran-65-satelites-para-el-programa-espacial-europeo-ciencia-y-tecnologia","status":"publish","type":"post","link":"https:\/\/www.europesays.com\/es\/333252\/","title":{"rendered":"Este a\u00f1o se lanzar\u00e1n 65 sat\u00e9lites para el programa espacial europeo &#8211; Ciencia y tecnologia"},"content":{"rendered":"<p>                      La Agencia Espacial Europea se prepara<br \/>\npara lanzar 65 sat\u00e9lites en 2026, \u00abun r\u00e9cord absoluto en<br \/>\ncomparaci\u00f3n con a\u00f1os anteriores\u00bb, declar\u00f3 el director general de<br \/>\nla ESA, Josef Aschbacher, al presentar los programas en la<br \/>\nconferencia de prensa de principios de a\u00f1o.<br \/>\n                                <br \/>\n                                \u00a0\u00a0\u00a0<br \/>\n\t\t\t\t     La ESA tiene cinco objetivos clave para 2026, entre ellos:<br \/>\nla protecci\u00f3n de la Tierra y los estudios clim\u00e1ticos, con 48<br \/>\nsat\u00e9lites de observaci\u00f3n de la Tierra, en comparaci\u00f3n con los 22<br \/>\nde 2025; la exploraci\u00f3n con 12 nuevas misiones; el<br \/>\nfortalecimiento de la autonom\u00eda de Europa en el acceso al<br \/>\nespacio con el debut del nuevo lanzador Ariane 64; la<br \/>\naceleraci\u00f3n del crecimiento y la competitividad de Europa; y la<br \/>\ninspiraci\u00f3n de las generaciones m\u00e1s j\u00f3venes.<br \/>\n                                <br \/>\n                                \u00a0\u00a0\u00a0<br \/>\n\t\t\t\t     La observaci\u00f3n de la Tierra tambi\u00e9n cuenta con la mayor<br \/>\nasignaci\u00f3n de financiaci\u00f3n para 2026, con un total de 2400<br \/>\nmillones de euros. Le siguen la navegaci\u00f3n por sat\u00e9lite (1.200<br \/>\nmillones de euros), la conectividad y la seguridad de las<br \/>\ncomunicaciones (996 millones de euros), la exploraci\u00f3n humana y<br \/>\nrob\u00f3tica (818 millones de euros), el transporte espacial (698<br \/>\nmillones de euros) y los programas cient\u00edficos (692 millones de<br \/>\neuros).<br \/>\n                                <br \/>\n                                \u00a0\u00a0\u00a0<br \/>\n\t\t\t\t     Los eventos espaciales europeos del nuevo a\u00f1o arrancar\u00e1n<br \/>\ncon la misi\u00f3n de la astronauta Sophie Adenot, parte de la misi\u00f3n<br \/>\nCrew 12, cuyo lanzamiento est\u00e1 previsto para el 15 de febrero.<br \/>\n                                <br \/>\n                                \u00a0\u00a0\u00a0<br \/>\n\t\t\t\tLa Luna tambi\u00e9n es un foco clave para la ESA, con su<br \/>\nparticipaci\u00f3n en la misi\u00f3n Artemis 2, que se dirige a la \u00f3rbita<br \/>\nlunar, en el marco de una s\u00f3lida colaboraci\u00f3n con la NASA, que<br \/>\nAschbacher calific\u00f3 de \u00abpositiva\u00bb.<br \/>\n                                <br \/>\n                                \u00a0\u00a0\u00a0<br \/>\n\t\t\t\t      \u00abTrabajamos a diario en la Estaci\u00f3n Espacial<br \/>\nInternacional\u00bb, a\u00f1adi\u00f3, \u00aby tambi\u00e9n en la observaci\u00f3n, la ciencia<br \/>\ny la exploraci\u00f3n de la Tierra: colaboramos en muchas \u00e1reas\u00bb. La<br \/>\nNASA tambi\u00e9n ha confirmado su contribuci\u00f3n al rover Rosalind<br \/>\nFranklin, \u00ablisto para su lanzamiento en 2028\u00bb y destinado a<br \/>\naterrizar en Marte como parte de la misi\u00f3n ExoMars.<br \/>\n                                <br \/>\n                                \u00a0\u00a0\u00a0<br \/>\n\t\t\t\t     El vuelo inaugural de la versi\u00f3n de cuatro propulsores del<br \/>\nlanzador Ariane 6 (Ariane 64), que ser\u00e1 un vuelo comercial,<br \/>\ntambi\u00e9n est\u00e1 programado para el primer semestre del a\u00f1o, al<br \/>\nigual que las nuevas pruebas del Space Rider, la primera nave<br \/>\nespacial reutilizable de Europa.<br \/>\n                                <br \/>\n                                \u00a0\u00a0\u00a0<br \/>\n\t\t\t\t     Flyeye, el telescopio especializado en la vigilancia de<br \/>\nasteroides, actualmente ubicado en Matera y cuya instalaci\u00f3n<br \/>\nest\u00e1 prevista en Sicilia, comenzar\u00e1 a operar en mayo. La misi\u00f3n<br \/>\nPlut\u00f3n, que buscar\u00e1 planetas similares a la Tierra, tiene su<br \/>\nlanzamiento programado para finales de a\u00f1o. La misi\u00f3n Smile, que<br \/>\nrecopilar\u00e1 datos sobre el viento solar, tambi\u00e9n se lanzar\u00e1 en el<br \/>\nsegundo trimestre de este a\u00f1o, lo que marcar\u00e1 la finalizaci\u00f3n<br \/>\ndel per\u00edodo de entrenamiento para los nuevos astronautas de la<br \/>\nESA.<br \/>\n                                <br \/>\n                                \u00a0\u00a0\u00a0<br \/>\n\t\t\t\t     El lanzamiento del sat\u00e9lite meteorol\u00f3gico MTG-12 est\u00e1<br \/>\nprevisto para el tercer trimestre de 2026, y el 12 de<br \/>\nseptiembre, varios telescopios de la ESA se enfocar\u00e1n en el<br \/>\neclipse solar total.<br \/>\n                                <br \/>\n                                \u00a0\u00a0\u00a0<br \/>\n\t\t\t\t     Los datos de las misiones cient\u00edficas Euclid se publicar\u00e1n<br \/>\nen octubre y, finalmente, los datos de Gaia llegar\u00e1n en<br \/>\ndiciembre, mientras que la misi\u00f3n Hera llegar\u00e1 al asteroide<br \/>\nDimorphos.<br \/>\n                                <br \/>\n                                \u00a0\u00a0\u00a0<\/p>\n<p class=\"article-copyright\">\n<p>TODOS LOS DERECHOS RESERVADOS \u00a9 Copyright ANSA<\/p>\n","protected":false},"excerpt":{"rendered":"La Agencia Espacial Europea se prepara para lanzar 65 sat\u00e9lites en 2026, \u00abun r\u00e9cord absoluto en comparaci\u00f3n con&hellip;\n","protected":false},"author":2,"featured_media":333253,"comment_status":"","ping_status":"","sticky":false,"template":"","format":"standard","meta":{"footnotes":""},"categories":[81],"tags":[119,123,124,25,24,117,121,122,23,118,120],"class_list":{"0":"post-333252","1":"post","2":"type-post","3":"status-publish","4":"format-standard","5":"has-post-thumbnail","7":"category-ciencia-y-tecnologia","8":"tag-ciencia","9":"tag-ciencia-y-tecnologia","10":"tag-cienciaytecnologia","11":"tag-es","12":"tag-espana","13":"tag-science","14":"tag-science-and-technology","15":"tag-scienceandtechnology","16":"tag-spain","17":"tag-technology","18":"tag-tecnologia"},"share_on_mastodon":{"url":"https:\/\/pubeurope.com\/@es\/115870940984170318","error":""},"_links":{"self":[{"href":"https:\/\/www.europesays.com\/es\/wp-json\/wp\/v2\/posts\/333252","targetHints":{"allow":["GET"]}}],"collection":[{"href":"https:\/\/www.europesays.com\/es\/wp-json\/wp\/v2\/posts"}],"about":[{"href":"https:\/\/www.europesays.com\/es\/wp-json\/wp\/v2\/types\/post"}],"author":[{"embeddable":true,"href":"https:\/\/www.europesays.com\/es\/wp-json\/wp\/v2\/users\/2"}],"replies":[{"embeddable":true,"href":"https:\/\/www.europesays.com\/es\/wp-json\/wp\/v2\/comments?post=333252"}],"version-history":[{"count":0,"href":"https:\/\/www.europesays.com\/es\/wp-json\/wp\/v2\/posts\/333252\/revisions"}],"wp:featuredmedia":[{"embeddable":true,"href":"https:\/\/www.europesays.com\/es\/wp-json\/wp\/v2\/media\/333253"}],"wp:attachment":[{"href":"https:\/\/www.europesays.com\/es\/wp-json\/wp\/v2\/media?parent=333252"}],"wp:term":[{"taxonomy":"category","embeddable":true,"href":"https:\/\/www.europesays.com\/es\/wp-json\/wp\/v2\/categories?post=333252"},{"taxonomy":"post_tag","embeddable":true,"href":"https:\/\/www.europesays.com\/es\/wp-json\/wp\/v2\/tags?post=333252"}],"curies":[{"name":"wp","href":"https:\/\/api.w.org\/{rel}","templated":true}]}}