{"id":333260,"date":"2026-01-10T13:06:29","date_gmt":"2026-01-10T13:06:29","guid":{"rendered":"https:\/\/www.europesays.com\/es\/333260\/"},"modified":"2026-01-10T13:06:29","modified_gmt":"2026-01-10T13:06:29","slug":"los-43-alojamientos-dotacionales-de-alquiler-para-jovenes-de-la-calle-aduana-de-irun-se-entregaran-durante-el-primer-semestre-de-este-ano-gobierno-vasco-euskadi-eus","status":"publish","type":"post","link":"https:\/\/www.europesays.com\/es\/333260\/","title":{"rendered":"Los 43 alojamientos dotacionales de alquiler para j\u00f3venes de la calle Aduana de Irun se entregar\u00e1n durante el primer semestre de este a\u00f1o &#8211; Gobierno Vasco &#8211; Euskadi.eus"},"content":{"rendered":"<ol>\n<li><a href=\"https:\/\/news.google.com\/rss\/articles\/CBMi_gFBVV95cUxOWE5jSHB5VUlYZ09CZTAtQWZHLWFySWZvTmtIRmxZY0o5NG8zYklOa1RBaklrR1lVVHJOdFJhaXNsd25HNlhNUWNoWGRnbWV2U3JtWXplSUt1Ty1uQWdmMDU2S19iX1hSUjNoQVFPdDJlaFl1dGJMRFlJanJNeTNjMFBON3l4WGZDRVltVHc5NFRtVlJ4NU9TM1VxQzIyRWQyd0U3alRHT3lVUUdZTWdhNXVzNG1zdDFsUFBuRkVXeXJUY1k4UVBXVnZXUE5ZTWNYTmo4Yjl0X3JuYUJRdWxVY0U0SUx1cXNlVTBhNmhNUnI4aE1kYnNQTVlVcXNfUQ?oc=5\" target=\"_blank\" rel=\"nofollow noopener\">Los 43 alojamientos dotacionales de alquiler para j\u00f3venes de la calle Aduana de Irun se entregar\u00e1n durante el primer semestre de este a\u00f1o &#8211; Gobierno Vasco<\/a>&nbsp;&nbsp;Euskadi.eus<\/li>\n<li><a href=\"https:\/\/news.google.com\/rss\/articles\/CBMiwgFBVV95cUxPQUFjUVJrbi1LdXQ2Smh5Z1Jxdl91RUY1TWY4bk9BZ0hwTndvTXRfLTR6REZWdTJ0S0pINjVxTzZjejVPdmZTWmh2S0NPeG5NZkpnaVpyWUtQR1JfekZHcHotOXhuNnRJX19rSFJQSzN3RE4tTDBqMmZxZFo1Mnlna1J0c3EwQnRET0pUbE5WalJzWmM2WnZVU2xYQnh2Y19IQXYzS1Z3bkh5aG8zdTU5dll5OU9CN2h3T20ybjRiakdSQQ?oc=5\" target=\"_blank\" rel=\"nofollow noopener\">Las viviendas p\u00fablicas de alquiler de Alberto Larzabal en Irun se entregar\u00e1n este semestre<\/a>&nbsp;&nbsp;El Diario Vasco<\/li>\n<li><a href=\"https:\/\/news.google.com\/rss\/articles\/CBMigAJBVV95cUxORnhiZW5aWHFlenRjZ2NtR2d0UDlyZno4LTZtWHVvUW03RXFIRGhjSUE2V0RaOVRhQ3RRWXJEX29fcXplQ0hscF9lV0ZGVTNJOVZjSWlmc2FSWkQ3aVdkX1c1ckF5bmlaYWtNUjd4WkFabmlKVzB6Q3htT1g5alpPdDF6VW1aVC1yU1dncmFKVWprRkY2Tkctdkh6bExpdXprRDlBYTE1NzJCYmRzUFVqR3pQMzBXbkllc0haU28tTWlKaVF0THJKYkF1SXhNWXRFNmgyYXVQZzR4akdpS3lZdlhzRU9SMlA1RmNROTVYN0czeHlfRURXYld3NWE2TzF00gGUAkFVX3lxTE1kbk9pTW5lVDZqTXJJU2JrUUdWeWstQlJGT3UyZWRJal9kVWxvWV9vc0I3OXprQ3dXenFud2lUSUFCajdpcjZOWVBoRmprZFN2R0ZRbHM0cDZGUWk3aEZOT2FBWDVDMFBFWUtoZW81cUVZVkpabkNCd1pGZXdBZ001cURyc1k4THFqUVhPazY0S0xwaUVMRXpQZXIwcGhnclljV0RxejUwNkdlWUtlVkhVV2VvN0ZZQVNFOWx1Z3pILU1ZUGtQOW15bkR5LW5XRFB2MVItMVZzTWRXb1Z4YkFrenRmVnNiNFc4emRQNElwTUR4anFQX3pnNmFLRHkyS211WFZUSkRYeUptRVJLeEFkSXlPRg?oc=5\" target=\"_blank\" rel=\"nofollow noopener\">Los alojamientos dotacionales para j\u00f3venes de la calle Aduana est\u00e9n listos para entregarse en la primera mitad de 2026<\/a>&nbsp;&nbsp;Cadena SER<\/li>\n<li><a href=\"https:\/\/news.google.com\/rss\/articles\/CBMirgFBVV95cUxOR2Nob1hoMTM5SXczdUJIYWxQLWMxVjIwdTU5WUxtX3NNNWFXcXFObjJZSkRrcmtaS1ktVE5scklxc19FMnk4NmdqRnc1TTBSZlVhWTlKY2ZzSGRiblpLaEgzR0ZkWjN4Z2tCU1p3cklyX295eHE4RHFvUGtUX3I2dGdWdDlRN2ZtRW03VWZsX2ZQYnppclpqRjZCbzdCTHlWNi1qdFRGUUp0MUJBZVHSAbMBQVVfeXFMTnVWcmZEbTVGOENaNm5qakxSZjVZRTJ6SGdaQ1o0cDdKX2FRa0l2cHRuWkd3UHBMenV2YnFvWjZKbGw4ZEpIRFdJUjBncWxLRmxIekxMMXJ4Q0oxamdHdHBCZERBdEZFZkNLazlQTFFDUWE4cFF0RXd0VGdEZGU4MG1lTUhxQWMzR19SSGpXNVRoZkFuX0I3VjVHMnhtcUJweTdMenpUYlJvRi1nalp2bUo4OTg?oc=5\" target=\"_blank\" rel=\"nofollow noopener\">Las nuevas viviendas protegidas para j\u00f3venes en Irun se entregar\u00e1n en el primer semestre de 2026<\/a>&nbsp;&nbsp;Noticias de Gipuzkoa<\/li>\n<\/ol>\n","protected":false},"excerpt":{"rendered":"Los 43 alojamientos dotacionales de alquiler para j\u00f3venes de la calle Aduana de Irun se entregar\u00e1n durante el&hellip;\n","protected":false},"author":2,"featured_media":330182,"comment_status":"","ping_status":"","sticky":false,"template":"","format":"standard","meta":{"footnotes":""},"categories":[5],"tags":[17,18,25,24,13,14,11,19,20,9,10,15,16,23,12,21,22],"class_list":{"0":"post-333260","1":"post","2":"type-post","3":"status-publish","4":"format-standard","5":"has-post-thumbnail","7":"category-titulares","8":"tag-breaking-news","9":"tag-breakingnews","10":"tag-es","11":"tag-espana","12":"tag-featured-news","13":"tag-featurednews","14":"tag-headlines","15":"tag-latest-news","16":"tag-latestnews","17":"tag-news","18":"tag-noticias","19":"tag-noticias-destacadas","20":"tag-noticiasdestacadas","21":"tag-spain","22":"tag-titulares","23":"tag-ultimas-noticias","24":"tag-ultimasnoticias"},"share_on_mastodon":{"url":"https:\/\/pubeurope.com\/@es\/115870956443013048","error":""},"_links":{"self":[{"href":"https:\/\/www.europesays.com\/es\/wp-json\/wp\/v2\/posts\/333260","targetHints":{"allow":["GET"]}}],"collection":[{"href":"https:\/\/www.europesays.com\/es\/wp-json\/wp\/v2\/posts"}],"about":[{"href":"https:\/\/www.europesays.com\/es\/wp-json\/wp\/v2\/types\/post"}],"author":[{"embeddable":true,"href":"https:\/\/www.europesays.com\/es\/wp-json\/wp\/v2\/users\/2"}],"replies":[{"embeddable":true,"href":"https:\/\/www.europesays.com\/es\/wp-json\/wp\/v2\/comments?post=333260"}],"version-history":[{"count":0,"href":"https:\/\/www.europesays.com\/es\/wp-json\/wp\/v2\/posts\/333260\/revisions"}],"wp:featuredmedia":[{"embeddable":true,"href":"https:\/\/www.europesays.com\/es\/wp-json\/wp\/v2\/media\/330182"}],"wp:attachment":[{"href":"https:\/\/www.europesays.com\/es\/wp-json\/wp\/v2\/media?parent=333260"}],"wp:term":[{"taxonomy":"category","embeddable":true,"href":"https:\/\/www.europesays.com\/es\/wp-json\/wp\/v2\/categories?post=333260"},{"taxonomy":"post_tag","embeddable":true,"href":"https:\/\/www.europesays.com\/es\/wp-json\/wp\/v2\/tags?post=333260"}],"curies":[{"name":"wp","href":"https:\/\/api.w.org\/{rel}","templated":true}]}}