{"id":333297,"date":"2026-01-10T13:43:07","date_gmt":"2026-01-10T13:43:07","guid":{"rendered":"https:\/\/www.europesays.com\/es\/333297\/"},"modified":"2026-01-10T13:43:07","modified_gmt":"2026-01-10T13:43:07","slug":"kylowatios-une-heavy-metal-y-tradicion-abulense-con-no-doblegaras-avilared","status":"publish","type":"post","link":"https:\/\/www.europesays.com\/es\/333297\/","title":{"rendered":"Kylowatios une heavy metal y tradicion abulense con No Doblegaras | \u00c1vilared"},"content":{"rendered":"<p>La banda, formada por\u00a0Julio Krash\u00a0(bater\u00eda),\u00a0Juan Antonio Rodrigo\u00a0(bajo),\u00a0\u00c1ngel Jim\u00e9nez\u00a0(guitarra) y\u00a0<a href=\"https:\/\/avilared.com\/archive\/48710\/nueva-formacion-de-la-banda-de-heavy-kylowatios\" rel=\"nofollow noopener\" target=\"_blank\">Vir Engine\u00a0(voz) desde 2020<\/a>.\u00a0En el v\u00eddeoclip, grabado en agosto en Cuevas del Valle, El Arenal y Mombeltr\u00e1n, aparecen las toras de El Fresno, los cucurrumachos de Navalosa y los hamarrachos de Navalacruz, que para la banda representan \u201cla uni\u00f3n del hombre con la tierra, las ra\u00edces de nuestros ancestros, el esp\u00edritu del bosque y la hermandas entre paisanos\u201d.<\/p>\n<p>\u00a0<\/p>\n<p>El tema surge por los incendios en la provincia de 2021, que volvieron a ser actualidad cuatro a\u00f1os despu\u00e9s en varios puntos, como el Barranco de los Cinco Villas. Y all\u00ed quisieron grabar el v\u00eddeo, \u201ccon el suelo a\u00fan caliente y con los primeros brotes que asomaban entre las cenizas\u201d. De ah\u00ed que el tema, \u2018Yo seguir\u00e9 aqu\u00ed\u2019, se dedique a la tierra: \u201cElla no tiene prisa. Es nuestro tiempo el que se agota\u201d, afirman al acabar el v\u00eddeo, que comienza con una advertencia: \u00abNos pondr\u00e1 en su lugar\u00bb.<\/p>\n<p>\u00a0<\/p>\n<p>Tras un segundo tema en febrero, el\u00a0disco completo ver\u00e1 la luz a mediados de marzo, coincidiendo con la entrega de los vinilos reservados durante la preventa. \u2018No Doblegar\u00e1s\u2019\u00a0contar\u00e1 con ocho\u00a0temas, editados en un lujoso vinilo de 12\u201d en color naranja transparente, con una tirada limitada, numerada y exclusiva. La presentaci\u00f3n tendr\u00e1 lugar en marzo en Madrid.<\/p>\n<p>\u00a0<\/p>\n<p>Desde su fundaci\u00f3n en\u00a02005, Kylowatios ha forjado un sonido propio, caracterizado por riffs potentes, letras cargadas de significado y una energ\u00eda arrolladora en directo. Han compartido escenario con grandes del panorama nacional como\u00a0M\u00e4go de Oz,\u00a0Zenobia,\u00a0Ars Amandi,\u00a0\u00d1u,\u00a0Medina Azahara,\u00a07 Almas,\u00a0Eveth,\u00a0The Bon Scott Band,\u00a0Leyenda, entre otros.<\/p>\n<p>\u00a0<\/p>\n<p>Actualmente, el grupo atraviesa una fase de madurez art\u00edstica, consolidada en &#8216;No doblegar\u00e1s&#8217;, un \u00e1lbum que refleja su evoluci\u00f3n, resiliencia y pasi\u00f3n por el metal.<\/p>\n","protected":false},"excerpt":{"rendered":"La banda, formada por\u00a0Julio Krash\u00a0(bater\u00eda),\u00a0Juan Antonio Rodrigo\u00a0(bajo),\u00a0\u00c1ngel Jim\u00e9nez\u00a0(guitarra) y\u00a0Vir Engine\u00a0(voz) desde 2020.\u00a0En el v\u00eddeoclip, grabado en agosto en&hellip;\n","protected":false},"author":2,"featured_media":333298,"comment_status":"","ping_status":"","sticky":false,"template":"","format":"standard","meta":{"footnotes":""},"categories":[170],"tags":[7607,76615,146,147,25,24,188,76613,184,185,21629,76614,23,76616],"class_list":{"0":"post-333297","1":"post","2":"type-post","3":"status-publish","4":"format-standard","5":"has-post-thumbnail","7":"category-musica","8":"tag-avila","9":"tag-banda-abulense","10":"tag-entertainment","11":"tag-entretenimiento","12":"tag-es","13":"tag-espana","14":"tag-heavy-metal","15":"tag-kylowatios","16":"tag-music","17":"tag-musica","18":"tag-musica-metal","19":"tag-no-doblegaras","20":"tag-spain","21":"tag-videoclip-musical"},"share_on_mastodon":{"url":"https:\/\/pubeurope.com\/@es\/115871102020630962","error":""},"_links":{"self":[{"href":"https:\/\/www.europesays.com\/es\/wp-json\/wp\/v2\/posts\/333297","targetHints":{"allow":["GET"]}}],"collection":[{"href":"https:\/\/www.europesays.com\/es\/wp-json\/wp\/v2\/posts"}],"about":[{"href":"https:\/\/www.europesays.com\/es\/wp-json\/wp\/v2\/types\/post"}],"author":[{"embeddable":true,"href":"https:\/\/www.europesays.com\/es\/wp-json\/wp\/v2\/users\/2"}],"replies":[{"embeddable":true,"href":"https:\/\/www.europesays.com\/es\/wp-json\/wp\/v2\/comments?post=333297"}],"version-history":[{"count":0,"href":"https:\/\/www.europesays.com\/es\/wp-json\/wp\/v2\/posts\/333297\/revisions"}],"wp:featuredmedia":[{"embeddable":true,"href":"https:\/\/www.europesays.com\/es\/wp-json\/wp\/v2\/media\/333298"}],"wp:attachment":[{"href":"https:\/\/www.europesays.com\/es\/wp-json\/wp\/v2\/media?parent=333297"}],"wp:term":[{"taxonomy":"category","embeddable":true,"href":"https:\/\/www.europesays.com\/es\/wp-json\/wp\/v2\/categories?post=333297"},{"taxonomy":"post_tag","embeddable":true,"href":"https:\/\/www.europesays.com\/es\/wp-json\/wp\/v2\/tags?post=333297"}],"curies":[{"name":"wp","href":"https:\/\/api.w.org\/{rel}","templated":true}]}}