{"id":333405,"date":"2026-01-10T14:59:09","date_gmt":"2026-01-10T14:59:09","guid":{"rendered":"https:\/\/www.europesays.com\/es\/333405\/"},"modified":"2026-01-10T14:59:09","modified_gmt":"2026-01-10T14:59:09","slug":"estallan-nuevas-protestas-en-iran-pese-a-bloqueo-de-internet-dw-10-01-2026","status":"publish","type":"post","link":"https:\/\/www.europesays.com\/es\/333405\/","title":{"rendered":"Estallan nuevas protestas en Ir\u00e1n pese a bloqueo de internet \u2013 DW \u2013 10\/01\/2026"},"content":{"rendered":"<p>Los iran\u00edes tomaron de nuevo las calles la noche del viernes en el mayor movimiento de protesta contra la\u00a0<a class=\"internal-link\" href=\"https:\/\/www.dw.com\/es\/ir\u00e1n\/t-63346395\" rel=\"nofollow noopener\" target=\"_blank\">Rep\u00fablica Isl\u00e1mica<\/a> en m\u00e1s de tres a\u00f1os, a pesar del apag\u00f3n de internet que impusieron las autoridades como parte de una represi\u00f3n que deja decenas de muertos.\u00a0A gritos de \u00abmuerte al dictador\u00bb, los iran\u00edes protestan abiertamente en las calles de Teher\u00e1n y otras ciudades.<\/p>\n<p>Reza Pahlavi, el hijo del sah depuesto y una de las figuras de la oposici\u00f3n en el exilio, llam\u00f3 este s\u00e1bado (10.01.2026) a los manifestantes a \u00abprepararse para tomar\u00bb los centros de las ciudades. En un mensaje en la <a rel=\"noopener follow nofollow\" target=\"_blank\" class=\"external-link\" href=\"https:\/\/x.com\/PahlaviReza\/status\/2009851903547445613\" title=\"Enlace externo \u2014 red social X\">red social X<\/a>, subray\u00f3 que el \u00abobjetivo ya no es solo manifestarse en la calle\u00bb, sino mantener los centros urbanos, \u00abpermaneciendo sobre el terreno\u00bb.<\/p>\n<p>Advertencias estadounidenses<\/p>\n<p>El secretario de Estado estadounidense, <a class=\"internal-link\" href=\"https:\/\/www.dw.com\/es\/marco-rubio\/t-42664691\" rel=\"nofollow noopener\" target=\"_blank\">Marco Rubio<\/a>, reiter\u00f3 su apoyo a los manifestantes. \u00abEstados Unidos apoya al valiente pueblo de Ir\u00e1n\u00bb, public\u00f3 Rubio en la <a rel=\"noopener follow nofollow\" target=\"_blank\" class=\"external-link\" href=\"https:\/\/x.com\/marcorubio\/status\/2009860483143102793\" title=\"Enlace externo \u2014 red social X\">red social X<\/a>. El presidente Donald Trump <a class=\"internal-link\" href=\"https:\/\/www.dw.com\/es\/trump-reitera-amenaza-a-ir\u00e1n-si-empieza-a-matar-manifestantes\/a-75442519\" rel=\"nofollow noopener\" target=\"_blank\">lanz\u00f3 tambi\u00e9n previamente una nueva advertencia<\/a> a los l\u00edderes iran\u00edes: \u00abSer\u00e1 mejor que no empiecen a disparar porque nosotros tambi\u00e9n empezaremos a disparar\u00bb.<\/p>\n<p><img data-format=\"MASTER_LANDSCAPE\" data-id=\"75457672\" data-url=\"https:\/\/static.dw.com\/image\/75457672_${formatId}.jpg\" data-aspect-ratio=\"16\/9\" alt=\"Varios veh\u00edculos calcinados y un edificio en llamas en la capital iran\u00ed, captado por un participante en las protestas.\" style=\"padding-bottom: 56.25%; height: 0; max-height: 0;\"\/>Incendios durante las protestas en Teher\u00e1n en una imagen extra\u00edda de un video.Imagen: Social Media\/REUTERS<\/p>\n<p>El l\u00edder supremo iran\u00ed, el ayatol\u00e1 Al\u00ed Jamenei, hab\u00eda dicho por la televisi\u00f3n del pa\u00eds <a class=\"internal-link\" href=\"https:\/\/www.dw.com\/es\/jamenei-advierte-que-ir\u00e1n-no-ceder\u00e1-ante-manifestaciones\/a-75454627\" rel=\"nofollow noopener\" target=\"_blank\">que su pa\u00eds \u00abno ceder\u00e1 ante los saboteadores\u00bb<\/a>. \u00abAyer por la noche en Teher\u00e1n, una banda de v\u00e1ndalos vino a destruir un edificio (&#8230;) para rendir pleites\u00eda al presidente de Estados Unidos\u00bb, a\u00f1adi\u00f3 el l\u00edder supremo. Pero \u00abel arrogante\u00bb Donald Trump, dijo, ser\u00e1 \u00abderrocado\u00bb. Y acus\u00f3 al mandatario norteamericano de tener las \u00abmanos manchadas de la sangre\u00bb, en referencia a <a class=\"internal-link\" href=\"https:\/\/www.dw.com\/es\/as\u00ed-fue-el-hist\u00f3rico-d\u00eda-en-que-estados-unidos-atac\u00f3-ir\u00e1n\/a-73001117\" rel=\"nofollow noopener\" target=\"_blank\">los bombardeos contra instalaciones nucleares<\/a> del a\u00f1o pasado.<\/p>\n<p>Acusaciones de injerencia<\/p>\n<p>El ministro de Exteriores iran\u00ed tambi\u00e9n lanz\u00f3 acusaciones contra Israel y Washington, a los que se\u00f1ala de injerencia por alimentar las protestas que han sacudido al pa\u00eds. \u00abEsta declaraci\u00f3n refleja un intento delirante de desviar la atenci\u00f3n de los enormes desaf\u00edos que el r\u00e9gimen iran\u00ed enfrenta en casa\u00bb, dijo un portavoz del Departamento de Estado de Estados Unidos, en respuesta a los comentarios de Araghchi durante una visita al L\u00edbano.<\/p>\n<p>El grupo de derechos humanos Haalvsh, que se centra en la minor\u00eda sunita baluche del sureste, afirm\u00f3 que las fuerzas de seguridad dispararon contra manifestantes en Zahed\u00e1n, la principal ciudad de la provincia de Sist\u00e1n-Baluchist\u00e1n, tras las oraciones del viernes, lo que caus\u00f3 un n\u00famero indeterminado de v\u00edctimas. Estas manifestaciones ocurren en un momento en que Ir\u00e1n est\u00e1 debilitado tras la guerra con Israel y los golpes infligidos a varios de sus aliados regionales, mientras que la ONU restableci\u00f3 en septiembre sanciones relacionadas con el programa nuclear del pa\u00eds.<\/p>\n<p>lgc (afp, rtr)<\/p>\n","protected":false},"excerpt":{"rendered":"Los iran\u00edes tomaron de nuevo las calles la noche del viernes en el mayor movimiento de protesta contra&hellip;\n","protected":false},"author":2,"featured_media":333406,"comment_status":"","ping_status":"","sticky":false,"template":"","format":"standard","meta":{"footnotes":""},"categories":[42],"tags":[17,18,13,14,11,61,62,63,64,19,20,9,10,15,16,12,21,22,65,66,67],"class_list":{"0":"post-333405","1":"post","2":"type-post","3":"status-publish","4":"format-standard","5":"has-post-thumbnail","7":"category-internacional","8":"tag-breaking-news","9":"tag-breakingnews","10":"tag-featured-news","11":"tag-featurednews","12":"tag-headlines","13":"tag-internacional","14":"tag-international","15":"tag-international-news","16":"tag-internationalnews","17":"tag-latest-news","18":"tag-latestnews","19":"tag-news","20":"tag-noticias","21":"tag-noticias-destacadas","22":"tag-noticiasdestacadas","23":"tag-titulares","24":"tag-ultimas-noticias","25":"tag-ultimasnoticias","26":"tag-world","27":"tag-world-news","28":"tag-worldnews"},"share_on_mastodon":{"url":"https:\/\/pubeurope.com\/@es\/115871400840487962","error":""},"_links":{"self":[{"href":"https:\/\/www.europesays.com\/es\/wp-json\/wp\/v2\/posts\/333405","targetHints":{"allow":["GET"]}}],"collection":[{"href":"https:\/\/www.europesays.com\/es\/wp-json\/wp\/v2\/posts"}],"about":[{"href":"https:\/\/www.europesays.com\/es\/wp-json\/wp\/v2\/types\/post"}],"author":[{"embeddable":true,"href":"https:\/\/www.europesays.com\/es\/wp-json\/wp\/v2\/users\/2"}],"replies":[{"embeddable":true,"href":"https:\/\/www.europesays.com\/es\/wp-json\/wp\/v2\/comments?post=333405"}],"version-history":[{"count":0,"href":"https:\/\/www.europesays.com\/es\/wp-json\/wp\/v2\/posts\/333405\/revisions"}],"wp:featuredmedia":[{"embeddable":true,"href":"https:\/\/www.europesays.com\/es\/wp-json\/wp\/v2\/media\/333406"}],"wp:attachment":[{"href":"https:\/\/www.europesays.com\/es\/wp-json\/wp\/v2\/media?parent=333405"}],"wp:term":[{"taxonomy":"category","embeddable":true,"href":"https:\/\/www.europesays.com\/es\/wp-json\/wp\/v2\/categories?post=333405"},{"taxonomy":"post_tag","embeddable":true,"href":"https:\/\/www.europesays.com\/es\/wp-json\/wp\/v2\/tags?post=333405"}],"curies":[{"name":"wp","href":"https:\/\/api.w.org\/{rel}","templated":true}]}}