{"id":333412,"date":"2026-01-10T15:07:19","date_gmt":"2026-01-10T15:07:19","guid":{"rendered":"https:\/\/www.europesays.com\/es\/333412\/"},"modified":"2026-01-10T15:07:19","modified_gmt":"2026-01-10T15:07:19","slug":"wout-van-aert-supera-con-exito-la-operacion-de-su-tobillo-derecho-y-vuelve-a-empezar-la-carrera-contrarreloj-hacia-las-clasicas","status":"publish","type":"post","link":"https:\/\/www.europesays.com\/es\/333412\/","title":{"rendered":"Wout Van Aert supera con \u00e9xito la operaci\u00f3n de su tobillo derecho y vuelve a empezar la carrera contrarreloj hacia las cl\u00e1sicas"},"content":{"rendered":"<p>&#13;<br \/>\n  &#13;<\/p>\n<p>La temporada de invierno de Wout Van Aert termin\u00f3 de forma abrupta el pasado viernes en Mol, pero el primer paso hacia el regreso ya est\u00e1 dado. El ciclista belga fue operado con \u00e9xito de la fractura en el tobillo derecho sufrida tras su ca\u00edda en el Exact Cross de Mol, una intervenci\u00f3n que, seg\u00fan confirm\u00f3 su equipo, se desarroll\u00f3 sin complicaciones.<\/p>\n<p><img decoding=\"async\" fetchpriority=\"high\" loading=\"eager\" width=\"1200\" height=\"1500\" style=\"aspect-ratio: 1200\/1500;\" alt=\"Wout Van Aert. Imagen: Visma | Lease a Bike\" src=\"https:\/\/www.europesays.com\/es\/wp-content\/uploads\/2026\/01\/wout-van-aert-operacion-tobillo.jpg\"\/>Wout Van Aert. Imagen: Visma | Lease a BikeUna recuperaci\u00f3n marcada por el calendario de primavera<\/p>\n<p>El conjunto Visma | Lease a Bike comunic\u00f3 la noticia este s\u00e1bado a trav\u00e9s de un escueto mensaje en redes sociales, sin detallar plazos de recuperaci\u00f3n ni un calendario concreto de vuelta a la competici\u00f3n. La operaci\u00f3n se llev\u00f3 a cabo en Herentals, centro hospitalario de referencia para muchos ciclistas profesionales de la regi\u00f3n, donde Van Aert ya ha sido tratado en anteriores ocasiones.<\/p>\n<p>La lesi\u00f3n llega en un momento especialmente delicado. El belga afronta de nuevo una preparaci\u00f3n condicionada por la rehabilitaci\u00f3n, con la mirada puesta en las cl\u00e1sicas de primavera, uno de los grandes objetivos de su temporada en carretera. La fractura de tobillo obliga a replantear los tiempos y a gestionar la recuperaci\u00f3n con cautela, en un contexto en el que cada semana cuenta.<\/p>\n<p>&#13;<br \/>\n  &#13;<\/p>\n<p>No es la primera vez que Van Aert se ve obligado a reconstruir su temporada desde la enfermer\u00eda. En 2024 ya sufri\u00f3 dos ca\u00eddas de consideraci\u00f3n, una en La Vuelta que le provoc\u00f3 una grave lesi\u00f3n en la rodilla derecha y otra en A Trav\u00e9s de Flandes. A ellas se suma el recordado accidente en el Tour de Francia de a\u00f1os atr\u00e1s, cuando se rasg\u00f3 el muslo tras impactar contra una valla durante una contrarreloj.<\/p>\n<p>El inicio de la campa\u00f1a de ruta en 2025 ya estuvo condicionado por problemas f\u00edsicos. Van Aert arranc\u00f3 en Ja\u00e9n a mediados de febrero y lleg\u00f3 justo de forma al Opening Weekend, tras una rehabilitaci\u00f3n que limit\u00f3 su carga de entrenamiento. Este nuevo contratiempo vuelve a situarle ante un escenario similar, con el foco puesto en llegar competitivo a las grandes citas del Norte, desde Nieuwsblad hasta Roubaix.<\/p>\n<p>Pese al golpe deportivo, el apoyo dentro del pelot\u00f3n no ha tardado en llegar. Incluso Mathieu van der Poel, su gran rival generacional en el ciclocross y protagonista de la victoria en Mol tras el abandono del belga, le dedic\u00f3 un mensaje p\u00fablico de \u00e1nimo en redes sociales, dese\u00e1ndole una pronta recuperaci\u00f3n.<\/p>\n<p>&#13;<br \/>\n  &#13;<\/p>\n<p>Con contrato vitalicio con su equipo y un papel central dentro de la estructura neerlandesa, Van Aert encara otra recuperaci\u00f3n exigente, una m\u00e1s en una carrera marcada por el talento, la ambici\u00f3n y una capacidad constante para volver tras la adversidad. El reloj ya est\u00e1 en marcha.<\/p>\n<p>&#13;<br \/>\n&#13;<\/p>\n","protected":false},"excerpt":{"rendered":"&#13; &#13; La temporada de invierno de Wout Van Aert termin\u00f3 de forma abrupta el pasado viernes en&hellip;\n","protected":false},"author":2,"featured_media":333413,"comment_status":"","ping_status":"","sticky":false,"template":"","format":"standard","meta":{"footnotes":""},"categories":[273],"tags":[313,312,168,25,24,23,167],"class_list":{"0":"post-333412","1":"post","2":"type-post","3":"status-publish","4":"format-standard","5":"has-post-thumbnail","7":"category-ciclismo","8":"tag-ciclismo","9":"tag-cycling","10":"tag-deportes","11":"tag-es","12":"tag-espana","13":"tag-spain","14":"tag-sports"},"share_on_mastodon":{"url":"https:\/\/pubeurope.com\/@es\/115871432250849901","error":""},"_links":{"self":[{"href":"https:\/\/www.europesays.com\/es\/wp-json\/wp\/v2\/posts\/333412","targetHints":{"allow":["GET"]}}],"collection":[{"href":"https:\/\/www.europesays.com\/es\/wp-json\/wp\/v2\/posts"}],"about":[{"href":"https:\/\/www.europesays.com\/es\/wp-json\/wp\/v2\/types\/post"}],"author":[{"embeddable":true,"href":"https:\/\/www.europesays.com\/es\/wp-json\/wp\/v2\/users\/2"}],"replies":[{"embeddable":true,"href":"https:\/\/www.europesays.com\/es\/wp-json\/wp\/v2\/comments?post=333412"}],"version-history":[{"count":0,"href":"https:\/\/www.europesays.com\/es\/wp-json\/wp\/v2\/posts\/333412\/revisions"}],"wp:featuredmedia":[{"embeddable":true,"href":"https:\/\/www.europesays.com\/es\/wp-json\/wp\/v2\/media\/333413"}],"wp:attachment":[{"href":"https:\/\/www.europesays.com\/es\/wp-json\/wp\/v2\/media?parent=333412"}],"wp:term":[{"taxonomy":"category","embeddable":true,"href":"https:\/\/www.europesays.com\/es\/wp-json\/wp\/v2\/categories?post=333412"},{"taxonomy":"post_tag","embeddable":true,"href":"https:\/\/www.europesays.com\/es\/wp-json\/wp\/v2\/tags?post=333412"}],"curies":[{"name":"wp","href":"https:\/\/api.w.org\/{rel}","templated":true}]}}