{"id":333420,"date":"2026-01-10T15:12:08","date_gmt":"2026-01-10T15:12:08","guid":{"rendered":"https:\/\/www.europesays.com\/es\/333420\/"},"modified":"2026-01-10T15:12:08","modified_gmt":"2026-01-10T15:12:08","slug":"gorka-gomez-gana-un-rally-fotografico-de-santa-lucia-protagonizado-por-los-5-sentidos","status":"publish","type":"post","link":"https:\/\/www.europesays.com\/es\/333420\/","title":{"rendered":"Gorka G\u00f3mez gana un Rally Fotogr\u00e1fico de Santa Luc\u00eda protagonizado por los 5 sentidos"},"content":{"rendered":"<p> Vista, o\u00eddo, gusto, tacto y olfato fueron los cinco temas con los que se encontraron los participantes del 31\u00ba rally fotogr\u00e1fico celebrado por la  &#8230; asociaci\u00f3n Argazkia el d\u00eda de Santa Luc\u00eda con la colaboraci\u00f3n de los ayuntamientos de Urretxu y Zumarraga. Dentro de la colecci\u00f3n de seis im\u00e1genes con las que concursa cada autor, cinco deb\u00edan estar protagonizadas por estos cinco sentidos, a las que se sumaba una sexta de tema libre. Todo un reto del que los 35 aficionados que tomaron parte (34 en la categor\u00eda de adultos y uno en la infantil) disfrutaron de lo lindo. <\/p>\n<p class=\"v-p\">Una vez m\u00e1s, y ya van cuatro con la presente, el legazpiarra Gorka G\u00f3mez se alz\u00f3 vencedor del rally, que tambi\u00e9n gan\u00f3 en 2018, en 2024 y el pasado 2025. Este viernes no pudo asistir a la entrega de premios celebrada en la casa de cultura de Urretxu por cuestiones laborales, por lo que la organizaci\u00f3n le har\u00e1 llegar el premio, consistente en 250 euros y el caracter\u00edstico trofeo. Por segundo a\u00f1o consecutivo, el segundo premio ha sido para un gran compa\u00f1ero de batallas fotogr\u00e1ficas de Gorka G\u00f3mez, el tambi\u00e9n legazpiarra Mikel Bravo, siendo ambos miembros de la sociedad Ikatza. Bravo se lleva 200 euros y otro trofeo. El tercer premio ha sido para el urretxuarra Gillermo Murciego, con 150 euros y trofeo, el premio al mejor local para el zumarragarra Iker Guti\u00e9rrez, con 100 euros y trofeo, y el premio infantil para Nahikari Barros, de Zizur Mayor, con 50 euros y diploma.<\/p>\n<p>Gorka G\u00f3mez y sus 5 sentidos<\/p>\n<p class=\"v-p\">Pese a no encontrarse en el reparto de premios de este viernes, contactamos con el vencedor del rally para preguntarle cu\u00e1l cree que es el secreto para ganarlo hasta en cuatro ocasiones y c\u00f3mo se inspir\u00f3 para realizar las seis fotos merecedoras del primer premio. \u00abPienso que la clave est\u00e1 en lograr una imagen que cause un primer golpe de efecto y llame la atenci\u00f3n del jurado, que tenga algo que se diferencie del resto\u00bb, explica Gorka G\u00f3mez. Para \u00e9l, esa foto fue la que dedic\u00f3 al sentido de la vista. En ella, retrata a dos de sus antiguas compa\u00f1eras de clase de Haztegi Ikastola, Maite Arrondo y Alazne Agirreurreta. Ambas aparecen reflejadas en dos espejos que hab\u00eda en un puesto de artesan\u00eda de la feria. Gorka reconoce que plasmar los cinco sentidos tiene su complejidad, ya que habitualmente se establecen en los concursos temas m\u00e1s tangibles a fotografiar. \u00abTambi\u00e9n es cierto que sea un tema u otro, la feria tiene los ingredientes que tiene y al final, juegas siempre con los mismos elementos. Luego est\u00e1 en mano de cada uno c\u00f3mo hacerlo\u00bb, se\u00f1ala. \u00abPara m\u00ed tratar los cinco sentidos requer\u00eda la participaci\u00f3n humana en las fotos y encontrar a personas dispuestas a posar a\u00f1ad\u00eda un paso m\u00e1s a la hora de realizarlas\u00bb, cuenta. Comenta que estar en casa jug\u00f3 a su favor. Al fin y al cabo, hay muchos legazpiarras que acuden a la feria de Santa Luc\u00eda y de esa familiaridad se vali\u00f3 para poder hacer realidad las im\u00e1genes que ten\u00eda en mente. Su foto sobre el olfato est\u00e1 protagonizada nuevamente por su antigua compa\u00f1era de clase Maite Arrondo, que esta vez, aparece oliendo una vela arom\u00e1tica de la feria. En la foto sobre el gusto, Gorka presenta la silueta de una persona disfrutando de una copa de vino de Rioja Alavesa. En la imagen sobre el o\u00eddo, retrata al duzainero tolosarra Jos\u00e9 Manuel Agirre, habitual en la feria, y en la del tacto muestra una mano sujetando una vara en la feria de ganado, que pertenece a otro legazpiarra, Josu Agirre. Por \u00faltimo, dedica la foto libre a un harrijasotzaile.<\/p>\n<p class=\"v-p\">Un a\u00f1o m\u00e1s, Gorka agradece a la organizaci\u00f3n que siga realizando este tipo de rallys y apoyando la afici\u00f3n por la fotograf\u00eda.<\/p>\n","protected":false},"excerpt":{"rendered":"Vista, o\u00eddo, gusto, tacto y olfato fueron los cinco temas con los que se encontraron los participantes del&hellip;\n","protected":false},"author":2,"featured_media":333421,"comment_status":"","ping_status":"","sticky":false,"template":"","format":"standard","meta":{"footnotes":""},"categories":[173],"tags":[229,233,231,230,232,234,146,147,25,24,15663,4355,4190,48406,14231,16895,6222,4065,42161,23],"class_list":{"0":"post-333420","1":"post","2":"type-post","3":"status-publish","4":"format-standard","5":"has-post-thumbnail","7":"category-arte-y-diseno","8":"tag-arte","9":"tag-arte-y-diseno","10":"tag-arts","11":"tag-arts-and-design","12":"tag-design","13":"tag-diseno","14":"tag-entertainment","15":"tag-entretenimiento","16":"tag-es","17":"tag-espana","18":"tag-fotografico","19":"tag-gana","20":"tag-gomez","21":"tag-gorka","22":"tag-lucia","23":"tag-protagonizado","24":"tag-rally","25":"tag-santa","26":"tag-sentidos","27":"tag-spain"},"share_on_mastodon":{"url":"https:\/\/pubeurope.com\/@es\/115871451877875465","error":""},"_links":{"self":[{"href":"https:\/\/www.europesays.com\/es\/wp-json\/wp\/v2\/posts\/333420","targetHints":{"allow":["GET"]}}],"collection":[{"href":"https:\/\/www.europesays.com\/es\/wp-json\/wp\/v2\/posts"}],"about":[{"href":"https:\/\/www.europesays.com\/es\/wp-json\/wp\/v2\/types\/post"}],"author":[{"embeddable":true,"href":"https:\/\/www.europesays.com\/es\/wp-json\/wp\/v2\/users\/2"}],"replies":[{"embeddable":true,"href":"https:\/\/www.europesays.com\/es\/wp-json\/wp\/v2\/comments?post=333420"}],"version-history":[{"count":0,"href":"https:\/\/www.europesays.com\/es\/wp-json\/wp\/v2\/posts\/333420\/revisions"}],"wp:featuredmedia":[{"embeddable":true,"href":"https:\/\/www.europesays.com\/es\/wp-json\/wp\/v2\/media\/333421"}],"wp:attachment":[{"href":"https:\/\/www.europesays.com\/es\/wp-json\/wp\/v2\/media?parent=333420"}],"wp:term":[{"taxonomy":"category","embeddable":true,"href":"https:\/\/www.europesays.com\/es\/wp-json\/wp\/v2\/categories?post=333420"},{"taxonomy":"post_tag","embeddable":true,"href":"https:\/\/www.europesays.com\/es\/wp-json\/wp\/v2\/tags?post=333420"}],"curies":[{"name":"wp","href":"https:\/\/api.w.org\/{rel}","templated":true}]}}