{"id":333451,"date":"2026-01-10T15:40:07","date_gmt":"2026-01-10T15:40:07","guid":{"rendered":"https:\/\/www.europesays.com\/es\/333451\/"},"modified":"2026-01-10T15:40:07","modified_gmt":"2026-01-10T15:40:07","slug":"la-batalla-entre-robert-downey-jr-y-chris-evans-en-avengers-doomsday-se-confirma-si-hace-que-la-gente-vea-la-pelicula-si-vandal","status":"publish","type":"post","link":"https:\/\/www.europesays.com\/es\/333451\/","title":{"rendered":"La batalla entre Robert Downey Jr. y Chris Evans en Avengers: Doomsday se confirma: &#039;Si hace que la gente vea la pel\u00edcula, s\u00ed&#039; &#8211; Vandal"},"content":{"rendered":"<ol>\n<li><a href=\"https:\/\/news.google.com\/rss\/articles\/CBMi-gFBVV95cUxPcTdWVWRhN1pqdkFYRkRFREh6VlkyanZQQl9Ic0FNb0huclRGNktQREtxUWxZenZEYWZnb3dFQkxNbmRIQ3RkeDZCT09WZG5rSnNpN2dVRG93X1NXVzRORUJvNm9OUi1DMS1jUnllUEM2c1JmdWh3NlhmWXd3SFduYnp6Tlg0RlotN1plNlg3NjFxMk53dktBZ05lUVYyVU54bGFYa25IcVJoRVE3NnM5WW9RMnpJcWN2em1JLXpha25vNzV1anBqaXJ0S0I4dzQzM3E1V0gzZThuT2hHZmlkSlotNGRBckxFM1ZQaVUyUVloWGxEXy1iNWN30gH_AUFVX3lxTE1SYmgzS1RXMHN3SjVhZHFIMkpIYmE2b2xOaWpIOEZuMDJyZjRPSHV5RlVYYWpJclFjZGxHdlpybjMwQ3kwRUwzSklJLVhUVGstOVN2VVBRTEpNSGFRbzV5Snlzb05qU2dtNkpkV200Uk5vM0xHSS15QXNtQ1pqaHM5SENZOVQySFVGd3p0dE1WbGwyRnFIUHFqNEhONWJhUnJvYWhKR2pQakl3UFpjaDd4czJpUTlnNGNNUVVmVWNub01tWEFsMU1SY1BQVWUyRGQtclNYaFZqc0VJODZCZVpod0lQSi10RFcweTJYalNuNDhsbUJ1U3ZlVzNFQXlTcw?oc=5\" target=\"_blank\" rel=\"nofollow noopener\">La batalla entre Robert Downey Jr. y Chris Evans en Avengers: Doomsday se confirma: &#8216;Si hace que la gente vea la pel\u00edcula, s\u00ed&#8217;<\/a>&nbsp;&nbsp;Vandal<\/li>\n<li><a href=\"https:\/\/news.google.com\/rss\/articles\/CBMi-wFBVV95cUxOc3dQamZFTmQ3WjYyall3OUluRUt1cWtWZmhkelBHU2Y3OFVSaUV4ckgtMXdCS0xpMmRsWEJmRjFKMDFUdEZEdkVVYVBnSHpFUmtzY012a1R4SFNmQ2JmbS1Ibk1mdHRCVHV5cVJNR2plUS01TkotVVNZMkE5UnpVMnNrQkxFdUNRS3lNQV9QT1JYYkxReDl4MjNmdHV1QmxDU3VuaG50bGlEazE4bk9ibGxOOVdzVW1Xa09YWXM5bzVNZUVYN0d1MEJPdUtHS0lxRDA5ZXNZTlZieGczTTN0dmNFY0djX01JNFZiTzZrMl9wWVNKSlFxZmxhY9IBgAJBVV95cUxNQU9sVkp0RVRMdXhXQ0pYT2xrbEhTRzZWbE1ySWd2YUV4Ny1FTXFfYVFxTmJEX3FWWWI1NnI3UXhraVFjNmUxRjB5OG5CX04tUlo0R3paM3NLMUg3RldjUTB0WDNXSTJHUDVwdEhZbkZhMktRWUtaUkJiVm5VV3BfTy1uN0R6dk5YTXZNWVR6OU1CYkg1eTZPWVFLVVlhYjZSdFdnb21WZTE3U1FTQzhRNmtsWGNlVUtFOUxNdl91XzdlVENyZl9UczV3YjRrd1pnZ1I0WC1qUFlrejdaOUxaRWhkN3FoMkI5UzdvS0hCZHZXVF9JREpmR2ZYclZReVB1?oc=5\" target=\"_blank\" rel=\"nofollow noopener\">La preocupante duraci\u00f3n de &#8216;Avengers: Doomsday&#8217; sale a la luz y supera los 225 minutos: m\u00e1s que cualquier pel\u00edcula de &#8216;Avatar&#8217;<\/a>&nbsp;&nbsp;Vandal<\/li>\n<li><a href=\"https:\/\/news.google.com\/rss\/articles\/CBMivgFBVV95cUxQeWxQdy16dWNrQk5MUG5NeXpRNmV2amRLN3ZlbUVNd3NXZWwzRzJYRVhxYmVFTWRQbVRCYVNmVUliNnNOZFA0U0NOR3VFdERuNVlqOEhVV21FRVY1SXVtdzVWQmtMVFFoR2h4TmJtUllJLUhYZmloUkh5b0NTQUZzZk9UQmVuVnhVVHI4Zy1PM0FrUE41UXU1Unk5N0ZiUUlzZzd1VWxHVDBKX2h3c1RlRVk2bVQ2T0hZYkxRSTRn0gHDAUFVX3lxTE5sbzB4b0phTWtBZFdUaUh2TDlJelN0ZzJxa3JzbU9PWkh0VEhBbHB5ODUxaUs5amRjQUZUT2VBeGZleWlIVFZUN2pZM3lCVkphMWVWWVJsX0FIVFRqZ1dxdDlZNTRTdHNQclJCREljeUd3dXBMN0ZtRVpiTkJiSkZzTlQweE9tdG4zMFM2UlA1N3plLVFOeUZEMkluVnp0UnBrbVdnQ2V0MWttQ2t5NXhsT1l1U3ZPX3FzMVNMZE1jdjZDMA?oc=5\" target=\"_blank\" rel=\"nofollow noopener\">Mas filtraciones: cu\u00e1l ser\u00eda la trama de Avengers Doomsday, el gran estreno de Marvel en 2026<\/a>&nbsp;&nbsp;C5N<\/li>\n<li><a href=\"https:\/\/news.google.com\/rss\/articles\/CBMifEFVX3lxTE5wQmZ2WEhzamF1QjFzVlJZZ0JDcE13ek1CZzNxSmF4NTg3MDRJR0pOM1c3emNPcXJUTUpYTHYzLTVWdkx4ZG9WdHNsYnFBQ0dhRkRvdUNJbzQ5UFp0Y2FBQ0w5QzhOSG5JSkd2YS1zYXRSQnQyaEp6cHozV3g?oc=5\" target=\"_blank\" rel=\"nofollow noopener\">El enga\u00f1o de Doom en Vengadores Doomsday: la gran trampa que sacudir\u00eda al UCM<\/a>&nbsp;&nbsp;La Casa de EL<\/li>\n<li><a href=\"https:\/\/news.google.com\/rss\/articles\/CBMijwFBVV95cUxQYmoxS0J6QVJWYnRhUGlQelk4Z3RWTXIyMW1kbVk5WkZpcm9WSDBmTHRHcE9mMVBneHJnNEx4d1RtTlhUY09jSF9HaDdQU1dVemdBZUJPYkVMeU41alUteF9BemRBV1o0YjRaMHVBUzQtSXRQZlRkRGJXV3ViSVNVa3c4MEgyZ0JDSi1sR3poQQ?oc=5\" target=\"_blank\" rel=\"nofollow noopener\">Lo \u00faltimo de \u201cAvengers: Doomsday\u201d, \u00abMan of Tomorrow\u00bb y m\u00e1s<\/a>&nbsp;&nbsp;Gizmodo en Espa\u00f1ol<\/li>\n<\/ol>\n","protected":false},"excerpt":{"rendered":"La batalla entre Robert Downey Jr. y Chris Evans en Avengers: Doomsday se confirma: &#8216;Si hace que la&hellip;\n","protected":false},"author":2,"featured_media":330182,"comment_status":"","ping_status":"","sticky":false,"template":"","format":"standard","meta":{"footnotes":""},"categories":[169],"tags":[177,146,147,25,24,176,175,23],"class_list":{"0":"post-333451","1":"post","2":"type-post","3":"status-publish","4":"format-standard","5":"has-post-thumbnail","7":"category-cine","8":"tag-cine","9":"tag-entertainment","10":"tag-entretenimiento","11":"tag-es","12":"tag-espana","13":"tag-film","14":"tag-movies","15":"tag-spain"},"share_on_mastodon":{"url":"https:\/\/pubeurope.com\/@es\/115871562127577805","error":""},"_links":{"self":[{"href":"https:\/\/www.europesays.com\/es\/wp-json\/wp\/v2\/posts\/333451","targetHints":{"allow":["GET"]}}],"collection":[{"href":"https:\/\/www.europesays.com\/es\/wp-json\/wp\/v2\/posts"}],"about":[{"href":"https:\/\/www.europesays.com\/es\/wp-json\/wp\/v2\/types\/post"}],"author":[{"embeddable":true,"href":"https:\/\/www.europesays.com\/es\/wp-json\/wp\/v2\/users\/2"}],"replies":[{"embeddable":true,"href":"https:\/\/www.europesays.com\/es\/wp-json\/wp\/v2\/comments?post=333451"}],"version-history":[{"count":0,"href":"https:\/\/www.europesays.com\/es\/wp-json\/wp\/v2\/posts\/333451\/revisions"}],"wp:featuredmedia":[{"embeddable":true,"href":"https:\/\/www.europesays.com\/es\/wp-json\/wp\/v2\/media\/330182"}],"wp:attachment":[{"href":"https:\/\/www.europesays.com\/es\/wp-json\/wp\/v2\/media?parent=333451"}],"wp:term":[{"taxonomy":"category","embeddable":true,"href":"https:\/\/www.europesays.com\/es\/wp-json\/wp\/v2\/categories?post=333451"},{"taxonomy":"post_tag","embeddable":true,"href":"https:\/\/www.europesays.com\/es\/wp-json\/wp\/v2\/tags?post=333451"}],"curies":[{"name":"wp","href":"https:\/\/api.w.org\/{rel}","templated":true}]}}