{"id":333466,"date":"2026-01-10T15:54:07","date_gmt":"2026-01-10T15:54:07","guid":{"rendered":"https:\/\/www.europesays.com\/es\/333466\/"},"modified":"2026-01-10T15:54:07","modified_gmt":"2026-01-10T15:54:07","slug":"isaac-suarez-campeon-de-espana-en-master-40-b","status":"publish","type":"post","link":"https:\/\/www.europesays.com\/es\/333466\/","title":{"rendered":"Isaac Su\u00e1rez, campe\u00f3n de Espa\u00f1a en m\u00e1ster 40 B"},"content":{"rendered":"<p class=\"v-mdl-ath__p v-mdl-ath__p--2\">\nMarco G. Vidart\n<\/p>\n<p class=\"v-mdl-ath__p v-mdl-ath__p--3\">\nSantander\n<\/p>\n<p class=\"v-mdl-ath__p v-mdl-ath__p--6\">\nS\u00e1bado, 10 de enero 2026, 12:09<\/p>\n<p>| Actualizado 16:15h.<\/p>\n<p class=\"v-p\">En su categor\u00eda, m\u00e1ster 40 B, era el gran favorito y se ha encargado de demostrarlo. No en vano, hace pocas semanas se ha proclamado campe\u00f3n del Mundo. El c\u00e1ntabro Isaac Su\u00e1rez ha ganado la medalla de oro en esa categor\u00eda en el Campeonato de Espa\u00f1a de ciclocross que se celebra en la localidad conquense de Taranc\u00f3n. <\/p>\n<p class=\"v-p\">Tras las cinco vueltas al circuito, Su\u00e1rez ha parado el crono en 40 minutos y 56 segundos. Le han faltado 19 segundos para superar al primero en meta, un m\u00e1ster A, el vasco I\u00f1aki Carro. El segundo en la categor\u00eda de Isaac ha sido el madrile\u00f1o Jos\u00e9 Ram\u00f3n Mill\u00e1n, a 33 segundos del c\u00e1ntabro. El bronce lo gan\u00f3 el catal\u00e1n Bernat Pou, que entr\u00f3 al sprint con Mill\u00e1n.<\/p>\n<p class=\"v-p\">La medalla para Isaac Su\u00e1rez no ha sido la \u00fanica de los ciclocrossistas c\u00e1ntabros en la segunda jornada del Nacional de ciclocross en Taranc\u00f3n. En la categor\u00eda m\u00e1ster 50 B, \u00d3scar Negrete (Unidos x 1 Reto) tambi\u00e9n se ha subido al caj\u00f3n. En su caso, para ganar la medalla de plata. Tras las cinco vueltas al circuito, hac\u00eda un tiempo de 43.49, a 37 segundos del manchego Juan Moya, que se hac\u00eda con el t\u00edtulo en la categor\u00eda. El tercer puesto fue para el vasco Xabier Mendiaraz, a seis segundos de \u00d3scar Negrete. <\/p>\n<p>Reporta un error<\/p>\n","protected":false},"excerpt":{"rendered":"Marco G. Vidart Santander S\u00e1bado, 10 de enero 2026, 12:09 | Actualizado 16:15h. En su categor\u00eda, m\u00e1ster 40&hellip;\n","protected":false},"author":2,"featured_media":333467,"comment_status":"","ping_status":"","sticky":false,"template":"","format":"standard","meta":{"footnotes":""},"categories":[273],"tags":[313,312,168,25,24,10708,10320,23,167,76629],"class_list":{"0":"post-333466","1":"post","2":"type-post","3":"status-publish","4":"format-standard","5":"has-post-thumbnail","7":"category-ciclismo","8":"tag-ciclismo","9":"tag-cycling","10":"tag-deportes","11":"tag-es","12":"tag-espana","13":"tag-isaac","14":"tag-master","15":"tag-spain","16":"tag-sports","17":"tag-suarezcampeon"},"share_on_mastodon":{"url":"https:\/\/pubeurope.com\/@es\/115871617006683100","error":""},"_links":{"self":[{"href":"https:\/\/www.europesays.com\/es\/wp-json\/wp\/v2\/posts\/333466","targetHints":{"allow":["GET"]}}],"collection":[{"href":"https:\/\/www.europesays.com\/es\/wp-json\/wp\/v2\/posts"}],"about":[{"href":"https:\/\/www.europesays.com\/es\/wp-json\/wp\/v2\/types\/post"}],"author":[{"embeddable":true,"href":"https:\/\/www.europesays.com\/es\/wp-json\/wp\/v2\/users\/2"}],"replies":[{"embeddable":true,"href":"https:\/\/www.europesays.com\/es\/wp-json\/wp\/v2\/comments?post=333466"}],"version-history":[{"count":0,"href":"https:\/\/www.europesays.com\/es\/wp-json\/wp\/v2\/posts\/333466\/revisions"}],"wp:featuredmedia":[{"embeddable":true,"href":"https:\/\/www.europesays.com\/es\/wp-json\/wp\/v2\/media\/333467"}],"wp:attachment":[{"href":"https:\/\/www.europesays.com\/es\/wp-json\/wp\/v2\/media?parent=333466"}],"wp:term":[{"taxonomy":"category","embeddable":true,"href":"https:\/\/www.europesays.com\/es\/wp-json\/wp\/v2\/categories?post=333466"},{"taxonomy":"post_tag","embeddable":true,"href":"https:\/\/www.europesays.com\/es\/wp-json\/wp\/v2\/tags?post=333466"}],"curies":[{"name":"wp","href":"https:\/\/api.w.org\/{rel}","templated":true}]}}