{"id":333506,"date":"2026-01-10T16:24:12","date_gmt":"2026-01-10T16:24:12","guid":{"rendered":"https:\/\/www.europesays.com\/es\/333506\/"},"modified":"2026-01-10T16:24:12","modified_gmt":"2026-01-10T16:24:12","slug":"jose-pablo-lopez-mantiene-en-rtve-a-los-productores-condenados-a-penas-de-carcel-e-inhabilitacion-y-les-da-otro-programa-que-hunde-el-prime-time","status":"publish","type":"post","link":"https:\/\/www.europesays.com\/es\/333506\/","title":{"rendered":"Jos\u00e9 Pablo L\u00f3pez mantiene en RTVE a los productores condenados a penas de c\u00e1rcel e inhabilitaci\u00f3n y les da otro programa (que hunde el prime time)"},"content":{"rendered":"<p>El presidente de RTVE se regalaba a s\u00ed mismo el pasado D\u00eda de Reyes una felicitaci\u00f3n. <a href=\"https:\/\/www.eleconomista.es\/informalia\/television\/noticias\/13716327\/01\/26\/belen-esteban-mar-flores-o-isa-pantoja-y-el-futbol-desde-arabia-saudi-exprimen-el-presupuesto-de-rtve-el-cheque-en-blanco-de-jose-pablo-lopez.html\" rel=\"nofollow noopener\" target=\"_blank\"><b>Jos\u00e9 Pablo L\u00f3pez <\/b><\/a>nos recordaba, con los datos en la mano, que sus productores estrella \u2014los del docudrama de<b> Roc\u00edo Carrasco,<\/b> ahora al frente de Directo al grano\u2014 hab\u00edan firmado el 5 de enero su m\u00e1ximo hist\u00f3rico, con <b>un 13,6 % de cuota en la tarde de La 1.<\/b> \u00abEl programa presentado por <b>Marta Flich<\/b> y<b> Gonzalo Mir\u00f3<\/b> es l\u00edder en su franja de emisi\u00f3n\u00bb, remarcaba el todopoderoso responsable de la Corporaci\u00f3n P\u00fablica. \u00abEnhorabuena a todo el equipo\u00bb, exclamaba. Pero lo que vale para la tarde no tiene por qu\u00e9 funcionar en prime time, como hemos visto este viernes.<\/p>\n<p>Y la direcci\u00f3n de comunicaci\u00f3n de RTVE este s\u00e1bado tuitea muchos de sus aciertos del viernes pero agacha la cabeza con la pifia de su prime time, donde el especial de<b> \u00d3scar Cornejo<\/b> y <b>Adri\u00e1n Madrid (sin publicidad) <\/b>no lleg\u00f3 al 7%, perdiendo 5,6 puntos por debajo del dato del pasado viernes (en una cadena con una media este 9 de enero de 11.4%).<\/p>\n<p><b>Roc\u00edo Flores,<\/b> en Telecinco, una cadena cuya media no lleg\u00f3 al 9%, lograba sostener (cargado de anuncios) el programa de Santi Acosta y Beatriz Archidona por encima del doble d\u00edgito, a pesar de que apenas dijo nada nuevo, y sobre todo, de la embestida de El Desaf\u00edo de Antena 3, que estrenaba temporada con un imbatible 17%. Hay que decir que Mandarina y Mediaset se gastaron una millonada este viernes porque adem\u00e1s de Roc\u00edo Flores estuvieron<a href=\"https:\/\/www.eleconomista.es\/informalia\/television\/noticias\/13721463\/01\/26\/a-quien-va-usted-a-creer-en-tema-de-epstein-a-ana-obregon-o-al-new-york-times-no-me-lie-con-el-porque-estaba-saliendo-con-miguel-bose.html\" rel=\"nofollow noopener\" target=\"_blank\"><b> Ana Obreg\u00f3n para desmentir al New York Times en el Caso Epstein, <\/b><\/a>y Raquel Mosquera.<\/p>\n<p>Pero eso no es dinero comparado con <b>los m\u00e1s de cien millones de euros mensuales que nos cuesta RTVE, <\/b>con <b>casi 7.000 personas en plantilla<\/b> y entregando<b> buena parte de sus programas a productoras externas.<\/b> Pero volvamos a las guerras de las roc\u00edos, que es la punta del iceberg de la de Mediaset y RTVE. <a href=\"https:\/\/www.eleconomista.es\/informalia\/television\/noticias\/13721205\/01\/26\/rocio-flores-tras-ganar-la-primera-batalla-judicial-a-los-productores-del-documental-de-su-madre-me-ha-calmado-el-alma.html\" rel=\"nofollow noopener\" target=\"_blank\"><b>(Porque cuando Roc\u00edo Flores habla de su victoria judicial habla de los productores de TVE).<\/b><\/a><\/p>\n<p><a href=\"https:\/\/www.eleconomista.es\/informalia\/television\/noticias\/13508413\/08\/25\/rocio-carrasco-alba-carrillo-cifuentes-y-un-fichaje-de-ultima-hora-tve-arranca-la-grabacion-del-reality-hasta-el-fin-del-mundo.html\" rel=\"nofollow noopener\" target=\"_blank\"><b>Si la polarizaci\u00f3n existe en este asunto, TVE va con Roc\u00edo Carrasco: la hija de &#8216;La M\u00e1s Grande&#8217; est\u00e1 en TVE<\/b><\/a> concursando ahora en <b>Hasta el fin del mundo. <\/b>Antes, hab\u00eda pasado por<b> Celebrity Bake Off <\/b>y tambi\u00e9n ha intervenido en tertulias y programas; y fue anunciada como fichaje estrella de <b>La Familia de la Tele<\/b>, aunque no apareci\u00f3 m\u00e1s que el d\u00eda del estreno. La mujer de<b><a href=\"https:\/\/www.eleconomista.es\/informalia\/actualidad\/amp\/11382187\/Se-cumplen-cinco-anos-del-gran-braguetazo-de-Fidel-Albiac-\" rel=\"nofollow noopener\" target=\"_blank\"> Fidel Albiac<\/a> <\/b>y su hija est\u00e1n enfrentadas. La hija de Roc\u00edo Jurado no tiene relaci\u00f3n con sus hijos.<\/p>\n<p>El contexto del enfrentamiento de Roc\u00edo Carrasco con su hija Roc\u00edo Flores<\/p>\n<p>Por dar contexto: ambas Roc\u00edos representan bandos enfrentados, con luchas y haters en redes y dem\u00e1s foros que creen que estas cosas son el centro del universo.<b> Roc\u00edo Flores, siendo adolescente, fue condenada por agredirla;<\/b> y su madre nunca la ha perdonado. Este asunto (insignificante dentro del mundo en que nos movemos) ha servido de combustible a los programas para usar el morbo como reclamo de audiencia. Este viernes <a href=\"https:\/\/www.eleconomista.es\/informalia\/television\/noticias\/13721205\/01\/26\/rocio-flores-tras-ganar-la-primera-batalla-judicial-a-los-productores-del-documental-de-su-madre-me-ha-calmado-el-alma.html\" title=\"Roc\u00edo Flores planta cara a los productores del documental de su madre tras ganarles en los tribunales\" rel=\"nofollow noopener\" target=\"_blank\">fue Roc\u00edo Flores quien cobr\u00f3 de Telecinco (y volver\u00e1)<\/a>; su madre hizo 27 programas y sigue trabajando en televisi\u00f3n gracias a ser tan notoria, y casi toda la familia y la saga de Roc\u00edo Jurado puebla o ha poblado los platos y las revistas. El propio Antonio David Flores, primer marido de Roc\u00edo Carrasco y padre de Roc\u00edo Flores, fue empleado de \u00d3scar Cornejo y Adri\u00e1n Madrid hasta poco antes de emitirse la primera temporada del docudrama donde Roc\u00edo Carrasco le se\u00f1ala como maltratador.<b> Hay juicios y procesos en marcha<\/b>.<\/p>\n<p>                            <img decoding=\"async\" src=\"https:\/\/www.europesays.com\/es\/wp-content\/uploads\/2026\/01\/tuit-jose-pablo-1.jpg\" loading=\"lazy\"\/><\/p>\n<p>En medio de este &#8216;carajal&#8217; est\u00e1n ahora Mediaset y RTVE<\/p>\n<p>A Jos\u00e9 Pablo L\u00f3pez no le faltaba raz\u00f3n para entusiasmarse este comienzo de 2026 con los m\u00e1ximos de Directo Al Grano. Es muy dado a hablar por redes sociales el que fuera director general de Telemadrid entre 2022 y comienzos de 2024, al frente de RTVE desde diciembre de 2024, tras los cambios legislativos que propiciaron su llegada al poder con <b>el consenso del PSOE, Junts, Esquerra Republicana y otros aliados parlamentarios de Pedro S\u00e1nchez,<\/b> cada uno de ellos con la correspondiente tajada a cambio de sus imprescindibles votos.<\/p>\n<p>Este a\u00f1o, el rosc\u00f3n se lo comi\u00f3 Jos\u00e9 Pablo L\u00f3pez con otro triunfo. Y se aplaud\u00eda a s\u00ed mismo, a la vez que felicitaba a La Osa, es decir, a Adri\u00e1n Madrid y \u00d3scar Cornejo, productores de <b>Directo al grano, <\/b>coproductores de <b>Malas lenguas<\/b> de Cintora y conocidos por triunfos y \u00abfechor\u00edas\u00bb en las \u00faltimas d\u00e9cadas, como la creaci\u00f3n de S\u00e1lvame, o fracasos como La familia de la tele. Los empresarios, ahora facturando para RTVE, fueron tambi\u00e9n los art\u00edfices del <b>docudrama de Roc\u00edo Carrasco<\/b> en Mediaset, cuyas casi 30 entregas funcionaron bien (sobre todo en su primera temporada) pero polarizaron la cadena que hoy arrastra el dato de audiencia.<\/p>\n<p>Aquellos prime times de Roc\u00edo Carrasco comenzaron hace ya casi cinco a\u00f1os. Los actuales productores de Directo Al Grano hicieron otros especiales que arrasaron, como<b> Cantora, la herencia envenenada,<\/b> donde <b>Kiko Rivera<\/b> maltrataba a su madre en varias entregas, insult\u00e1ndola desde el prime time a cambio de una fortuna y con audiencias tan escandalosas como aquellos titulares tipo \u00ab<b>mala madre\u00bb, <\/b>por encima del 30 % de cuota en ocasiones.<\/p>\n<p>                            <img decoding=\"async\" src=\"https:\/\/www.europesays.com\/es\/wp-content\/uploads\/2026\/01\/770x_cantorararararara.jpg\" loading=\"lazy\"\/><\/p>\n<p><b>Pero el especial de este viernes en La 1 no funcion\u00f3. <\/b>Estos veteranos y experimentados productores salieron con los pies por delante de Mediaset <b><a href=\"https:\/\/www.eleconomista.es\/informalia\/television\/noticias\/12520444\/11\/23\/mediaset-rompe-con-la-fabrica-de-la-tele-tras-diez-meses-infernales-adios-a-los-padres-de-salvame.html\" rel=\"nofollow noopener\" target=\"_blank\">(hay versiones encontradas de las razones de aquel divorcio que adelantamos)<\/a><\/b>. <a href=\"https:\/\/www.eleconomista.es\/informalia\/television\/noticias\/12520444\/11\/23\/mediaset-rompe-con-la-fabrica-de-la-tele-tras-diez-meses-infernales-adios-a-los-padres-de-salvame.html\" rel=\"nofollow noopener\" target=\"_blank\"><b>En aquel noviembre de 2023 ya vaticin\u00e1bamos que de un modo u otro Jos\u00e9 Pablo Lopez se los llevar\u00eda con \u00e9l para hacer una TVE telecinquera.<\/b><\/a> Ahora no descartamos que Jose Pablo L\u00f3pez acabe en Mediaset cuando el PP reconquiste RTVE. Quiz\u00e1s \u00e9l a\u00fan no lo sabe.<\/p>\n<p><b>La cuesti\u00f3n, volviendo a la realidad y por resumir, es que los creadores de S\u00e1lvame han cambiado las tardes de Telecinco por las de TVE,<\/b> donde, al segundo intento \u2014tras el engendro de <b>La familia de la tele<\/b>\u2014, est\u00e1n triunfando, tal y como recuerda Jos\u00e9 Pablo L\u00f3pez con toda legitimidad.<\/p>\n<p><b>Pero el presidente de RTVE no ha explicado por qu\u00e9 mantiene como proveedores de la corporaci\u00f3n a dos profesionales <a href=\"https:\/\/www.eleconomista.es\/informalia\/television\/noticias\/13665451\/11\/25\/condenan-a-los-productores-oscar-cornejo-y-adrian-madrid-a-dos-anos-de-carcel-por-revelar-en-television-un-episodio-de-rocio-flores-cuando-era-menor.html\" rel=\"nofollow noopener\" target=\"_blank\">condenados a dos a\u00f1os de c\u00e1rcel y otros dos de inhabilitaci\u00f3n <\/a><\/b>en una sentencia de la Audiencia Provincial de Madrid. A finales de noviembre se hizo p\u00fablico que \u00d3scar Cornejo y Adri\u00e1n Madrid, actuales propietarios de La Osa Producciones \u2014productora de Malas lenguas, Directo al grano (La 1) y No somos nadie en TEN\u2014, hab\u00edan sido condenados por un<b> delito de revelaci\u00f3n de secretos. <\/b><\/p>\n<p>Seg\u00fan la sentencia, los due\u00f1os de &#8216;La F\u00e1brica de la Tele&#8217; son \u00abautores criminalmente responsables\u00bb de desvelar en el documental <b>Roc\u00edo, contar la verdad para seguir viva <\/b>el episodio de Roc\u00edo Flores con su madre, Roc\u00edo Carrasco, cuando la hija todav\u00eda era menor. B\u00e1sicamente, <b>difundieron informes psicol\u00f3gicos de una adolescente.<\/b><\/p>\n<p>                            <img decoding=\"async\" src=\"https:\/\/www.europesays.com\/es\/wp-content\/uploads\/2026\/01\/770x_jose-pablo2.jpg\" loading=\"lazy\"\/><\/p>\n<p>Jos\u00e9 Pablo L\u00f3pez encarg\u00f3 al equipo jur\u00eddico de RTVE un dictamen para saber a qu\u00e9 atenerse tras la condena de sus proveedores: \u00bfpuede RTVE seguir contando con dos condenados a penas de c\u00e1rcel e inhabilitaci\u00f3n, aunque el fallo sea recurrible?<\/p>\n<p>Fuentes de la m\u00e1xima solvencia explicaron entonces a este digital que <b>el propio Jos\u00e9 Pablo L\u00f3pez hab\u00eda encargado al equipo jur\u00eddico de RTVE un dictamen con el fin de asesorarse sobre c\u00f3mo actuar, <\/b>dado que el fallo no era firme. Sin embargo, nunca (hasta ahora) se ha hecho p\u00fablico el contenido de ese informe, y solo los hechos nos pueden dar alguna pista: <b>\u00d3scar Cornejo y Adri\u00e1n Madrid siguen produciendo \u2014con \u00e9xito\u2014 las tardes de TVE<\/b>, a pesar del posible da\u00f1o reputacional que para una corporaci\u00f3n p\u00fablica pueda suponer mantener como proveedores de buena parte de su parrilla a dos empresarios cuestionados por vulnerar la intimidad de una adolescente; no solo cuestionados, sino condenados a penas de c\u00e1rcel, inhabilitaci\u00f3n y una multa de 200.000 euros.<\/p>\n<p>A falta de conocer el dictamen que Jos\u00e9 Pablo L\u00f3pez no ha hecho p\u00fablico y de la sentencia definitiva, TVE encarg\u00f3 y emiti\u00f3 este viernes otro espacio producido por estos profesionales, nada menos que en prime time.<\/p>\n<p>                            <img decoding=\"async\" src=\"https:\/\/www.europesays.com\/es\/wp-content\/uploads\/2026\/01\/770x_flich-a-a-a-a-a-a.jpg\" loading=\"lazy\"\/><\/p>\n<p>El morbo que alimenta el ansia de los amantes de la polarizaci\u00f3n suma otro componente: <b>los productores del docudrama de Roc\u00edo Carrasco<\/b> produjeron este viernes en La 1 un espacio presentado por Marta Flich, Gonzalo Mir\u00f3 y Cintora, colocado frente a De viernes, donde Roc\u00edo Flores (cobrando, como su madre) contaba por en\u00e9sima vez lo terrible que es ver expuesta su psicolog\u00eda de cuando ten\u00eda 15 o 16 a\u00f1os.<\/p>\n<p>Para algunos, esta contraprogramaci\u00f3n (Roc\u00edo Flores contra sus demandados) era un plus. Roc\u00edo Flores resisti\u00f3 \u2014en t\u00e9rminos de audiencia\u2014 el golpe de <b>El desaf\u00edo,<\/b> manteniendo el programa de <b>Santi Acosta <\/b>por encima del doble d\u00edgito, en una cadena cuya media no lleg\u00f3 al 9 %. Tiene m\u00e9rito, dado que se estrenaba en Antena 3 el potente concurso presentado por Roberto Leal y producido por Pablo Motos.<\/p>\n<p>Pero<b> el especial de La Osa, el experimento de Jos\u00e9 Pablo L\u00f3pez y su mano derecha (Sergio Calder\u00f3n), producido por los enemigos \u2014en los tribunales\u2014 de Roc\u00edo Flores, se estrell\u00f3: <\/b>no lleg\u00f3 al 7 % en una cadena que marc\u00f3 una media del 11,4 % en el d\u00eda. El regreso de El desaf\u00edo a Antena 3, en su sexta temporada, firm\u00f3 un 17 % y 1.578.000 espectadores. De viernes marc\u00f3 exactamente un 10,7 % y 870.000 espectadores. Y el especial de Directo al grano fracas\u00f3 en su versi\u00f3n de prime time con un 6,9 % y 602.000 espectadores, 5,6 puntos por debajo del dato del pasado viernes.<\/p>\n<p>WhatsApp<a href=\"https:\/\/api.whatsapp.com\/send?text=https:\/\/www.eleconomista.es\/informalia\/television\/noticias\/13721408\/01\/26\/jose-pablo-lopez-mantiene-en-rtve-a-los-productores-condenados-a-penas-de-carcel-e-inhabilitacion-y-les-da-otro-programa-que-hunde-el-primer-time.html?utm_source%3Dwhatsapp%26utm_medium%3Dshare_button&amp;id=1648118629957_whatsapp\" target=\"_blank\" data-action=\"share\/whatsapp\/share\" aria-label=\"Compartir en Whatsapp\" rel=\"nofollow noopener\"><\/a>Facebook<a id=\"fb-share\" href=\"#\" target=\"_blank\" rel=\"noopener noreferrer\" aria-label=\"Compartir en Facebook\"><\/a>Twitter<a href=\"https:\/\/twitter.com\/share?text=Jos%C3%A9+Pablo+L%C3%B3pez+mantiene+en+RTVE+a+los+productores+condenados+a+penas+de+c%C3%A1rcel+e+inhabilitaci%C3%B3n+y+les+da+otro+programa+%28que+hunde+el+prime+time%29&amp;url=https:\/\/www.eleconomista.es\/informalia\/television\/noticias\/13721408\/01\/26\/jose-pablo-lopez-mantiene-en-rtve-a-los-productores-condenados-a-penas-de-carcel-e-inhabilitacion-y-les-da-otro-programa-que-hunde-el-primer-time.html&amp;via=Informalia&amp;id=1648118839245_twitter\" target=\"_blank\" aria-label=\"Compartir en Twitter\" rel=\"nofollow noopener\"><\/a>Linkedin<a onclick=\"return abrirLinkedin();\" href=\"https:\/\/www.linkedin.com\/shareArticle?text=Jos%C3%A9+Pablo+L%C3%B3pez+mantiene+en+RTVE+a+los+productores+condenados+a+penas+de+c%C3%A1rcel+e+inhabilitaci%C3%B3n+y+les+da+otro+programa+%28que+hunde+el+prime+time%29&amp;url=https:\/\/www.eleconomista.es\/informalia\/television\/noticias\/13721408\/01\/26\/jose-pablo-lopez-mantiene-en-rtve-a-los-productores-condenados-a-penas-de-carcel-e-inhabilitacion-y-les-da-otro-programa-que-hunde-el-primer-time.html&amp;mini=true\" target=\"_blank\" aria-label=\"Compartir en linkedin\" rel=\"nofollow noopener\"><\/a>Beloud<a href=\"https:\/\/beloud.com\/share?text=Jos%C3%A9+Pablo+L%C3%B3pez+mantiene+en+RTVE+a+los+productores+condenados+a+penas+de+c%C3%A1rcel+e+inhabilitaci%C3%B3n+y+les+da+otro+programa+%28que+hunde+el+prime+time%29&amp;url=https:\/\/www.eleconomista.es\/informalia\/television\/noticias\/13721408\/01\/26\/jose-pablo-lopez-mantiene-en-rtve-a-los-productores-condenados-a-penas-de-carcel-e-inhabilitacion-y-les-da-otro-programa-que-hunde-el-primer-time.html&amp;via=Informalia&amp;id=1648118839245_beloud\" target=\"_blank\" aria-label=\"Compartir en beloud\" rel=\"nofollow noopener\"><\/a>Bluesky<a href=\"https:\/\/bsky.app\/intent\/compose?text=https:\/\/bsky.app\/intent\/compose?text=https:\/\/www.eleconomista.es\/informalia\/television\/noticias\/13721408\/01\/26\/jose-pablo-lopez-mantiene-en-rtve-a-los-productores-condenados-a-penas-de-carcel-e-inhabilitacion-y-les-da-otro-programa-que-hunde-el-primer-time.html&amp;url=https:\/\/www.eleconomista.es\/informalia\/television\/noticias\/13721408\/01\/26\/jose-pablo-lopez-mantiene-en-rtve-a-los-productores-condenados-a-penas-de-carcel-e-inhabilitacion-y-les-da-otro-programa-que-hunde-el-primer-time.html&amp;via=elEconomistaes&amp;id=1648118839245_bluesky\" target=\"_blank\" aria-label=\"Compartir en bluesky\" rel=\"nofollow noopener\"><\/a><\/p>\n<p><script async src=\"https:\/\/platform.twitter.com\/widgets.js\" charset=\"utf-8\"><\/script><\/p>\n","protected":false},"excerpt":{"rendered":"El presidente de RTVE se regalaba a s\u00ed mismo el pasado D\u00eda de Reyes una felicitaci\u00f3n. Jos\u00e9 Pablo&hellip;\n","protected":false},"author":2,"featured_media":333507,"comment_status":"","ping_status":"","sticky":false,"template":"","format":"standard","meta":{"footnotes":""},"categories":[171],"tags":[146,147,25,24,23,807,214],"class_list":{"0":"post-333506","1":"post","2":"type-post","3":"status-publish","4":"format-standard","5":"has-post-thumbnail","7":"category-tv","8":"tag-entertainment","9":"tag-entretenimiento","10":"tag-es","11":"tag-espana","12":"tag-spain","13":"tag-television","14":"tag-tv"},"share_on_mastodon":{"url":"https:\/\/pubeurope.com\/@es\/115871735135162730","error":""},"_links":{"self":[{"href":"https:\/\/www.europesays.com\/es\/wp-json\/wp\/v2\/posts\/333506","targetHints":{"allow":["GET"]}}],"collection":[{"href":"https:\/\/www.europesays.com\/es\/wp-json\/wp\/v2\/posts"}],"about":[{"href":"https:\/\/www.europesays.com\/es\/wp-json\/wp\/v2\/types\/post"}],"author":[{"embeddable":true,"href":"https:\/\/www.europesays.com\/es\/wp-json\/wp\/v2\/users\/2"}],"replies":[{"embeddable":true,"href":"https:\/\/www.europesays.com\/es\/wp-json\/wp\/v2\/comments?post=333506"}],"version-history":[{"count":0,"href":"https:\/\/www.europesays.com\/es\/wp-json\/wp\/v2\/posts\/333506\/revisions"}],"wp:featuredmedia":[{"embeddable":true,"href":"https:\/\/www.europesays.com\/es\/wp-json\/wp\/v2\/media\/333507"}],"wp:attachment":[{"href":"https:\/\/www.europesays.com\/es\/wp-json\/wp\/v2\/media?parent=333506"}],"wp:term":[{"taxonomy":"category","embeddable":true,"href":"https:\/\/www.europesays.com\/es\/wp-json\/wp\/v2\/categories?post=333506"},{"taxonomy":"post_tag","embeddable":true,"href":"https:\/\/www.europesays.com\/es\/wp-json\/wp\/v2\/tags?post=333506"}],"curies":[{"name":"wp","href":"https:\/\/api.w.org\/{rel}","templated":true}]}}