{"id":333508,"date":"2026-01-10T16:26:12","date_gmt":"2026-01-10T16:26:12","guid":{"rendered":"https:\/\/www.europesays.com\/es\/333508\/"},"modified":"2026-01-10T16:26:12","modified_gmt":"2026-01-10T16:26:12","slug":"la-falta-de-grandes-estrenos-merma-publico-en-los-cines","status":"publish","type":"post","link":"https:\/\/www.europesays.com\/es\/333508\/","title":{"rendered":"La falta de grandes estrenos merma p\u00fablico en los cines"},"content":{"rendered":"<p>\u00abPor desgracia, 2025 fue peor que 2024\u00bb, afirma desde Cines Palencia Javier Margareto. Y es que el pasado a\u00f1o se contabilizaron 150.000 espectadores, un 5% menos que el anterior. \u00a0\u00abEs un poco la t\u00f3nica general en Espa\u00f1a y en Palencia, en Cuenca y en Albacete. En todos los sitios es m\u00e1s o menos igual\u00bb, subray\u00f3 al hacer balance para Diario Palentino. \u00a0Un resumen que incluye las pel\u00edculas m\u00e1s taquilleras, con Lilo y Stitch como la m\u00e1s vista, con 6.500 espectadores, seguida de Padre no hay m\u00e1s uno 5 (6.000) y Zootr\u00f3polis II (5.500) para completar el podio.\u00a0<\/p>\n<p>En su opini\u00f3n, la raz\u00f3n fundamental de este retroceso es la \u00abfalta de pel\u00edculas de gran impacto\u00bb en varios momentos del a\u00f1o, especialmente en meses clave en los que no hubo estrenos importantes que generaran la expectaci\u00f3n necesaria para atraer al p\u00fablico. A pesar de esta ca\u00edda, hay expectativas positivas para el 2026, un a\u00f1o que, seg\u00fan Margareto, ya ha comenzado de forma prometedora, con un aumento del 30% por encima de la asistencia del a\u00f1o anterior. Atribuye este repunte a la presencia de t\u00edtulos fuertes en la cartelera, como Zootr\u00f3polis II, Avatar, La Infiltrada y La Asistenta, que han captado masivamente al p\u00fablico en Navidades.<\/p>\n<p>Margareto es optimista respecto al presente a\u00f1o y espera que, con la llegada de grandes estrenos, la asistencia a las salas repunte significativamente. \u00abSe habla -subray\u00f3- \u00a0de conseguir cifras de 2019, que fue muy bueno. Yo, personalmente, no lo creo\u00bb. As\u00ed, llegar\u00e1n t\u00edtulos de \u00abgran peso\u00bb, entre los que mencion\u00f3 Super Mario Bros 2, \u00a0Toy Story 5, \u00a0Vaiana, \u00a0Torrente 6, que se anticipa como un gran \u00e9xito de taquilla, Minions 3, \u00a0Spider-Man: Brand New Day y Avengers: Doomsday. \u00a0Adem\u00e1s, destac\u00f3 Avatar: Fuego y Ceniza, que ha sido un \u00e9xito rotundo, y es que con solo once d\u00edas en cartelera fue la sexta pel\u00edcula m\u00e1s taquillera del pasado a\u00f1o.<\/p>\n<p>En cuanto a la competencia de las plataformas de streaming, Margareto admite que las series han tenido un impacto significativo en el p\u00fablico. Aunque \u00e9l mismo no es un usuario habitual de estas plataformas, reconoce que el consumo de series ha desviado la atenci\u00f3n de muchos hacia contenidos m\u00e1s largos y con un formato m\u00e1s flexible para ver en casa. Sin embargo, sostiene que cuando hay una buena pel\u00edcula, la gente vuelve al cine. \u00abLos \u00faltimos a\u00f1os han demostrado que, tras la pandemia, algunas pel\u00edculas se han convertido en los mayores \u00e9xitos de taquilla en la historia reciente de Espa\u00f1a\u00bb, coment\u00f3, para incidir a continuaci\u00f3n en que, en su caso, con respecto a cifras prepandemia, est\u00e1n \u00abun 25% por debajo\u00bb en el n\u00famero de espectadores.<\/p>\n<p>\u00abSomos un cine comercial y nos debemos a n\u00fameros. Las pel\u00edculas que m\u00e1s espectadores atraen son las que m\u00e1s se quedan en la cartelera, pero siempre intentamos que, cuando tenemos dudas de qu\u00e9 pel\u00edcula dejar, optamos por las buenas.\u00a0Y lo hacemos much\u00edsimo\u00bb, coment\u00f3 Margareto, que expuso el caso de Rondallas: \u00abes una pel\u00edcula estupenda que en cifras est\u00e1 normal y la semana que viene va con cuatro sesiones porque es una cinta que la gente tiene que ver\u00bb.<\/p>\n<p>En cuanto a la programaci\u00f3n, Margareto \u00a0resalt\u00f3 el \u00a0esfuerzo por ofrecer una gran variedad de cine europeo, y es que merced a iniciativas como el cine club Calle Mayor y la Muestra de Cine Internacional tiene una audiencia fiel. En cuanto a las estrategias de precios, \u00a0subray\u00f3 que se encuentran entre los m\u00e1s econ\u00f3micos de toda Espa\u00f1a. Este enfoque responde a una tradici\u00f3n familiar que comenz\u00f3 su padre y que busca hacer del cine una opci\u00f3n de ocio asequible para todos.<\/p>\n<p>En cuanto al perfil del espectador, Margareto comenta que el cine sigue siendo popular entre dos grupos demogr\u00e1ficos: familias y personas mayores, que son colectivos que predominan en peque\u00f1as ciudades como Palencia.<\/p>\n","protected":false},"excerpt":{"rendered":"\u00abPor desgracia, 2025 fue peor que 2024\u00bb, afirma desde Cines Palencia Javier Margareto. Y es que el pasado&hellip;\n","protected":false},"author":2,"featured_media":333509,"comment_status":"","ping_status":"","sticky":false,"template":"","format":"standard","meta":{"footnotes":""},"categories":[169],"tags":[2545,51328,177,1942,146,147,25,24,176,175,2951,6442,5695,23],"class_list":{"0":"post-333508","1":"post","2":"type-post","3":"status-publish","4":"format-standard","5":"has-post-thumbnail","7":"category-cine","8":"tag-albacete","9":"tag-calle-mayor","10":"tag-cine","11":"tag-cuenca","12":"tag-entertainment","13":"tag-entretenimiento","14":"tag-es","15":"tag-espana","16":"tag-film","17":"tag-movies","18":"tag-navidad","19":"tag-palencia","20":"tag-pandemia","21":"tag-spain"},"share_on_mastodon":{"url":"https:\/\/pubeurope.com\/@es\/115871743085082156","error":""},"_links":{"self":[{"href":"https:\/\/www.europesays.com\/es\/wp-json\/wp\/v2\/posts\/333508","targetHints":{"allow":["GET"]}}],"collection":[{"href":"https:\/\/www.europesays.com\/es\/wp-json\/wp\/v2\/posts"}],"about":[{"href":"https:\/\/www.europesays.com\/es\/wp-json\/wp\/v2\/types\/post"}],"author":[{"embeddable":true,"href":"https:\/\/www.europesays.com\/es\/wp-json\/wp\/v2\/users\/2"}],"replies":[{"embeddable":true,"href":"https:\/\/www.europesays.com\/es\/wp-json\/wp\/v2\/comments?post=333508"}],"version-history":[{"count":0,"href":"https:\/\/www.europesays.com\/es\/wp-json\/wp\/v2\/posts\/333508\/revisions"}],"wp:featuredmedia":[{"embeddable":true,"href":"https:\/\/www.europesays.com\/es\/wp-json\/wp\/v2\/media\/333509"}],"wp:attachment":[{"href":"https:\/\/www.europesays.com\/es\/wp-json\/wp\/v2\/media?parent=333508"}],"wp:term":[{"taxonomy":"category","embeddable":true,"href":"https:\/\/www.europesays.com\/es\/wp-json\/wp\/v2\/categories?post=333508"},{"taxonomy":"post_tag","embeddable":true,"href":"https:\/\/www.europesays.com\/es\/wp-json\/wp\/v2\/tags?post=333508"}],"curies":[{"name":"wp","href":"https:\/\/api.w.org\/{rel}","templated":true}]}}