{"id":333561,"date":"2026-01-10T17:07:07","date_gmt":"2026-01-10T17:07:07","guid":{"rendered":"https:\/\/www.europesays.com\/es\/333561\/"},"modified":"2026-01-10T17:07:07","modified_gmt":"2026-01-10T17:07:07","slug":"esta-nina-tiene-que-comer-2","status":"publish","type":"post","link":"https:\/\/www.europesays.com\/es\/333561\/","title":{"rendered":"\u00abEsta ni\u00f1a tiene que comer\u00bb"},"content":{"rendered":"<p style=\"\">La \u00faltima <a href=\"https:\/\/www.abc.es\/gente\/ana-obregon-debo-tener-iman-polemicas-buena-20251219125541-nt.html\" target=\"_self\" data-voc-vtm-id=\"in-text-traffic\" title=\"pol\u00e9mica de Ana Obreg\u00f3n\" data-mrf-link=\"www.abc.es\" rel=\"nofollow noopener\">pol\u00e9mica de Ana Obreg\u00f3n<\/a> llegaba esta semana cuando aparec\u00eda <strong>una sorprendente fotograf\u00eda creada con IA<\/strong> en la que aparec\u00eda su nieta abrazando a su padre fallecido para desatar un <strong>furibundo debate en redes sociales<\/strong> y ahora la presentadora ha querido  &#8230; salir al paso con unas no menos controvertidas declaraciones para admitir que <strong>lo hace por dinero<\/strong>. \u00abEsta ni\u00f1a tiene que comer\u00bb, ha sido su justificaci\u00f3n.<\/p>\n<p class=\"voc-p\" style=\"\">Todo es sorprendente en la vida de <a href=\"https:\/\/www.abc.es\/gente\/ana-obregon-nerviosa-desmarca-epstein-asqueada-20251222123718-vi.html\" target=\"_self\" data-voc-vtm-id=\"in-text-traffic\" title=\"Ana Obreg\u00f3n\" data-mrf-link=\"www.abc.es\" rel=\"nofollow noopener\">Ana Obreg\u00f3n<\/a>, de 70 a\u00f1os, quien ha decidido sentarse en el plat\u00f3 de &#8216;\u00a1De viernes!&#8217; para justificar la constante exposici\u00f3n de su nieta ante los medios y la controversia surgida a ra\u00edz de la fotograf\u00eda generada por IA que <strong>luego borr\u00f3 tras el barullo que se origin\u00f3<\/strong>. \u00abQu\u00e9 bonito esto, <strong>ojal\u00e1 pudiera hacerse realidad<\/strong>, gracias por los v\u00eddeos que me envi\u00e1is\u00bb, escrib\u00eda junto a la pol\u00e9mica imagen acompa\u00f1ado bajo los acordes del &#8216;Sentimental Walk&#8217; de Ennio Morricone.<\/p>\n<p class=\"voc-p\" style=\"\">Seg\u00fan la abuela, muchas creadoras de contenido muestran a sus beb\u00e9s en redes, toda una moda, y no entiende por qu\u00e9 ella no habr\u00eda de hacerlo. \u00ab<strong>Las influencers sacan a sus hijas, todo el mundo saca a sus hijos<\/strong>\u00bb, ha argumentado en \u2039\u00a1De viernes!\u203a, cansada de las numerosas cr\u00edticas recibida cada vez que decide posar, y no son pocas veces, junto a su nieta en una portada o para su perfil oficial de Instagram.<\/p>\n<p>\n\u00abYo no tengo a nadie\u00bb\n<\/p>\n<p class=\"voc-p\" style=\"\"><a href=\"https:\/\/www.abc.es\/gente\/ana-obregon-rememora-tiempo-jeffrey-epstein-cogi-20251216182815-nt.html\" target=\"_self\" data-voc-vtm-id=\"in-text-traffic\" title=\"Ana Obreg\u00f3n\" data-mrf-link=\"www.abc.es\" rel=\"nofollow noopener\">Ana Obreg\u00f3n<\/a> ha justificado sin medias tintas por qu\u00e9 lo hace. Es por dinero, simple y llanamente. \u00ab\u00bfPor qu\u00e9 las sesiones de fotos? Pues te voy a decir la verdad: porque es un dinero y <strong>esta ni\u00f1a tiene que comer y yo no tengo a nadie<\/strong>, m\u00e1s que trabajar. Y para trabajar tengo que dejar de estar con Anita y quiero trabajar menos que lo que hice con mi hijo, que es de lo \u00fanico que me arrepiento en mi vida\u00bb, ha explicado ante las c\u00e1maras con toda crudeza.<\/p>\n<p class=\"voc-title\">\u00ab\u00bfPor qu\u00e9 las sesiones de fotos? Pues te voy a decir la verdad: porque es un dinero y esta ni\u00f1a tiene que comer y yo no tengo a nadie, m\u00e1s que trabajar\u00bb<\/p>\n<p class=\"voc-p\" style=\"\">Naturalmente, los colaboradores del programa se han quedado <strong>con la boca de abierta<\/strong> al escuchar el argumento de la abuela. Al ver sus caras, Ana Obreg\u00f3n ha matizado: \u00abLlevo 44 a\u00f1os trabajando sin parar, que es mucho, pero he tenido muchos gastos. Much\u00edsimos. <strong>Gastos como cuando me persegu\u00eda ETA para secuestrarme<\/strong>. Me gast\u00e9 un dineral en guardaespaldas. Me he gastado un dineral tambi\u00e9n con la enfermedad de mi hijo. Cuando he ganado m\u00e1s dinero, he donado para la fundaci\u00f3n de mi hijo\u00bb.<\/p>\n<p>\nNo quiere ser como Georgina y Cristiano Ronaldo\n<\/p>\n<p class=\"voc-p\" style=\"\">Ana Obreg\u00f3n ha insistido en que est\u00e1 \u00abrechazando muchos trabajos\u00bb porque \u00abesta ni\u00f1a depende de m\u00ed\u00bb. \u00abYo las cosas no las hago a lo loco. Soy consciente de la edad que tengo y de que no voy a estar ah\u00ed siempre, y <strong>yo le quiero dejar a Anita un legado econ\u00f3mico<\/strong>\u00bb, ha apuntado.<\/p>\n<p class=\"voc-title\">\u00abYo las cosas no las hago a lo loco. Soy consciente de la edad que tengo y de que no voy a estar ah\u00ed siempre\u00bb<\/p>\n<p class=\"voc-p\" style=\"\">Lo que es seguro es que las cr\u00edticas no van a propiciar un cambio en su forma de actuar con la peque\u00f1a. \u00abMe la suda\u00bb, ha adelantado. \u00abSi te miras las redes sociales de todo el mundo, tambi\u00e9n hay sobreexposici\u00f3n de todos sus hijos. Yo respeto a quien lo haga y quien no lo haga. Mira Georgina y Cristiano Ronaldo, <strong>yo jam\u00e1s sacar\u00eda a mi hija en un documental<\/strong>\u00bb, ha argumentado.<\/p>\n<p class=\"voc-p\" style=\"\">Eso s\u00ed, <a href=\"https:\/\/www.abc.es\/gente\/ana-obregon-responde-tajante-alessandro-lecquio-tras-20250327084325-nt.html\" target=\"_self\" data-voc-vtm-id=\"in-text-traffic\" title=\"Ana Obreg\u00f3n\" data-mrf-link=\"www.abc.es\" rel=\"nofollow noopener\">Ana Obreg\u00f3n<\/a> ha avanzado que ya ha tomado una decisi\u00f3n que, seg\u00fan advierte, no tendr\u00e1 marcha atr\u00e1s: este a\u00f1o no piensa hacer m\u00e1s exclusivas con Anita. O eso dice. \u00abMe he dado cuenta. Las influencers tienen un trabajo, pero no es mi trabajo, yo no soy influencer. Pero, s\u00ed, s\u00ed, puede ser excesivo, s\u00ed, ten\u00e9is raz\u00f3n. <strong>Era un exceso de compartir un poquito de felicidad<\/strong>. Por eso ya lo he dicho: no hay m\u00e1s fotos de Anita en ninguna revista. Siempre he dicho que en el a\u00f1o 2026 ya no hay m\u00e1s fotos y esta es del 2025, he cumplido\u00bb. \u00bfY las redes sociales? \u00abTampoco\u00bb. Aunque con matices: \u00ab<strong>La compartir\u00e9 de espaldas<\/strong>, pero no quiero que se vea su cara\u00bb. Y ha recordado: \u00abYo soy due\u00f1a y tengo el derecho hacer con mi hija, con mi nieta, lo que me salga\u00bb.<\/p>\n","protected":false},"excerpt":{"rendered":"La \u00faltima pol\u00e9mica de Ana Obreg\u00f3n llegaba esta semana cuando aparec\u00eda una sorprendente fotograf\u00eda creada con IA en&hellip;\n","protected":false},"author":2,"featured_media":333562,"comment_status":"","ping_status":"","sticky":false,"template":"","format":"standard","meta":{"footnotes":""},"categories":[174],"tags":[6818,683,255,13501,534,146,147,25,24,256,43395,1388,11898,12850,23],"class_list":{"0":"post-333561","1":"post","2":"type-post","3":"status-publish","4":"format-standard","5":"has-post-thumbnail","7":"category-famosos","8":"tag-admite","9":"tag-ana","10":"tag-celebrities","11":"tag-comer","12":"tag-dinero","13":"tag-entertainment","14":"tag-entretenimiento","15":"tag-es","16":"tag-espana","17":"tag-famosos","18":"tag-nieta","19":"tag-nina","20":"tag-obregon","21":"tag-saca","22":"tag-spain"},"share_on_mastodon":{"url":"https:\/\/pubeurope.com\/@es\/115871904048442397","error":""},"_links":{"self":[{"href":"https:\/\/www.europesays.com\/es\/wp-json\/wp\/v2\/posts\/333561","targetHints":{"allow":["GET"]}}],"collection":[{"href":"https:\/\/www.europesays.com\/es\/wp-json\/wp\/v2\/posts"}],"about":[{"href":"https:\/\/www.europesays.com\/es\/wp-json\/wp\/v2\/types\/post"}],"author":[{"embeddable":true,"href":"https:\/\/www.europesays.com\/es\/wp-json\/wp\/v2\/users\/2"}],"replies":[{"embeddable":true,"href":"https:\/\/www.europesays.com\/es\/wp-json\/wp\/v2\/comments?post=333561"}],"version-history":[{"count":0,"href":"https:\/\/www.europesays.com\/es\/wp-json\/wp\/v2\/posts\/333561\/revisions"}],"wp:featuredmedia":[{"embeddable":true,"href":"https:\/\/www.europesays.com\/es\/wp-json\/wp\/v2\/media\/333562"}],"wp:attachment":[{"href":"https:\/\/www.europesays.com\/es\/wp-json\/wp\/v2\/media?parent=333561"}],"wp:term":[{"taxonomy":"category","embeddable":true,"href":"https:\/\/www.europesays.com\/es\/wp-json\/wp\/v2\/categories?post=333561"},{"taxonomy":"post_tag","embeddable":true,"href":"https:\/\/www.europesays.com\/es\/wp-json\/wp\/v2\/tags?post=333561"}],"curies":[{"name":"wp","href":"https:\/\/api.w.org\/{rel}","templated":true}]}}