{"id":333588,"date":"2026-01-10T17:29:08","date_gmt":"2026-01-10T17:29:08","guid":{"rendered":"https:\/\/www.europesays.com\/es\/333588\/"},"modified":"2026-01-10T17:29:08","modified_gmt":"2026-01-10T17:29:08","slug":"mbappe-seria-un-error-centrarse-en-uno-solo-para-ganar-tenemos-que-jugar-como-un-equipo","status":"publish","type":"post","link":"https:\/\/www.europesays.com\/es\/333588\/","title":{"rendered":"\u00bfMbapp\u00e9? Ser\u00eda un error centrarse en uno solo, para ganar tenemos que jugar como un equipo"},"content":{"rendered":"<p data-mrf-recirculation=\"Links P\u00e1rrafos\" class=\"ue-c-article__paragraph paragraph xai-icon-container ue-c-article--first-letter-highlighted\">e<strong>ric Garc\u00eda <\/strong>puso voz al vestuario del <strong>Barcelona <\/strong>antes de la final frente al <strong>Real Madrid<\/strong>.<\/p>\n<p data-mrf-recirculation=\"Links P\u00e1rrafos\" class=\"ue-c-article__paragraph paragraph xai-icon-container\"><strong>Sensaciones<\/strong>. \u00abMuchas ganas de empezar el a\u00f1o con un t\u00edtulo. Ser\u00eda muy bueno y el equipo est\u00e1 motivado\u00bb.<\/p>\n<p data-mrf-recirculation=\"Links P\u00e1rrafos\" class=\"ue-c-article__paragraph paragraph xai-icon-container\"><strong>\u00daltimas horas<\/strong>. \u00abUn Bar\u00e7a-Madrid siempre es especial y una oportunidad. El partido de Liga fue duro para nosotros. Ma\u00f1ana tenemos la oportunidad de darle la vuelta y ganar un t\u00edtulo\u201d.<\/p>\n<p data-mrf-recirculation=\"Links P\u00e1rrafos\" class=\"ue-c-article__paragraph paragraph xai-icon-container\"><strong>Momento personal, jugar\u00e1 en el centro<\/strong>. \u00abNo tengo ninguna pista y no la dar\u00eda. Jugar en varias posiciones es positivo y el mister lo valora. Ma\u00f1ana a ver d\u00f3nde me toca\u00bb.<\/p>\n<p data-mrf-recirculation=\"Links P\u00e1rrafos\" class=\"ue-c-article__paragraph paragraph xai-icon-container\"><strong>Diferencias del equipo respecto al Cl\u00e1sico<\/strong>. \u00abSiempre dije que ten\u00edamos bajas. No es una excusa, pero hemos recuperado a gente y nuestra identidad y estamos en buen momento. Ante el Espanyol nos salv\u00f3 Joan, pero estamos en buen momento y nos da mucha confianza\u201d.<\/p>\n<p data-mrf-recirculation=\"Links P\u00e1rrafos\" class=\"ue-c-article__paragraph paragraph xai-icon-container\"><strong>Revancha y Mundial<\/strong>. \u00abPerder el Cl\u00e1sico como se dio nos doli\u00f3. Ma\u00f1ana es una final y una motivaci\u00f3n que sea contra el Madrid. Yo intento dar el m\u00e1ximo, ir al Mundial no depende de m\u00ed, si tiene que llegar llegar\u00e1\u00bb.<\/p>\n<p data-mrf-recirculation=\"Links P\u00e1rrafos\" class=\"ue-c-article__paragraph paragraph xai-icon-container\"><strong>Punto de inflexi\u00f3n<\/strong>. \u00abEntramos en un enero complicado, con muchos partidos y tres competiciones y este t\u00edtulo dar\u00eda aire y m\u00e1s confianza. Somos j\u00f3venes y el t\u00edtulo nos dar\u00eda confianza\u00bb.<\/p>\n<p data-mrf-recirculation=\"Links P\u00e1rrafos\" class=\"ue-c-article__paragraph paragraph xai-icon-container\"><strong>Familia en Arabia<\/strong>. \u00abLa mayor\u00eda tenemos a nuestros padres aqu\u00ed, es importante tener a la familia cerca. Ojal\u00e1 ma\u00f1ana celebremos un t\u00edtulo juntos\u00bb.<\/p>\n<p data-mrf-recirculation=\"Links P\u00e1rrafos\" class=\"ue-c-article__paragraph paragraph xai-icon-container\"><strong>Semifinal y Mbapp\u00e9<\/strong>. \u00abFue un partido igualado y la calidad del Madrid se puso por encima. Mbapp\u00e9 es un gran jugador pero si mejoramos lo que ya hicimos bien en El Cl\u00e1sico, sacaremos un resultado bueno\u00bb.<\/p>\n<p data-mrf-recirculation=\"Links P\u00e1rrafos\" class=\"ue-c-article__paragraph paragraph xai-icon-container\"><strong>Mediocentro o central<\/strong>. \u00ab\u00bfPuedo decir lateral? Empec\u00e9 de central, con Michel de lateral y ahora vuelvo al medio, pero dir\u00eda central\u00bb.<\/p>\n<p data-mrf-recirculation=\"Links P\u00e1rrafos\" class=\"ue-c-article__paragraph paragraph xai-icon-container\"><strong>Presi\u00f3n de jugar en el Barcelona<\/strong>. \u00abAl final hay que evadirse de todo y tener estabilidad, todo se magnifica para lo bueno y lo malo. Me ayud\u00f3 la cesi\u00f3n al Girona, tuve minutos y ahora puedo jugar aqu\u00ed\u00bb.<\/p>\n<p data-mrf-recirculation=\"Links P\u00e1rrafos\" class=\"ue-c-article__paragraph paragraph xai-icon-container\"><strong>Plan antiMbapp\u00e9 y mensaje Laporta<\/strong>. \u00abMarcaje individual no, ser\u00eda un error centrarse en un jugador solo, hay jugadores de mucho nivel. Lo importante es enfocarlo como equipo. El presidente, que tenemos que ganar\u00bb.<\/p>\n<p data-mrf-recirculation=\"Links P\u00e1rrafos\" class=\"ue-c-article__paragraph paragraph xai-icon-container\"><strong>Crecimiento personal y Flick<\/strong>. \u00abEs el entrenador y el que me ha dado la confianza y con mi trabajo he tratado de aprovechar las oportuinidades. A\u00fan puedo seguir mejorando y es lo importante\u00bb.<\/p>\n<p data-mrf-recirculation=\"Links P\u00e1rrafos\" class=\"ue-c-article__paragraph paragraph xai-icon-container\"><strong>Consejos con Gerard Mart\u00edn<\/strong>. \u00abCon \u00e9l y con todos. Hay momentos que \u00e9ramos cuatro defensas en la convocatoria. Es importante ayudarnos dentro del campo. Lamine est\u00e1 muy bien. Motivado para ma\u00f1ana que es un partido grande\u00bb.<\/p>\n<p data-mrf-recirculation=\"Links P\u00e1rrafos\" class=\"ue-c-article__paragraph paragraph xai-icon-container\"><strong>Polivalencia y Lamine<\/strong>. \u00abES importante jugar en varias posiciones. Y Lamine muy bien\u00bb.<\/p>\n<p data-mrf-recirculation=\"Links P\u00e1rrafos\" class=\"ue-c-article__paragraph paragraph xai-icon-container\"><strong>Barcelona, favorito<\/strong>. \u00abAl final tenemos confianza en nosotros mismos, el \u00faltimo Cl\u00e1sico lo ganaron y nos doli\u00f3, as\u00ed que m\u00e1s all\u00e1 de favoritos o no, si hacemos las cosas bien podremos ganar aunque el Madrid sea un gran equipo\u00bb.<\/p>\n<p data-mrf-recirculation=\"Links P\u00e1rrafos\" class=\"ue-c-article__paragraph paragraph xai-icon-container\"><strong>Lamine al 100%.<\/strong> \u00abEs diferencial para nosotros, se ha visto, es un partido grande, se vio en las eliminatorias de Champions y que est\u00e9 recuperado es muy importante\u00bb.<\/p>\n<p data-mrf-recirculation=\"Links P\u00e1rrafos\" class=\"ue-c-article__paragraph paragraph xai-icon-container\"><strong>Mbapp\u00e9, mejor que juegue o no<\/strong>. \u00abEn el Madrid todos son buenos, Mbapp\u00e9 es diferencial, pero juegue o no, no lo cambiar\u00e1. Si est\u00e1 disponible, mejor para todos\u00bb.<\/p>\n<p data-mrf-recirculation=\"Links P\u00e1rrafos\" class=\"ue-c-article__paragraph paragraph xai-icon-container\"><strong>Afici\u00f3n local<\/strong>. \u00abAnte el Athletic nos apoyaron y esperemos poder darles una victoria\u00bb.<\/p>\n","protected":false},"excerpt":{"rendered":"eric Garc\u00eda puso voz al vestuario del Barcelona antes de la final frente al Real Madrid. Sensaciones. \u00abMuchas&hellip;\n","protected":false},"author":2,"featured_media":333589,"comment_status":"","ping_status":"","sticky":false,"template":"","format":"standard","meta":{"footnotes":""},"categories":[268],"tags":[168,25,24,280,282,281,23,167],"class_list":{"0":"post-333588","1":"post","2":"type-post","3":"status-publish","4":"format-standard","5":"has-post-thumbnail","7":"category-futbol","8":"tag-deportes","9":"tag-es","10":"tag-espana","11":"tag-football","12":"tag-futbol","13":"tag-soccer","14":"tag-spain","15":"tag-sports"},"share_on_mastodon":{"url":"https:\/\/pubeurope.com\/@es\/115871990743434127","error":""},"_links":{"self":[{"href":"https:\/\/www.europesays.com\/es\/wp-json\/wp\/v2\/posts\/333588","targetHints":{"allow":["GET"]}}],"collection":[{"href":"https:\/\/www.europesays.com\/es\/wp-json\/wp\/v2\/posts"}],"about":[{"href":"https:\/\/www.europesays.com\/es\/wp-json\/wp\/v2\/types\/post"}],"author":[{"embeddable":true,"href":"https:\/\/www.europesays.com\/es\/wp-json\/wp\/v2\/users\/2"}],"replies":[{"embeddable":true,"href":"https:\/\/www.europesays.com\/es\/wp-json\/wp\/v2\/comments?post=333588"}],"version-history":[{"count":0,"href":"https:\/\/www.europesays.com\/es\/wp-json\/wp\/v2\/posts\/333588\/revisions"}],"wp:featuredmedia":[{"embeddable":true,"href":"https:\/\/www.europesays.com\/es\/wp-json\/wp\/v2\/media\/333589"}],"wp:attachment":[{"href":"https:\/\/www.europesays.com\/es\/wp-json\/wp\/v2\/media?parent=333588"}],"wp:term":[{"taxonomy":"category","embeddable":true,"href":"https:\/\/www.europesays.com\/es\/wp-json\/wp\/v2\/categories?post=333588"},{"taxonomy":"post_tag","embeddable":true,"href":"https:\/\/www.europesays.com\/es\/wp-json\/wp\/v2\/tags?post=333588"}],"curies":[{"name":"wp","href":"https:\/\/api.w.org\/{rel}","templated":true}]}}