{"id":333612,"date":"2026-01-10T17:53:07","date_gmt":"2026-01-10T17:53:07","guid":{"rendered":"https:\/\/www.europesays.com\/es\/333612\/"},"modified":"2026-01-10T17:53:07","modified_gmt":"2026-01-10T17:53:07","slug":"cambio-de-ultima-hora-en-el-equipo-arbitral-de-la-final","status":"publish","type":"post","link":"https:\/\/www.europesays.com\/es\/333612\/","title":{"rendered":"Cambio de \u00faltima hora en el equipo arbitral de la final"},"content":{"rendered":"<p data-gtm-element-container=\"modulo-texto-link\" class=\"paragraph\">La <strong>Real Federaci\u00f3n Espa\u00f1ola<\/strong> <strong>de F\u00fatbol<\/strong> ha anunciado un cambio de \u00faltima hora en el equipo arbitral que dirigir\u00e1 la final de la Supercopa, entre el <strong>Barcelona <\/strong>y el <strong>Real Madrid<\/strong>. El colegiado principal ser\u00e1 <strong>Jos\u00e9 Luis Munuera Montero<\/strong>. El cambio se ha producido en la elecci\u00f3n del cuarto \u00e1rbitro.<\/p>\n<p data-gtm-element-container=\"modulo-texto-link\" class=\"paragraph\">En un primer momento, el elegido para situarse entre las \u00e1reas t\u00e9cnicas de los entrenadores hab\u00eda sido <strong>Adri\u00e1n Cordero Vega<\/strong>. Sin embargo, una lesi\u00f3n impedir\u00e1 que el \u00e1rbitro est\u00e9 tras la l\u00ednea de cal. Su puesto lo ocupar\u00e1 <strong>Alejandro Quintero Vega<\/strong>, que ya actu\u00f3 como cuarto \u00e1rbitro en el Barcelona-Athletic de semifinales y estuvo como asistente de VAR la otra &#8216;semi&#8217;.<\/p>\n<p data-gtm-element-container=\"modulo-texto-link\" class=\"paragraph\">Munuera Montero estar\u00e1 acompa\u00f1ado de <strong>I\u00f1igo Prieto<\/strong> y <strong>Antonio Mart\u00ednez<\/strong> como asistentes. El quinto \u00e1rbitro ser\u00e1 <strong>Adri\u00e1n D\u00edaz<\/strong>. En el VAR estar\u00e1 <strong>Daniel Trujillo Su\u00e1rez<\/strong>, junto a <strong>David G\u00e1lvez Rasc\u00f3n<\/strong> y <strong>V\u00edctor Garcia Verdura<\/strong>, que dirigi\u00f3 el derbi entre el Espanyol y el Barcelona.<\/p>\n<p>    Lee tambi\u00e9n<\/p>\n<p data-gtm-element-container=\"modulo-texto-link\" class=\"paragraph\">El Barcelona es el conjunto que m\u00e1s veces ha arbitrado <strong>Munuera Montero<\/strong>. De un total de 28, el <strong>Bar\u00e7a <\/strong>ha ganado 18, ha empatado 4 y ha perdido 6. En cuanto al <strong>Real Madrid<\/strong>, el balance en 22 encuentros es de 16 triunfos, 2 empates y 2 derrotas. El porcentaje de victorias es 16 puntos superior para los blancos.<\/p>\n","protected":false},"excerpt":{"rendered":"La Real Federaci\u00f3n Espa\u00f1ola de F\u00fatbol ha anunciado un cambio de \u00faltima hora en el equipo arbitral que&hellip;\n","protected":false},"author":2,"featured_media":333613,"comment_status":"","ping_status":"","sticky":false,"template":"","format":"standard","meta":{"footnotes":""},"categories":[268],"tags":[168,25,24,280,282,281,23,167],"class_list":{"0":"post-333612","1":"post","2":"type-post","3":"status-publish","4":"format-standard","5":"has-post-thumbnail","7":"category-futbol","8":"tag-deportes","9":"tag-es","10":"tag-espana","11":"tag-football","12":"tag-futbol","13":"tag-soccer","14":"tag-spain","15":"tag-sports"},"share_on_mastodon":{"url":"https:\/\/pubeurope.com\/@es\/115872085094967929","error":""},"_links":{"self":[{"href":"https:\/\/www.europesays.com\/es\/wp-json\/wp\/v2\/posts\/333612","targetHints":{"allow":["GET"]}}],"collection":[{"href":"https:\/\/www.europesays.com\/es\/wp-json\/wp\/v2\/posts"}],"about":[{"href":"https:\/\/www.europesays.com\/es\/wp-json\/wp\/v2\/types\/post"}],"author":[{"embeddable":true,"href":"https:\/\/www.europesays.com\/es\/wp-json\/wp\/v2\/users\/2"}],"replies":[{"embeddable":true,"href":"https:\/\/www.europesays.com\/es\/wp-json\/wp\/v2\/comments?post=333612"}],"version-history":[{"count":0,"href":"https:\/\/www.europesays.com\/es\/wp-json\/wp\/v2\/posts\/333612\/revisions"}],"wp:featuredmedia":[{"embeddable":true,"href":"https:\/\/www.europesays.com\/es\/wp-json\/wp\/v2\/media\/333613"}],"wp:attachment":[{"href":"https:\/\/www.europesays.com\/es\/wp-json\/wp\/v2\/media?parent=333612"}],"wp:term":[{"taxonomy":"category","embeddable":true,"href":"https:\/\/www.europesays.com\/es\/wp-json\/wp\/v2\/categories?post=333612"},{"taxonomy":"post_tag","embeddable":true,"href":"https:\/\/www.europesays.com\/es\/wp-json\/wp\/v2\/tags?post=333612"}],"curies":[{"name":"wp","href":"https:\/\/api.w.org\/{rel}","templated":true}]}}