{"id":333624,"date":"2026-01-10T18:01:08","date_gmt":"2026-01-10T18:01:08","guid":{"rendered":"https:\/\/www.europesays.com\/es\/333624\/"},"modified":"2026-01-10T18:01:08","modified_gmt":"2026-01-10T18:01:08","slug":"las-propiedades-antiinflamatorias-de-la-uchuva-abre-la-puerta-al-desarrollo-de-complementos-nutricionales-para-combatir-enfermedades-como-crohn-y-colitis-ulcerosa","status":"publish","type":"post","link":"https:\/\/www.europesays.com\/es\/333624\/","title":{"rendered":"Las propiedades antiinflamatorias de la uchuva abre la puerta al desarrollo de complementos nutricionales para combatir enfermedades como Crohn y colitis ulcerosa"},"content":{"rendered":"<p style=\"font-size:20px\">Un equipo del Laboratorio de Micronutrientes del Instituto de Nutrici\u00f3n y Tecnolog\u00eda de los Alimentos (INTA) de la Universidad de Chile comprob\u00f3 que un extracto de Physalis peruviana (golden berry o uchuva) sometido a digesti\u00f3n simulada, reduce significativamente marcadores de inflamaci\u00f3n intestinal en modelos celulares. Los hallazgos abren nuevas posibilidades para el desarrollo de alimentos funcionales con propiedades antiinflamatorias<\/p>\n<p><a href=\"https:\/\/www.europesays.com\/es\/wp-content\/uploads\/2026\/01\/Physalis-peruviana-uchile.jpg\"><img fetchpriority=\"high\" decoding=\"async\" width=\"1024\" height=\"683\" src=\"https:\/\/www.europesays.com\/es\/wp-content\/uploads\/2026\/01\/Physalis-peruviana-uchile.jpg\" alt=\"\" class=\"wp-image-244490\"  \/><\/a><\/p>\n<p><strong>La\u00a0Physalis peruviana, conocida en Chile como \u201cgolden berry\u201d o uchuva<\/strong>, es una fruta nativa de los Andes latinoamericanos que ha captado la atenci\u00f3n de la comunidad cient\u00edfica en reiteradas ocasiones.\u00a0<strong>Rica en antioxidantes, vitaminas y minerales, destaca por sus propiedades antiinflamatorias y su distintivo sabor agridulce.<\/strong><\/p>\n<p>Precisamente estas propiedades antiinflamatorias fueron las que motivaron a un equipo de investigadores del\u00a0<strong><a href=\"https:\/\/listas.uchile.cl\/lists\/lt.php?tid=KUVYDwcDVw9WVh4MCVVdSAMJWQIeUAMEABhSVlZVB1gCD1sMBw5KCQJQUQpZV1NIBlsDBB4GXwdWGAlQA1dJClIKDgsDVgYMAwdQRA8FAFIPCFhUHlNVAAAYBFcCAUlYUFsNFQYEDgkFUgZaAQBSVQ\" target=\"_blank\" rel=\"noreferrer noopener nofollow\">Instituto de Nutrici\u00f3n y Tecnolog\u00eda de los Alimentos (INTA)<\/a>\u00a0de la Universidad de Chile a explorar su potencial en el tratamiento de enfermedades inflamatorias intestinales (EII)<\/strong>\u00a0\u2014entre ellas la enfermedad de Crohn y la colitis ulcerosa\u2014 las cuales est\u00e1n caracterizadas por provocar\u00a0<strong>episodios cr\u00f3nicos e impredecibles de inflamaci\u00f3n en el intestino<\/strong>, con s\u00edntomas como diarrea, sangrado rectal y p\u00e9rdida de peso que afectan significativamente la calidad de vida de quienes las padecen.<\/p>\n<p>El estudio, publicado en la revista cient\u00edfica\u00a0Journal of the American Nutrition Association\u00a0bajo el t\u00edtulo\u00a0<strong>\u201c<\/strong><strong>Efectos de un extracto de Physalis peruviana Linnaeus sobre la expresi\u00f3n de marcadores inflamatorios en la l\u00ednea celular similar al epitelio intestinal Caco-2\u201d<\/strong>, fue liderado por la estudiante de doctorado\u00a0<strong>Daniela Moya junto a Karen Miranda y Mat\u00edas Rivera<\/strong>, bajo la direcci\u00f3n del\u00a0<strong>Dr. Miguel Arredondo, director del\u00a0<a href=\"https:\/\/listas.uchile.cl\/lists\/lt.php?tid=KUVbWVAAUA4HVR4JAQhcSAMLWFYeUAQEUBhUBgxQVQ8HAQgIA1RKCQJQUQpZV1NIBlsDBB4GXwdWGAlQA1dJClIKDgsDVgYMAwdQRA8FAFIPCFhUHlNVAAAYBFcCAUlYUFsNFQYEDgkFUgZaAQBSVQ\" target=\"_blank\" rel=\"noreferrer noopener nofollow\">Laboratorio de Micronutrientes<\/a>\u00a0de la Universidad de Chile.<\/strong><\/p>\n<p>Una digesti\u00f3n artificial para entender el efecto real del fruto<\/p>\n<p>Si bien ya existen f\u00e1rmacos tradicionales \u2014como corticosteroides e inmunosupresores\u2014 que ayudan con la sintomatolog\u00eda de las EII,\u00a0<strong>estos pueden presentar efectos adversos que comprometen la calidad de vida, lo que impulsa la b\u00fasqueda de alternativas complementarias desde la alimentaci\u00f3n.<\/strong><\/p>\n<p>\u201cEl tratamiento de origen farmacol\u00f3gico deteriora de manera importante la calidad de vida de estos pacientes. Claramente,\u00a0<strong>el consumo de este fruto no constituye una cura, debe ser pensado como una terapia complementaria para tratar de disminuir la sintomatolog\u00eda y la progresi\u00f3n de la enfermedad\u201d<\/strong>, explica la nutricionista investigadora Daniela Moya.<\/p>\n<p>Parte novedosa de este estudio es su enfoque, ya que en lugar de trabajar solo con los compuestos aislados del fruto, el equipo prepar\u00f3 un\u00a0<strong>extracto obtenido mediante una digesti\u00f3n in vitro con el fin de aproximarse a lo que ocurrir\u00eda tras el consumo real del fruto<\/strong>.<\/p>\n<p><a href=\"https:\/\/novaciencia.es\/wp-content\/uploads\/2013\/04\/INTA-uchle-investigadores-efecto-antiinflamatorio-Golden-berry-o-uchuva-Physalis-peruviana.webp\" rel=\"nofollow noopener\" target=\"_blank\"><img loading=\"lazy\" decoding=\"async\" width=\"850\" height=\"457\" src=\"https:\/\/novaciencia.es\/wp-content\/uploads\/2013\/04\/INTA-uchle-investigadores-efecto-antiinflamatorio-Golden-berry-o-uchuva-Physalis-peruviana.webp\" alt=\"\" class=\"wp-image-244491\"  \/><\/a><\/p>\n<p>\u201cHicimos\u00a0<strong>una digesti\u00f3n artificial en el laboratorio con tres etapas: oral, g\u00e1strica e intestinal. Usamos 50 gramos de pulpa de uchuva<\/strong>\u00a0que fuimos mezclando con enzimas y soluciones digestivas a 37 \u00b0C, equivalente a la temperatura corporal. La\u00a0<strong>fase oral se extendi\u00f3 por 2 minutos, mientras que las fases g\u00e1strica e intestinal tuvieron una duraci\u00f3n de dos horas<\/strong>\u00a0cada una,\u00a0<strong>simulando los tiempos digestivos reales\u201d<\/strong>, a\u00f1ade.<\/p>\n<p>Sobre la elecci\u00f3n metodol\u00f3gica, el Dr. Arredondo a\u00f1ade:\u00a0<strong>\u201cEste modelo nos permite simular la digesti\u00f3n de un ser humano, pero en el mes\u00f3n ver c\u00f3mo se degrada el fruto y libera sus compuestos activos\u201d<\/strong>.<\/p>\n<p>Una vez obtenido el extracto digerido,\u00a0<strong>el equipo lo aplic\u00f3 sobre monocapas de c\u00e9lulas Caco-2, un modelo celular ampliamente utilizado en investigaci\u00f3n intestinal.<\/strong>\u00a0\u201cSon\u00a0<strong>c\u00e9lulas originalmente de c\u00e1ncer de colon<\/strong>\u00a0que se diferencian a enterocitos, adoptando todas las caracter\u00edsticas de las c\u00e9lulas epiteliales del intestino, por lo que resultan ideales como modelo de barrera intestinal\u201d, explica el acad\u00e9mico.<\/p>\n<p>Efectos antiinflamatorios y su potencial<\/p>\n<p>El estudio\u00a0<strong>confirma que la fruta digerida tiene efectos antiinflamatorios, espec\u00edficamente, logr\u00f3 reducir los niveles de tres marcadores de inflamaci\u00f3n:<\/strong>\u00a0las citoquinas IL-8 e IL-18, y la prote\u00edna quimioatrayente de monocitos (c\u00e9lulas del sistema inmune).<\/p>\n<p>Aunque otras mol\u00e9culas inflamatorias como el TNF-\u03b1 y la IL-6 no mostraron cambios, los investigadores\u00a0<strong>consideran positivo haber obtenido resultados en varias de ellas.<\/strong>\u00a0\u201cClaramente, tiene propiedades antiinflamatorias, dadas por sus compuestos bioactivos. Si bien la literatura nombraba la presencia de algunos de estos compuestos,\u00a0<strong>la aparici\u00f3n de otro tipo de compuestos bioactivos abre nuevas posibilidades de estudio con respecto a las propiedades de este fruto\u201d<\/strong>, afirma el Dr. Arredondo.<\/p>\n<p><strong>\u201cCon la b\u00fasqueda de evidencia s\u00f3lida, podremos dar herramientas para tener una mejor nutrici\u00f3n<\/strong>\u00a0y as\u00ed contribuir a la salud de la poblaci\u00f3n\u201d, agrega.<\/p>\n<p>El equipo de estudio\u00a0<strong>ve un gran potencial en promover el consumo de este fruto en Chile:<\/strong>\u00a0\u201cEs f\u00e1cil de cultivar y resistente, pero poco producido en el pa\u00eds. Promover su cultivo y consumo podr\u00eda aportar beneficios nutricionales y funcionales\u201d, explica Moya.<\/p>\n<p>Adem\u00e1s, sobre el consumo recurrente del fruto la l\u00edder del estudio concluye:\u00a0<strong>\u201cEn general, mejorar\u00eda la calidad de vida y el estado general de los pacientes afectados\u201d.<\/strong><\/p>\n","protected":false},"excerpt":{"rendered":"Un equipo del Laboratorio de Micronutrientes del Instituto de Nutrici\u00f3n y Tecnolog\u00eda de los Alimentos (INTA) de la&hellip;\n","protected":false},"author":2,"featured_media":333625,"comment_status":"","ping_status":"","sticky":false,"template":"","format":"standard","meta":{"footnotes":""},"categories":[92],"tags":[5438,25,24,165,166,23],"class_list":{"0":"post-333624","1":"post","2":"type-post","3":"status-publish","4":"format-standard","5":"has-post-thumbnail","7":"category-salud","8":"tag-america-investiga","9":"tag-es","10":"tag-espana","11":"tag-health","12":"tag-salud","13":"tag-spain"},"share_on_mastodon":{"url":"https:\/\/pubeurope.com\/@es\/115872116579513758","error":""},"_links":{"self":[{"href":"https:\/\/www.europesays.com\/es\/wp-json\/wp\/v2\/posts\/333624","targetHints":{"allow":["GET"]}}],"collection":[{"href":"https:\/\/www.europesays.com\/es\/wp-json\/wp\/v2\/posts"}],"about":[{"href":"https:\/\/www.europesays.com\/es\/wp-json\/wp\/v2\/types\/post"}],"author":[{"embeddable":true,"href":"https:\/\/www.europesays.com\/es\/wp-json\/wp\/v2\/users\/2"}],"replies":[{"embeddable":true,"href":"https:\/\/www.europesays.com\/es\/wp-json\/wp\/v2\/comments?post=333624"}],"version-history":[{"count":0,"href":"https:\/\/www.europesays.com\/es\/wp-json\/wp\/v2\/posts\/333624\/revisions"}],"wp:featuredmedia":[{"embeddable":true,"href":"https:\/\/www.europesays.com\/es\/wp-json\/wp\/v2\/media\/333625"}],"wp:attachment":[{"href":"https:\/\/www.europesays.com\/es\/wp-json\/wp\/v2\/media?parent=333624"}],"wp:term":[{"taxonomy":"category","embeddable":true,"href":"https:\/\/www.europesays.com\/es\/wp-json\/wp\/v2\/categories?post=333624"},{"taxonomy":"post_tag","embeddable":true,"href":"https:\/\/www.europesays.com\/es\/wp-json\/wp\/v2\/tags?post=333624"}],"curies":[{"name":"wp","href":"https:\/\/api.w.org\/{rel}","templated":true}]}}