{"id":333666,"date":"2026-01-10T18:30:10","date_gmt":"2026-01-10T18:30:10","guid":{"rendered":"https:\/\/www.europesays.com\/es\/333666\/"},"modified":"2026-01-10T18:30:10","modified_gmt":"2026-01-10T18:30:10","slug":"montero-intenta-salvar-su-candidatura-y-exige-que-pidan-perdon-los-que-decian-que-traicionaria-a-andalucia","status":"publish","type":"post","link":"https:\/\/www.europesays.com\/es\/333666\/","title":{"rendered":"Montero intenta salvar su candidatura y exige \u00abque pidan perd\u00f3n\u00bb los que dec\u00edan que \u00abtraicionar\u00eda a Andaluc\u00eda\u00bb"},"content":{"rendered":"<p style=\"\">La vicepresidenta primera del Gobierno, ministra de Hacienda, secretaria general del PSOE de Andaluc\u00eda y candidata a la presidencia de la Junta, Mar\u00eda Jes\u00fas Montero, ha tratado de <strong>salvar hoy sus pocas posibilidades de ganar los pr\u00f3ximos comicios<\/strong> andaluces con una defensa ac\u00e9rrima del  &#8230; nuevo modelo de <a href=\"https:\/\/www.abc.es\/economia\/gobierno-disena-financiacion-medida-intereses-cataluna-andalucia-20260110043240-nt_amp.html\" target=\"_self\" data-voc-vtm-id=\"in-text-traffic\" title=\"financiaci\u00f3n acordado\" data-mrf-link=\"www.abc.es\" rel=\"nofollow noopener\">financiaci\u00f3n acordado<\/a> entre ella y ERC a espaldas del resto de autonom\u00edas. <\/p>\n<p class=\"voc-p\" style=\"\">Montero, sin concretar en cifras qu\u00e9 beneficio puede suponer para Andaluc\u00eda este nuevo modelo, para el que no tiene apoyos de cara a su aprobaci\u00f3n en el Congreso, ha afirmado que \u00ab<strong>el Gobierno demostr\u00f3 ayer que cree en el estado de las autonom\u00edas<\/strong> y en el estado del bienestar, que lo prestan las comunidades\u00ab.<\/p>\n<p class=\"voc-p\" style=\"\">La n\u00famero dos del Ejecutivo y del PSOE ha atacado al principal partido de la oposici\u00f3n, el PP, por su rechazo a la propuesta que ella misma detall\u00f3 de forma inconcreta este viernes, exigiendo a los &#8216;populares&#8217; \u00ablos n\u00fameros que propone para la financiaci\u00f3n auton\u00f3mica\u00bb. <strong>Acusa a los de Alberto N\u00fa\u00f1ez Feij\u00f3o de \u00abincompetencia<\/strong>, falta de iniciativa y falta de liderazgo\u00ab. Seg\u00fan la ministra \u00bbal PP le iba mucho mejor con el proc\u00e9s, parece que a\u00f1oran una etapa de conflicto entre Espa\u00f1a y el conjunto de Catalu\u00f1a, as\u00ed como de las relaciones intrafamiliares\u00ab en esta regi\u00f3n.<\/p>\n<p class=\"voc-p\" style=\"\">En el cap\u00edtulo de ataques, <strong>Montero tambi\u00e9n ha disparado contra los periodistas<\/strong> por, en su juicio, las \u00abmentiras y falsas verdades trasladadas por los medios de comunicaci\u00f3n durante estos meses sobre la cesi\u00f3n a los independentistas\u00bb. En concreto se ha referido a la utilizaci\u00f3n de los t\u00e9rminos cupo catal\u00e1n y concierto econ\u00f3mico, verbalizados por ERC en verano de 2024 cuando se hizo p\u00fablico el acuerdo, y que varios peri\u00f3dicos cercanos al PSOE llevaron tambi\u00e9n a sus portadas. <\/p>\n<p class=\"voc-p\" style=\"\">La responsable de la Hacienda p\u00fablica ha lamentado que \u00ab<strong>nos hemos tenido que tragar muchos bulos diciendo que el Gobierno traicionaba a Espa\u00f1a<\/strong> y a Andaluc\u00eda\u00ab, pese a que durante muchas semanas, cuando los de Oriol Junqueras se jactaban de ello, tampoco lo desmintieron nunca tajantemente. Fue m\u00e1s tarde, ante las cr\u00edticas internas, cuando incluso empezaron a negar la concesi\u00f3n del principio de <a href=\"https:\/\/www.abc.es\/espana\/cataluna\/junqueras-confirma-ordinalidad-solo-cumplira-cataluna-sistema-20260109115555-nt.html\" target=\"_self\" data-voc-vtm-id=\"in-text-traffic\" title=\"ordinalidad\" data-mrf-link=\"www.abc.es\" rel=\"nofollow noopener\">ordinalidad<\/a> para Catalu\u00f1a que ha acabado concediendo en el acuerdo alcanzado esta semana.<\/p>\n","protected":false},"excerpt":{"rendered":"La vicepresidenta primera del Gobierno, ministra de Hacienda, secretaria general del PSOE de Andaluc\u00eda y candidata a la&hellip;\n","protected":false},"author":2,"featured_media":333667,"comment_status":"","ping_status":"","sticky":false,"template":"","format":"standard","meta":{"footnotes":""},"categories":[5],"tags":[259,17,18,56616,39371,25,24,5820,13,14,11,29682,19,20,2466,9,10,15,16,5821,76646,15352,23,12,76647,21,22],"class_list":{"0":"post-333666","1":"post","2":"type-post","3":"status-publish","4":"format-standard","5":"has-post-thumbnail","7":"category-titulares","8":"tag-andalucia","9":"tag-breaking-news","10":"tag-breakingnews","11":"tag-candidatura","12":"tag-decian","13":"tag-es","14":"tag-espana","15":"tag-exige","16":"tag-featured-news","17":"tag-featurednews","18":"tag-headlines","19":"tag-intenta","20":"tag-latest-news","21":"tag-latestnews","22":"tag-montero","23":"tag-news","24":"tag-noticias","25":"tag-noticias-destacadas","26":"tag-noticiasdestacadas","27":"tag-perdon","28":"tag-pidan","29":"tag-salvar","30":"tag-spain","31":"tag-titulares","32":"tag-tracionaria","33":"tag-ultimas-noticias","34":"tag-ultimasnoticias"},"share_on_mastodon":{"url":"https:\/\/pubeurope.com\/@es\/115872230420420291","error":""},"_links":{"self":[{"href":"https:\/\/www.europesays.com\/es\/wp-json\/wp\/v2\/posts\/333666","targetHints":{"allow":["GET"]}}],"collection":[{"href":"https:\/\/www.europesays.com\/es\/wp-json\/wp\/v2\/posts"}],"about":[{"href":"https:\/\/www.europesays.com\/es\/wp-json\/wp\/v2\/types\/post"}],"author":[{"embeddable":true,"href":"https:\/\/www.europesays.com\/es\/wp-json\/wp\/v2\/users\/2"}],"replies":[{"embeddable":true,"href":"https:\/\/www.europesays.com\/es\/wp-json\/wp\/v2\/comments?post=333666"}],"version-history":[{"count":0,"href":"https:\/\/www.europesays.com\/es\/wp-json\/wp\/v2\/posts\/333666\/revisions"}],"wp:featuredmedia":[{"embeddable":true,"href":"https:\/\/www.europesays.com\/es\/wp-json\/wp\/v2\/media\/333667"}],"wp:attachment":[{"href":"https:\/\/www.europesays.com\/es\/wp-json\/wp\/v2\/media?parent=333666"}],"wp:term":[{"taxonomy":"category","embeddable":true,"href":"https:\/\/www.europesays.com\/es\/wp-json\/wp\/v2\/categories?post=333666"},{"taxonomy":"post_tag","embeddable":true,"href":"https:\/\/www.europesays.com\/es\/wp-json\/wp\/v2\/tags?post=333666"}],"curies":[{"name":"wp","href":"https:\/\/api.w.org\/{rel}","templated":true}]}}