{"id":333691,"date":"2026-01-10T18:50:20","date_gmt":"2026-01-10T18:50:20","guid":{"rendered":"https:\/\/www.europesays.com\/es\/333691\/"},"modified":"2026-01-10T18:50:20","modified_gmt":"2026-01-10T18:50:20","slug":"repasamos-todas-las-novedades-salon-de-bruselas-2026","status":"publish","type":"post","link":"https:\/\/www.europesays.com\/es\/333691\/","title":{"rendered":"Repasamos todas las novedades Sal\u00f3n de Bruselas 2026"},"content":{"rendered":"<p>El <strong>Sal\u00f3n de Bruselas ha abierto hoy sus puertas con un despliegue de hasta 67 marcas<\/strong> en sus instalaciones. No todas ellas han presentado novedades, aunque si tenemos <strong>una serie de modelos interesantes<\/strong> de los que ahora te hablar\u00e9. Sobre todo <strong>ha sido protagonista el grupo Stellantis<\/strong>, con alg\u00fan veh\u00edculo destacado en cada una de sus firmas. Y all\u00ed tambi\u00e9n hemos conocido all\u00ed qui\u00e9n se ha llevado <strong><a data-external=\"0\" data-intl-links-es=\"https:\/\/www.autopista.es\/noticias-motor\/mercedes-benz-cla-ganador-car-of-the-year-2026-es-mejor-coche-ano-en-europa_321359_102.html\" href=\"https:\/\/www.autopista.es\/noticias-motor\/mercedes-benz-cla-ganador-car-of-the-year-2026-es-mejor-coche-ano-en-europa_321359_102.html\" rel=\"follow nofollow noopener\" target=\"_self\" title=\"El Mercedes-Benz CLA, ganador del Car of the Year 2026: es el mejor Coche del A\u00f1o en Europa\">el galard\u00f3n del Car of the Year 2026, que ha reca\u00eddo en esta ocasi\u00f3n en el Mercedes CLA.<\/a><\/strong><\/p>\n<p>Alfa Romeo<\/p>\n<p><img loading=\"lazy\" decoding=\"async\" alt=\"Alfa Romeo Giulia Quadrifoglio Luna Rossa\" data-id=\"14754786\" data-resize=\"1\" height=\"575\" src=\"https:\/\/www.europesays.com\/es\/wp-content\/uploads\/2026\/01\/giuliaquadrifogliolunarossa_1_1000x575.jpeg\" title=\"Alfa Romeo Giulia Quadrifoglio Luna Rossa\" width=\"1000\"\/>&#13;<br \/>\nAlfa Romeo Giulia Quadrifoglio Luna Rossa&#13;<\/p>\n<p>Sin duda en <strong>Alfa Romeo han querido impresionar en la cita belga<\/strong>. All\u00ed se han presentado con la edici\u00f3n limitada (solo se fabricar\u00e1n 10 unidades) <strong>Guilia Quadrifoglio Luna Rossa<\/strong>, fruto de la colaboraci\u00f3n con el equipo de vela. Lo que m\u00e1s llaman la atenci\u00f3n de la berlina es su nuevo kit aerodin\u00e1mico que afecta a zonas como el paragolpes delantero, un par de perfiles en la parte inferior de la carrocer\u00eda, los faldones laterales y culminado con un espectacular aler\u00f3n trasero. La pintura iridiscente recuerda al casco de la Luna Rossa, mientras que en el interior aparecen unos asientos Sparco tapizados con con texturas y gr\u00e1ficos inspirados en los Dispositivos Personales de Flotaci\u00f3n (PFD) usados por la tripulaci\u00f3n del barco. Incluso en el salpicadero se us\u00f3 material original de sus velas. El motor sigue siendo el twin-turbo 2.9 V6 de 520 CV. A este modelo tan singular le acompa\u00f1an <strong><a data-external=\"0\" data-intl-links-es=\"https:\/\/www.autopista.es\/novedades-coches\/este-suv-cambio-historia-moderna-alfa-romeo-ahora-se-actualiza-es-nuevo-tonale_317617_102.html\" href=\"https:\/\/www.autopista.es\/novedades-coches\/este-suv-cambio-historia-moderna-alfa-romeo-ahora-se-actualiza-es-nuevo-tonale_317617_102.html\" rel=\"follow nofollow noopener\" target=\"_self\" title=\"Este SUV cambi\u00f3 la historia moderna de Alfa Romeo y ahora se actualiza: as\u00ed es el nuevo Tonale\">el nuevo Tonale<\/a><\/strong>, otra edici\u00f3n limitada <strong>Stelvio Quadrifoglio Collezione<\/strong> y el nuevo <strong>Junior Sport Speciale<\/strong>.<\/p>\n<p>DS<\/p>\n<p><img loading=\"lazy\" decoding=\"async\" alt=\"DS Concept N\u00b04\u00a0Taylor Made\" data-id=\"14754851\" data-resize=\"1\" height=\"575\" src=\"https:\/\/www.europesays.com\/es\/wp-content\/uploads\/2026\/01\/taylormaden4concept-kv006-6960c6d165bf5_1_1000x575.jpeg\" title=\"DS Concept N\u00b04\u00a0Taylor Made\" width=\"1000\"\/>&#13;<br \/>\nDS Concept N\u00b04\u00a0Taylor Made&#13;<\/p>\n<p>No menos <strong>sorprendente es la creaci\u00f3n de DS<\/strong>. La firma premium francesa ha realizado un ejercicio de dise\u00f1o en el que se han visto involucrados el <strong>DS DESIGN STUDIO<\/strong> junto con las recomendaciones del piloto de su equipo de F\u00f3rmula E, <strong>Taylor Barnard<\/strong>. De esta manera nace el <strong>\u201cConcept N\u00b04\u00a0Taylor Made\u201d<\/strong> basado en <strong><a data-external=\"1\" href=\"https:\/\/www.autopista.es\/novedades-coches\/ds-pasa-contrataque-lanzando-dos-nuevos-modelos-entrar-en-nueva-era-mas-sofisticacion_310254_102.html\" rel=\"nofollow noopener\" target=\"_blank\" title=\"el compacto de calle\">el compacto de calle<\/a><\/strong>, pero en el que se ha utilizado mucho titanio en la pintura, en las zonas aerodin\u00e1micas, techo y aler\u00f3n. El n\u00famero 77 del brit\u00e1nico aparece tambi\u00e9n sutilmente en el cap\u00f3. Y compartiendo stand los visitantes encontrar\u00e1n tambi\u00e9n a los <strong>DS 3 y N\u00ba4 Performance.<\/strong><\/p>\n<p>Fiat<\/p>\n<p><img loading=\"lazy\" decoding=\"async\" alt=\"Fiat Qubo L\" data-id=\"14754890\" data-resize=\"1\" height=\"575\" src=\"https:\/\/www.europesays.com\/es\/wp-content\/uploads\/2026\/01\/fiatqubol-2_1_1000x575.jpeg\" title=\"Fiat Qubo L\" width=\"1000\"\/>&#13;<br \/>\nFiat Qubo L&#13;<\/p>\n<p>Curioso el movimiento que ha realizado Fiat. Hasta ahora vend\u00eda un derivado de comercial bajo <strong><a data-external=\"1\" href=\"https:\/\/www.autopista.es\/novedades-coches\/fiat-doble-e-doblo-2023-son-nuevas-furgonetas-se-fabricaran-en-espana_258281_102.html\" rel=\"nofollow noopener\" target=\"_blank\" title=\"el nombre Dobl\u00f2\">el nombre Dobl\u00f2<\/a><\/strong> <strong>que ha sido presentado en Bruselas ahora como Qubo L<\/strong>, recuperando una denominaci\u00f3n que <strong><a data-external=\"1\" href=\"https:\/\/www.autopista.es\/transporte-mundial\/fiat-qubo-2017-nuevo-diseno-y-mas-equipamiento_144400_102.html\" rel=\"nofollow noopener\" target=\"_blank\" title=\"uso hace tiempo\">uso hace tiempo<\/a><\/strong>. El coche en s\u00ed es el mismo, disponi\u00e9ndose con dos carrocer\u00edas de 5 plazas (4,40 metros de largo) o 7 plazas (4,75 metros). En los motores se mantienen los di\u00e9sel de 100 o 130 CV, el el\u00e9ctrico de 100 kW (136 CV), as\u00ed como el gasolina de 110 CV. Pronto llegar\u00e1 a los concesionarios.<\/p>\n<p><img loading=\"lazy\" decoding=\"async\" alt=\"Fiat Tris\" data-id=\"14754968\" data-resize=\"1\" height=\"575\" src=\"https:\/\/www.europesays.com\/es\/wp-content\/uploads\/2026\/01\/stellantisproonebms20267_1_1000x575.jpeg\" title=\"Fiat Tris\" width=\"1000\"\/>&#13;<br \/>\nFiat Tris&#13;<\/p>\n<p>Junto al Qubo L, y tambi\u00e9n dentro de la gama Professional de la marca italiana, <strong>estar\u00e1 el Tris<\/strong>. Este es un pick-up el\u00e9ctrico de tan solo 3,17 metros de largo destinado al reparto de \u00faltima milla. Disponible con varias configuraciones (chasis-cabina, plataforma plana y pick-up) cuenta con un motor de 9 kW (12 CV) y 45 Nm de par, as\u00ed como una bater\u00eda de 6,9 kWh que le han permitido homologar 90 kil\u00f3metros de autonom\u00eda. Ya lanzado en Marruecos, pronto estar\u00e1 disponible en Europa.<\/p>\n<p>Hyundai<\/p>\n<p><img loading=\"lazy\" decoding=\"async\" alt=\"Hyundai Staria el\u00e9ctrico\" data-id=\"14754992\" data-resize=\"1\" height=\"575\" src=\"https:\/\/www.europesays.com\/es\/wp-content\/uploads\/2026\/01\/staria-electric-key-visual-01_1_1000x575.jpeg\" title=\"Hyundai Staria el\u00e9ctrico\" width=\"1000\"\/>&#13;<br \/>\nHyundai Staria el\u00e9ctrico&#13;<\/p>\n<p>Tras las primeras im\u00e1genes de adelanto que nos proporcion\u00f3 Hyundai muchos aventuraban que se tratar\u00eda de un nuevo SUV. Finalmente se trata de la <strong>variante el\u00e9ctrica del Staria<\/strong>, <strong><a data-external=\"0\" data-intl-links-es=\"https:\/\/www.autopista.es\/novedades-coches\/hyundai-staria-2021-es-nuevo-rival-mercedes-clase-vito_231819_102.html\" href=\"https:\/\/www.autopista.es\/novedades-coches\/hyundai-staria-2021-es-nuevo-rival-mercedes-clase-vito_231819_102.html\" rel=\"follow nofollow noopener\" target=\"_self\" title=\"Hyundai Staria 2021: as\u00ed es el nuevo rival para los Mercedes Clase V y Vito\">el monovolumen de grandes dimensiones de los coreanos<\/a><\/strong>. Disponible en versiones <strong>Luxury con 7 plazas o Wagon con 9 asientos<\/strong>, cuenta con peque\u00f1os retoques est\u00e9ticos que lo diferencian. Para moverse utiliza un <strong>motor de 160 kW (218 CV)<\/strong> y gracias a su bater\u00eda de 84 kWh de capacidad ha homologado una <strong>autonom\u00eda de 400 kil\u00f3metros<\/strong>. Como utiliza una arquitectura de 800 voltios, luego puede rellenarla del 10 al 80% en 20 minutos.<\/p>\n<p>Jeep<\/p>\n<p><img loading=\"lazy\" decoding=\"async\" alt=\"Jeep Avenger Black Edition\" data-id=\"14755031\" data-resize=\"1\" height=\"575\" src=\"https:\/\/www.europesays.com\/es\/wp-content\/uploads\/2026\/01\/avengerblackedition_1_1000x575.jpeg\" title=\"Jeep Avenger Black Edition\" width=\"1000\"\/>&#13;<br \/>\nJeep Avenger Black Edition&#13;<\/p>\n<p>En Jeep no tienen novedades de modelos como tal ni tampoco ning\u00fan prototipo, por lo que el gran protagonismo se lo lleva <strong>el Avenger Black Edition<\/strong>. Basado en su <strong>acabado Altitude<\/strong> se a\u00f1aden elementos en el citado color en llantas o el bisel de la consola central, as\u00ed como tecnolog\u00eda como el Selec-Terrain con seis modos de conducci\u00f3n y un panel de instrumentos digital de 10.25&#8243;. Ya est\u00e1 disponible para pedidos. Junto a \u00e9l lucir\u00e1n la gama del <strong><a data-external=\"0\" data-intl-links-es=\"https:\/\/www.autopista.es\/pruebas-de-coches\/conducimos-jeep-compass-2026-mas-grande-mas-potente-listo-cualquier-terreno_319390_102.html\" href=\"https:\/\/www.autopista.es\/pruebas-de-coches\/conducimos-jeep-compass-2026-mas-grande-mas-potente-listo-cualquier-terreno_319390_102.html\" rel=\"follow nofollow noopener\" target=\"_self\" title=\"Conducimos el Jeep Compass 2026: \u00a1m\u00e1s grande, m\u00e1s potente y listo para cualquier terreno!\">\u00faltimo Compass<\/a><\/strong>, as\u00ed como <strong><a data-external=\"0\" data-intl-links-es=\"https:\/\/www.autopista.es\/novedades-coches\/novedades-jeep-suv-electricos-es-distinguido-wagoneer-anuncia-otro-por-debajo-25000_294652_102.html\" href=\"https:\/\/www.autopista.es\/novedades-coches\/novedades-jeep-suv-electricos-es-distinguido-wagoneer-anuncia-otro-por-debajo-25000_294652_102.html\" rel=\"follow nofollow noopener\" target=\"_self\" title=\"Novedades de Jeep en SUV el\u00e9ctricos: as\u00ed es el distinguido Wagoneer S y anuncia otro bajo 25.000 \u20ac\">el Wagoneer S<\/a><\/strong>, que ahora parece que ya llega a Europa.<\/p>\n<p>Kia<\/p>\n<p><img loading=\"lazy\" decoding=\"async\" alt=\"Kia EV2\" data-id=\"14755083\" data-resize=\"1\" height=\"575\" src=\"https:\/\/www.europesays.com\/es\/wp-content\/uploads\/2026\/01\/kia-ev2-gtline-ivory-silver-matt-motorshow-static-digital-1920x1080-002_1_1000x575.jpeg\" title=\"Kia EV2\" width=\"1000\"\/>&#13;<br \/>\nKia EV2&#13;<\/p>\n<p>Pr\u00e1cticamente un a\u00f1o despu\u00e9s de <strong><a data-external=\"0\" data-intl-links-es=\"https:\/\/www.autopista.es\/novedades-coches\/puede-ser-pronto-suv-mas-vendidos-mercado-se-presenta-nuevo-kia-ev2_306629_102.html\" href=\"https:\/\/www.autopista.es\/novedades-coches\/puede-ser-pronto-suv-mas-vendidos-mercado-se-presenta-nuevo-kia-ev2_306629_102.html\" rel=\"follow nofollow noopener\" target=\"_self\" title=\"Puede ser pronto uno de los SUV m\u00e1s vendidos del mercado y as\u00ed se presenta el nuevo Kia EV2\">haberse presentado como prototipo<\/a><\/strong>, ya tenemos aqu\u00ed la <strong>versi\u00f3n definitiva del EV2<\/strong>. Se trata de un <strong>nuevo SUV el\u00e9ctrico de 4,06 metros <\/strong>que quedar\u00e1 por debajo <strong><a data-external=\"0\" data-intl-links-es=\"https:\/\/www.autopista.es\/pruebas-de-coches\/probamos-suv-electrico-todo-kia-ev3-sorprendentemente-versatil-practico-eficiente_318635_102.html\" href=\"https:\/\/www.autopista.es\/pruebas-de-coches\/probamos-suv-electrico-todo-kia-ev3-sorprendentemente-versatil-practico-eficiente_318635_102.html\" rel=\"follow nofollow noopener\" target=\"_self\" title=\"Probamos el SUV el\u00e9ctrico para todo, un Kia EV3 sorprendentemente vers\u00e1til, pr\u00e1ctico y eficiente\">del EV3<\/a><\/strong>, por tanto m\u00e1s econ\u00f3mico, y que adapta a su manera el \u00faltimo lenguaje de dise\u00f1o de la firma coreana. Contar\u00e1 con dos opciones de bater\u00eda, 42,2 kWh y 61,0 kWh que le proporcionan <strong>autonom\u00edas de 317 y 440 km<\/strong>, respectivamente. Lo que no sabemos todav\u00eda es cu\u00e1nta potencia tendr\u00e1 el motor que lo mueva.<\/p>\n<p>Leapmotor<\/p>\n<p><img loading=\"lazy\" decoding=\"async\" alt=\"Leapmotor B10 REEV\" data-id=\"14755224\" data-resize=\"1\" height=\"575\" src=\"https:\/\/www.europesays.com\/es\/wp-content\/uploads\/2026\/01\/leap-motor2_1_1000x575.png\" title=\"Leapmotor B10 REEV\" width=\"1000\"\/>&#13;<br \/>\nLeapmotor B10 REEV&#13;<\/p>\n<p>Teniendo en cuenta que <strong><a data-external=\"1\" href=\"https:\/\/www.autopista.es\/novedades-coches\/este-es-coche-con-leapmotor-quiere-despegar-en-ventas-b03x-suv-rival-kia-ev3_319363_102.html\" rel=\"nofollow noopener\" target=\"_blank\" title=\"al B03X ya le conoc\u00edamos\">al B03X ya le conoc\u00edamos<\/a><\/strong>, aunque presentado como A10 en su pa\u00eds natal, la gran novedad en Bruselas de Leapmotor era la <strong>nueva variante que le llega al B10<\/strong>. El SUV fue <strong><a data-external=\"1\" href=\"https:\/\/www.autopista.es\/pruebas-de-coches\/leapmotor-b10-primeras-impresiones-nuevo-suv-compacto-muy-barato-y-tambien-recomendable_318184_102.html\" rel=\"nofollow noopener\" target=\"_blank\" title=\"presentado inicialmente como el\u00e9ctrico 100%\">presentado inicialmente como el\u00e9ctrico 100%<\/a><\/strong> y ahora contar\u00e1 con <strong>otra opci\u00f3n denominada\u00a0Hybrid EV<\/strong>, como sucede en <strong><a data-external=\"1\" href=\"https:\/\/www.autopista.es\/novedades-coches\/este-nuevo-suv-hibrido-promete-autonomia-casi-1000-km-con-precio-mas-bajo-su-categoria_304236_102.html\" rel=\"nofollow noopener\" target=\"_blank\" title=\"el m\u00e1s grande C10\">el m\u00e1s grande C10<\/a><\/strong>, que es un el\u00e9ctrico de autonom\u00eda extendida. Con un <strong>precio de partida de 29.900 euros<\/strong> (veremos si lo mantienen en Espa\u00f1a) su unidad de potencia le permite disfrutar de una <strong>autonom\u00eda combinada de 900 kil\u00f3metros.<\/strong> Y como otra peque\u00f1a p\u00edldora, tambi\u00e9n se ha desvelado <strong><a data-external=\"0\" data-intl-links-es=\"https:\/\/www.autopista.es\/novedades-coches\/leapmotor-presenta-su-nuevo-compacto-b05-lanza-suv-electrico-b10-por-19900-euros_315720_102.html\" href=\"https:\/\/www.autopista.es\/novedades-coches\/leapmotor-presenta-su-nuevo-compacto-b05-lanza-suv-electrico-b10-por-19900-euros_315720_102.html\" rel=\"follow nofollow noopener\" target=\"_self\" title=\"Leapmotor presenta su nuevo compacto B05 y lanza el SUV el\u00e9ctrico B10 por solo 19.900 euros\">el interior del B05<\/a><\/strong>, el compacto de la marca asi\u00e1tica, que llegar\u00e1 con una pantalla multimedia de 14,6 pulgadas con el sistema operativo Leap OS 4.0 Plus, asientos delanteros calefactados tapizados con cuero vegano, iluminaci\u00f3n ambiental y lo que han denominado como una \u201cclaraboya panor\u00e1mica\u201d, lo que viene a ser un techo panor\u00e1mico, del que aseguran que es el m\u00e1s grande de su clase.<\/p>\n<p>Mazda<\/p>\n<p><img loading=\"lazy\" decoding=\"async\" alt=\"Mazda CX-6e\" data-id=\"14755250\" data-resize=\"1\" height=\"575\" src=\"https:\/\/www.europesays.com\/es\/wp-content\/uploads\/2026\/01\/mazda-cx-6e-germany-nv-still-04_1_1000x575.jpeg\" title=\"Mazda CX-6e\" width=\"1000\"\/>&#13;<br \/>\nMazda CX-6e&#13;<\/p>\n<p>Aunque <strong><a data-external=\"1\" href=\"https:\/\/www.autopista.es\/novedades-coches\/primeras-imagenes-mazda-ez-60-nuevo-suv-electrico-va-directo-ya-por-tesla-model_308709_102.html\" rel=\"nofollow noopener\" target=\"_blank\" title=\"ya os hab\u00edamos hablado como previa de \u00e9l\">ya os hab\u00edamos hablado como previa de \u00e9l<\/a><\/strong>, ha sido en la cita belga en donde <strong>se ha presentado oficialmente el nuevo SUV el\u00e9ctrico de Mazda, el CX-6e<\/strong>. Por ahora se ofrecer\u00e1 con una sola variante de propulsi\u00f3n trasera con un motor de <strong>190 kW (258 CV) y 290 Nm de par<\/strong>, asociado a una bater\u00eda de 78 kWh que le permitir\u00e1<strong> homologar 484 kil\u00f3metros de autonom\u00eda.<\/strong> Esta se puede cargar a un m\u00e1ximo de 195 kW para pasar del 10 al 80% en apenas 24 minutos. Y en el interior sorprende, para lo que es la marca, la gran pantalla de 26 pulgadas, que estar\u00e1 acompa\u00f1ad de un Heap-up Display. Estar\u00e1 <strong>disponible en los primeros meses del verano.<\/strong><\/p>\n<p>Opel<\/p>\n<p><img loading=\"lazy\" decoding=\"async\" alt=\"Opel Astra 2026\" data-id=\"14690564\" data-resize=\"1\" height=\"575\" src=\"https:\/\/www.europesays.com\/es\/wp-content\/uploads\/2026\/01\/newopelastra-1_1_1000x575.jpeg\" title=\"Opel Astra 2026\" width=\"1000\"\/>&#13;<br \/>\nOpel Astra 2026&#13;<\/p>\n<p>Novedad de importancia para <strong>Opel pues presentaban la renovaci\u00f3n del Astra. <a href=\"https:\/\/www.autopista.es\/novedades-coches\/primeras-imagenes-oficiales-nuevo-opel-astra-compacto-quiere-volver-ser-lider_320219_102.html\" rel=\"nofollow noopener\" target=\"_blank\">El compacto cambia ligeramente su dise\u00f1o<\/a><\/strong>, bastante evidente en su frontal, incorporando de paso elementos m\u00e1s tecnol\u00f3gicos como el sistema de iluminaci\u00f3n IntelliLux HD, mientras que el interior se mantiene igual. Sin confirmar todav\u00eda sus motores, desde la marca nos comentaron que mantendr\u00e1 un <strong>\u201ceficiente motor de combusti\u00f3n hasta el h\u00edbrido de 48 voltios, el h\u00edbrido enchufable y la versi\u00f3n totalmente el\u00e9ctrica\u201d<\/strong>. Esta \u00faltima ahora llegar\u00e1 a los 454 km de autonom\u00eda.<\/p>\n<p>Peugeot<\/p>\n<p><img loading=\"lazy\" decoding=\"async\" alt=\"Peugeot 408 2026\" data-id=\"14755289\" data-resize=\"1\" height=\"575\" src=\"https:\/\/www.europesays.com\/es\/wp-content\/uploads\/2026\/01\/peugeot-408-2601styp-240-fr_1_1000x575.jpeg\" title=\"Peugeot 408 2026\" width=\"1000\"\/>&#13;<br \/>\nPeugeot 408 2026&#13;<\/p>\n<p><strong>Otra de las grandes estrellas de este Sal\u00f3n de Bruselas es el nuevo Peugeot 408<\/strong>. El crossover <strong>presenta su primera renovaci\u00f3n<\/strong> desde que fue lanzado como nuevo modelo de la gama del fabricante galo y la verdad que ha marcado bastante la distancia <strong><a data-external=\"0\" data-intl-links-es=\"https:\/\/www.autopista.es\/pruebas-de-coches\/probamos-suv-con-etiqueta-eco-mas-completos-nuevo-peugeot-408-12-hybrid_304059_102.html\" href=\"https:\/\/www.autopista.es\/pruebas-de-coches\/probamos-suv-con-etiqueta-eco-mas-completos-nuevo-peugeot-408-12-hybrid_304059_102.html\" rel=\"follow nofollow noopener\" target=\"_self\" title=\"Probamos uno de los SUV con etiqueta ECO m\u00e1s completos, el nuevo Peugeot 408 1.2 Hybrid\">sobre su predecesor<\/a><\/strong> (es el primero de la marca con las letras traseras iluminadas). De cara al interior estrena nuevo panel de instrumentaci\u00f3n y una iluminaci\u00f3n ambiental personalizable. <strong>Sus motores son los E-408 de 157 kW (213 CV) y autonom\u00eda de 456 km, el Plug-in Hybrid de 240 CV y autonom\u00eda urbana de 85 kil\u00f3metros y el Hybrid de 145 CV.<\/strong><\/p>\n<p>Xpeng<\/p>\n<p><img loading=\"lazy\" decoding=\"async\" alt=\" Xpeng P7+\" data-id=\"14754190\" data-resize=\"1\" height=\"575\" src=\"https:\/\/www.europesays.com\/es\/wp-content\/uploads\/2026\/01\/ydray-exterior-p7_1_1000x575.jpeg\" title=\" Xpeng P7+\" width=\"1000\"\/>&#13;<br \/>\nXpeng P7+&#13;<\/p>\n<p>La marca china <strong><a data-external=\"1\" href=\"https:\/\/www.autopista.es\/novedades-coches\/nueva-berlina-china-quiere-ser-alternativa-bmw-mercedes-llega-xpeng-p7_321354_102.html\" rel=\"nofollow noopener\" target=\"_blank\" title=\"ha presentado el P7+\">ha presentado el P7+<\/a><\/strong>, una nueva berlina <strong><a data-external=\"1\" href=\"https:\/\/www.autopista.es\/xpeng-p7-probamos-nueva-berlina-electrica_69605_113\/11676606.html\" rel=\"nofollow noopener\" target=\"_blank\" title=\"m\u00e1s grande que el P7\">m\u00e1s grande que el P7<\/a><\/strong> que ya se comercializaba aqu\u00ed pues <strong>llega hasta los 5,07 metros.<\/strong> Fabricada en la planta austriaca de Graz, cuenta con dos niveles de potencia, con propulsi\u00f3n trasera, as\u00ed como un tercer con tracci\u00f3n total y doble motor. Utiliza una red de 800 voltios con los que puede cargar hasta un m\u00e1ximo de 446 kW, aunque sus bater\u00edas no son muy grandes pues se quedan en 61,7 y 74,9 kWh. <strong>Se le espera para el mes de abril con un precio de 46.600 euros (en Alemania).<\/strong><\/p>\n<p>Zeekr<\/p>\n<p><img loading=\"lazy\" decoding=\"async\" alt=\"Zeekr 7GT\" data-id=\"14755341\" data-resize=\"1\" height=\"575\" src=\"https:\/\/www.europesays.com\/es\/wp-content\/uploads\/2026\/01\/1765804804-cc1e-ext-3qf-mysticlillac-rimb-longrange_1_1000x575.jpeg\" title=\"Zeekr 7GT\" width=\"1000\"\/>&#13;<br \/>\nZeekr 7GT&#13;<\/p>\n<p>Cerramos este especial con una propuesta de lo m\u00e1s sugerente y del que prometen que est\u00e1 destinado para las personas que les gusta conducir. Se trata del<strong> 7GT, de la firma Zeekr <\/strong>una especie de <strong>coche familiar con un tama\u00f1o de 4,81 metros de largo<\/strong>. De naturaleza el\u00e9ctrica, cuenta con arquitectura de 800 V y una bater\u00eda de 75 kWh. Por dentro, como es de esperar, gran pantalla de 13 pulgadas, as\u00ed como un Head-up Display de 35,5 pulgadas. <strong>Ya ha sido lanzado en algunos pa\u00edses europeos con un precio inicial de 45.990 euros.<\/strong><\/p>\n<p>\u00a0<\/p>\n","protected":false},"excerpt":{"rendered":"El Sal\u00f3n de Bruselas ha abierto hoy sus puertas con un despliegue de hasta 67 marcas en sus&hellip;\n","protected":false},"author":2,"featured_media":333692,"comment_status":"","ping_status":"","sticky":false,"template":"","format":"standard","meta":{"footnotes":""},"categories":[80],"tags":[82,95,94,25,24,23],"class_list":{"0":"post-333691","1":"post","2":"type-post","3":"status-publish","4":"format-standard","5":"has-post-thumbnail","7":"category-economia","8":"tag-business","9":"tag-economia","10":"tag-economy","11":"tag-es","12":"tag-espana","13":"tag-spain"},"share_on_mastodon":{"url":"https:\/\/pubeurope.com\/@es\/115872309427946255","error":""},"_links":{"self":[{"href":"https:\/\/www.europesays.com\/es\/wp-json\/wp\/v2\/posts\/333691","targetHints":{"allow":["GET"]}}],"collection":[{"href":"https:\/\/www.europesays.com\/es\/wp-json\/wp\/v2\/posts"}],"about":[{"href":"https:\/\/www.europesays.com\/es\/wp-json\/wp\/v2\/types\/post"}],"author":[{"embeddable":true,"href":"https:\/\/www.europesays.com\/es\/wp-json\/wp\/v2\/users\/2"}],"replies":[{"embeddable":true,"href":"https:\/\/www.europesays.com\/es\/wp-json\/wp\/v2\/comments?post=333691"}],"version-history":[{"count":0,"href":"https:\/\/www.europesays.com\/es\/wp-json\/wp\/v2\/posts\/333691\/revisions"}],"wp:featuredmedia":[{"embeddable":true,"href":"https:\/\/www.europesays.com\/es\/wp-json\/wp\/v2\/media\/333692"}],"wp:attachment":[{"href":"https:\/\/www.europesays.com\/es\/wp-json\/wp\/v2\/media?parent=333691"}],"wp:term":[{"taxonomy":"category","embeddable":true,"href":"https:\/\/www.europesays.com\/es\/wp-json\/wp\/v2\/categories?post=333691"},{"taxonomy":"post_tag","embeddable":true,"href":"https:\/\/www.europesays.com\/es\/wp-json\/wp\/v2\/tags?post=333691"}],"curies":[{"name":"wp","href":"https:\/\/api.w.org\/{rel}","templated":true}]}}