{"id":333706,"date":"2026-01-10T19:04:15","date_gmt":"2026-01-10T19:04:15","guid":{"rendered":"https:\/\/www.europesays.com\/es\/333706\/"},"modified":"2026-01-10T19:04:15","modified_gmt":"2026-01-10T19:04:15","slug":"estas-son-las-cuatro-fotografias-premiadas-del-primer-concurso-sobre-el-patrimonio-de-marchena","status":"publish","type":"post","link":"https:\/\/www.europesays.com\/es\/333706\/","title":{"rendered":"Estas son las cuatro fotograf\u00edas premiadas del primer concurso sobre el patrimonio de Marchena"},"content":{"rendered":"<p data-start=\"717\" data-end=\"1115\">El instituto \u2018L\u00f3pez de Arenas\u2019 ha puesto en marcha el Concurso Fotogr\u00e1fico sobre el Patrimonio de Marchena, una iniciativa incluida dentro del m\u00f3dulo de Proyecto intermodular \u2018Marchena Viva\u2019 y dirigida al alumnado del centro. El certamen nace con el objetivo de fomentar el conocimiento, la valoraci\u00f3n y la difusi\u00f3n del patrimonio hist\u00f3rico local a trav\u00e9s de la creatividad y la expresi\u00f3n visual.<\/p>\n<p><a target=\"_blank\" href=\"https:\/\/www.diarioavanza.es\/ads\/20250526184223005579\" rel=\"nofollow noopener\"> <img loading=\"lazy\" decoding=\"async\" src=\"https:\/\/www.europesays.com\/es\/wp-content\/uploads\/2026\/01\/2025052707573626946.jpg\" alt=\"Publicidad 5579\" width=\"728\" height=\"150\" class=\"lazyload\" \/> <\/a><\/p>\n<p data-start=\"1117\" data-end=\"1161\"><strong data-start=\"1117\" data-end=\"1161\">Una mirada art\u00edstica al patrimonio local<\/strong><\/p>\n<p data-start=\"1163\" data-end=\"1544\">El concurso ha invitado a los estudiantes a captar con sus c\u00e1maras distintos elementos representativos de Marchena, desde monumentos y arquitectura hasta calles, tradiciones o peque\u00f1os detalles art\u00edsticos del municipio. La propuesta ha servido para que el alumnado observe su entorno m\u00e1s cercano con una mirada distinta y m\u00e1s consciente del valor hist\u00f3rico y cultural que lo rodea.<\/p>\n<p><a target=\"_blank\" href=\"https:\/\/www.diarioavanza.es\/ads\/20250527082040005597\" rel=\"nofollow noopener\"> <img loading=\"lazy\" decoding=\"async\" src=\"https:\/\/www.europesays.com\/es\/wp-content\/uploads\/2026\/01\/2025052708194361136.jpg\" alt=\"Publicidad 5597\" width=\"728\" height=\"150\" class=\"lazyload\" \/> <\/a><\/p>\n<p data-start=\"1546\" data-end=\"1700\">La tem\u00e1tica ha girado en torno al patrimonio en su sentido m\u00e1s amplio, permitiendo una gran variedad de enfoques y estilos en las fotograf\u00edas presentadas.<\/p>\n<p data-start=\"1702\" data-end=\"1727\"><strong data-start=\"1702\" data-end=\"1727\">Los alumnos premiados<\/strong><\/p>\n<p><a target=\"_blank\" href=\"https:\/\/www.diarioavanza.es\/ads\/20250527081501005595\" rel=\"nofollow noopener\"> <img loading=\"lazy\" decoding=\"async\" src=\"https:\/\/www.europesays.com\/es\/wp-content\/uploads\/2026\/01\/2025052708112813644.jpg\" alt=\"Publicidad 5595\" width=\"728\" height=\"150\" class=\"lazyload\" \/> <\/a><\/p>\n<p data-start=\"1729\" data-end=\"2165\">El jurado ha reconocido el trabajo de cuatro estudiantes del centro. Los premiados han sido Mar\u00eda Carmona Montero, de segundo de Grado Superior de Administraci\u00f3n y Finanzas; Jos\u00e9 Manuel Vega Balboa, de segundo de Grado Medio de Gesti\u00f3n Administrativa; \u00c1lvaro David Alcedo Pedrosa, de segundo curso de Grado B\u00e1sico de Servicios Administrativos; y Aitana Reina Reina, tambi\u00e9n de segundo curso de Grado B\u00e1sico de Servicios Administrativos.<\/p>\n<p><img loading=\"lazy\" decoding=\"async\" width=\"960\" height=\"1280\" alt=\"\" src=\"https:\/\/www.europesays.com\/es\/wp-content\/uploads\/2026\/01\/2026011011285894263.jpg\" class=\"lazyload\"\/><\/p>\n<p><img loading=\"lazy\" decoding=\"async\" width=\"960\" height=\"1280\" alt=\"\" src=\"https:\/\/www.europesays.com\/es\/wp-content\/uploads\/2026\/01\/2026011011285916407.jpg\" class=\"lazyload\"\/><\/p>\n<p><img loading=\"lazy\" decoding=\"async\" width=\"590\" height=\"1280\" alt=\"\" src=\"https:\/\/www.europesays.com\/es\/wp-content\/uploads\/2026\/01\/2026011011285935610.jpg\" class=\"lazyload\"\/><\/p>\n<p><img loading=\"lazy\" decoding=\"async\" width=\"720\" height=\"1280\" alt=\"\" src=\"https:\/\/www.europesays.com\/es\/wp-content\/uploads\/2026\/01\/2026011011285950723.jpg\" class=\"lazyload\"\/><\/p>\n<p><a target=\"_blank\" href=\"https:\/\/www.diarioavanza.es\/ads\/20250707162131007083\" rel=\"nofollow noopener\"> <img loading=\"lazy\" decoding=\"async\" src=\"https:\/\/www.europesays.com\/es\/wp-content\/uploads\/2026\/01\/2025070807352744322.gif\" alt=\"Publicidad 7083\" width=\"728\" height=\"150\" class=\"lazyload\" \/> <\/a><a target=\"_blank\" href=\"https:\/\/www.diarioavanza.es\/ads\/20250702191241006981\" rel=\"nofollow noopener\"> <img loading=\"lazy\" decoding=\"async\" src=\"https:\/\/www.europesays.com\/es\/wp-content\/uploads\/2026\/01\/2025070219114758008.jpg\" alt=\"Publicidad 6981\" width=\"300\" height=\"250\" class=\"lazyload\" \/> <\/a><\/p>\n","protected":false},"excerpt":{"rendered":"El instituto \u2018L\u00f3pez de Arenas\u2019 ha puesto en marcha el Concurso Fotogr\u00e1fico sobre el Patrimonio de Marchena, una&hellip;\n","protected":false},"author":2,"featured_media":333707,"comment_status":"","ping_status":"","sticky":false,"template":"","format":"standard","meta":{"footnotes":""},"categories":[173],"tags":[229,233,231,230,232,234,146,147,25,24,76652,23],"class_list":{"0":"post-333706","1":"post","2":"type-post","3":"status-publish","4":"format-standard","5":"has-post-thumbnail","7":"category-arte-y-diseno","8":"tag-arte","9":"tag-arte-y-diseno","10":"tag-arts","11":"tag-arts-and-design","12":"tag-design","13":"tag-diseno","14":"tag-entertainment","15":"tag-entretenimiento","16":"tag-es","17":"tag-espana","18":"tag-instituto-lopez-arenas","19":"tag-spain"},"share_on_mastodon":{"url":"https:\/\/pubeurope.com\/@es\/115872364498240407","error":""},"_links":{"self":[{"href":"https:\/\/www.europesays.com\/es\/wp-json\/wp\/v2\/posts\/333706","targetHints":{"allow":["GET"]}}],"collection":[{"href":"https:\/\/www.europesays.com\/es\/wp-json\/wp\/v2\/posts"}],"about":[{"href":"https:\/\/www.europesays.com\/es\/wp-json\/wp\/v2\/types\/post"}],"author":[{"embeddable":true,"href":"https:\/\/www.europesays.com\/es\/wp-json\/wp\/v2\/users\/2"}],"replies":[{"embeddable":true,"href":"https:\/\/www.europesays.com\/es\/wp-json\/wp\/v2\/comments?post=333706"}],"version-history":[{"count":0,"href":"https:\/\/www.europesays.com\/es\/wp-json\/wp\/v2\/posts\/333706\/revisions"}],"wp:featuredmedia":[{"embeddable":true,"href":"https:\/\/www.europesays.com\/es\/wp-json\/wp\/v2\/media\/333707"}],"wp:attachment":[{"href":"https:\/\/www.europesays.com\/es\/wp-json\/wp\/v2\/media?parent=333706"}],"wp:term":[{"taxonomy":"category","embeddable":true,"href":"https:\/\/www.europesays.com\/es\/wp-json\/wp\/v2\/categories?post=333706"},{"taxonomy":"post_tag","embeddable":true,"href":"https:\/\/www.europesays.com\/es\/wp-json\/wp\/v2\/tags?post=333706"}],"curies":[{"name":"wp","href":"https:\/\/api.w.org\/{rel}","templated":true}]}}